{"id":27575,"date":"2025-03-16T21:41:26","date_gmt":"2025-03-16T20:41:26","guid":{"rendered":"https:\/\/christusnews.de\/site\/schon-was-vor-in-den-osterferienin-genau-einem-monat-startet-unsere-ferienaktion-fuer-kinder-zwei-kreative-nachmittage-in-der-karwoche-und-dann-ein-buntes-osterfest-mit-klein-und-gross-dein-platz\/"},"modified":"2025-03-16T22:17:20","modified_gmt":"2025-03-16T21:17:20","slug":"schon-was-vor-in-den-osterferienin-genau-einem-monat-startet-unsere-ferienaktion-fuer-kinder-zwei-kreative-nachmittage-in-der-karwoche-und-dann-ein-buntes-osterfest-mit-klein-und-gross-dein-platz","status":"publish","type":"post","link":"https:\/\/christusnews.de\/site\/schon-was-vor-in-den-osterferienin-genau-einem-monat-startet-unsere-ferienaktion-fuer-kinder-zwei-kreative-nachmittage-in-der-karwoche-und-dann-ein-buntes-osterfest-mit-klein-und-gross-dein-platz\/","title":{"rendered":"Schon was vor in den Osterferien?\nIn genau einem Monat startet unsere Ferienaktion f\u00fcr Kinder. Zwei kreative Nachmittage in der Karwoche und dann ein buntes Osterfest mit KLEIN und gro\u00df.\n\nDEIN PLATZ! ist diesmal unser Motto &#8211; und dazu passend decken wir zusammen den Tisch. Jede Menge Spiele, Geschichten, Lieder und Aktionen rund ums Essen stehen auf dem Programm. Ihr k\u00f6nnt \u00f6sterliche Leckereien backen, eine Decke f\u00fcr euren Ostertisch zu Hause gestalten &#8211; und gespannt sein, was unser gro\u00dfes Jugend-Team noch so f\u00fcr euch plant &#8230;\n\nAlso: Am besten gleich anmelden. Infos auf www.havenkirche.de oder im Kirchenb\u00fcro (kirchenbuero.whv-havenkirche@kirche-oldenburg.de). Wir freuen uns auf euch!"},"content":{"rendered":"<p>Schon was vor in den Osterferien?<br \/>\nIn genau einem Monat startet unsere Ferienaktion f\u00fcr Kinder. Zwei kreative Nachmittage in der Karwoche und dann ein buntes Osterfest mit KLEIN und gro\u00df.<\/p>\n<p>DEIN PLATZ! ist diesmal unser Motto &#8211; und dazu passend decken wir zusammen den Tisch. Jede Menge Spiele, Geschichten, Lieder und Aktionen rund ums Essen stehen auf dem Programm. Ihr k\u00f6nnt \u00f6sterliche Leckereien backen, eine Decke f\u00fcr euren Ostertisch zu Hause gestalten &#8211; und gespannt sein, was unser gro\u00dfes Jugend-Team noch so f\u00fcr euch plant &#8230;<\/p>\n<p>Also: Am besten gleich anmelden. Infos auf www.havenkirche.de oder im Kirchenb\u00fcro (kirchenbuero.whv-havenkirche@kirche-oldenburg.de). Wir freuen uns auf euch!<br \/>\nHAVENKIRCHE@FB<br \/>\n<a href=\"https:\/\/www.facebook.com\/396185572708352\/posts\/958363479823889\" target=\"_blank\">Schon was vor in den Osterferien?<br \/>\nIn genau einem Monat startet unsere Ferienaktion f\u00fcr Kinder. Zwei kreative Nachmittage in der Karwoche und dann ein buntes Osterfest mit KLEIN und gro\u00df.<\/p>\n<p>DEIN PLATZ! ist diesmal unser Motto &#8211; und dazu passend decken wir zusammen den Tisch. Jede Menge Spiele, Geschichten, Lieder und Aktionen rund ums Essen stehen auf dem Programm. Ihr k\u00f6nnt \u00f6sterliche Leckereien backen, eine Decke f\u00fcr euren Ostertisch zu Hause gestalten &#8211; und gespannt sein, was unser gro\u00dfes Jugend-Team noch so f\u00fcr euch plant &#8230;<\/p>\n<p>Also: Am besten gleich anmelden. Infos auf www.havenkirche.de oder im Kirchenb\u00fcro (kirchenbuero.whv-havenkirche@kirche-oldenburg.de). Wir freuen uns auf euch!<\/a><\/p>\n","protected":false},"excerpt":{"rendered":"<p>Schon was vor in den Osterferien? In genau einem Monat startet unsere Ferienaktion f\u00fcr Kinder. Zwei kreative Nachmittage in der Karwoche und dann ein buntes Osterfest mit KLEIN und gro\u00df. DEIN PLATZ! ist diesmal unser Motto &#8211; und dazu passend decken wir zusammen den Tisch. Jede Menge Spiele, Geschichten, Lieder und Aktionen rund ums Essen stehen auf dem Programm. Ihr k\u00f6nnt \u00f6sterliche Leckereien backen, eine Decke f\u00fcr euren Ostertisch zu Hause gestalten &#8211; und gespannt sein, was unser gro\u00dfes Jugend-Team noch so f\u00fcr euch plant &#8230; Also: Am besten gleich anmelden. Infos auf www.havenkirche.de oder im Kirchenb\u00fcro (kirchenbuero.whv-havenkirche@kirche-oldenburg.de). Wir freuen&#8230;<\/p>\n","protected":false},"author":6,"featured_media":0,"comment_status":"false","ping_status":"open","sticky":false,"template":"","format":"standard","meta":{"footnotes":""},"categories":[75],"tags":[76],"class_list":["post-27575","post","type-post","status-publish","format-standard","hentry","category-havenkirche","tag-havenkirche"],"_links":{"self":[{"href":"https:\/\/christusnews.de\/site\/wp-json\/wp\/v2\/posts\/27575","targetHints":{"allow":["GET"]}}],"collection":[{"href":"https:\/\/christusnews.de\/site\/wp-json\/wp\/v2\/posts"}],"about":[{"href":"https:\/\/christusnews.de\/site\/wp-json\/wp\/v2\/types\/post"}],"author":[{"embeddable":true,"href":"https:\/\/christusnews.de\/site\/wp-json\/wp\/v2\/users\/6"}],"replies":[{"embeddable":true,"href":"https:\/\/christusnews.de\/site\/wp-json\/wp\/v2\/comments?post=27575"}],"version-history":[{"count":1,"href":"https:\/\/christusnews.de\/site\/wp-json\/wp\/v2\/posts\/27575\/revisions"}],"predecessor-version":[{"id":27576,"href":"https:\/\/christusnews.de\/site\/wp-json\/wp\/v2\/posts\/27575\/revisions\/27576"}],"wp:attachment":[{"href":"https:\/\/christusnews.de\/site\/wp-json\/wp\/v2\/media?parent=27575"}],"wp:term":[{"taxonomy":"category","embeddable":true,"href":"https:\/\/christusnews.de\/site\/wp-json\/wp\/v2\/categories?post=27575"},{"taxonomy":"post_tag","embeddable":true,"href":"https:\/\/christusnews.de\/site\/wp-json\/wp\/v2\/tags?post=27575"}],"curies":[{"name":"wp","href":"https:\/\/api.w.org\/{rel}","templated":true}]}}