{"id":27597,"date":"2025-04-09T08:35:58","date_gmt":"2025-04-09T06:35:58","guid":{"rendered":"https:\/\/christusnews.de\/site\/heute-vor-80-jahren-wurde-diedrich-bonheffer-im-kz-flossenbuerg-hingerichtet-er-war-ein-evangelischer-theologie-im-widerstand-gegen-die-nazis-er-hatte-schon-bald-erkannt-dass-widerstand-mit-worten\/"},"modified":"2025-04-09T11:17:21","modified_gmt":"2025-04-09T09:17:21","slug":"heute-vor-80-jahren-wurde-diedrich-bonheffer-im-kz-flossenbuerg-hingerichtet-er-war-ein-evangelischer-theologie-im-widerstand-gegen-die-nazis-er-hatte-schon-bald-erkannt-dass-widerstand-mit-worten","status":"publish","type":"post","link":"https:\/\/christusnews.de\/site\/heute-vor-80-jahren-wurde-diedrich-bonheffer-im-kz-flossenbuerg-hingerichtet-er-war-ein-evangelischer-theologie-im-widerstand-gegen-die-nazis-er-hatte-schon-bald-erkannt-dass-widerstand-mit-worten\/","title":{"rendered":"Heute vor 80 Jahren wurde Diedrich Bonheffer im KZ Flossenb\u00fcrg hingerichtet. Er war ein evangelischer Theologie im Widerstand gegen die Nazis. Er hatte schon bald erkannt, dass Widerstand mit Worten und Taten gegen das menschenverachtende Regime n\u00f6tig ist Kluge Schriften und Zeitanalysen stehen bei ihm neben poetischer Sprache. &quot;Von guten M\u00e4chten wunderbar geborgen&quot; ber\u00fchrt viele Herzen, die aber vielleicht gar nicht wissen, in welcher Bedr\u00e4ngnis sie geschrieben wurden. Bonhoeffer war ein Fragender, Suchender. \nIn der Abendstille meditieren wir einen Text und lassen Licht f\u00fcr ihn leuchten. \nWir machen nicht viele Worte \u00fcber ihn, \nnehmen ihn aber mit in unsere Stillezeit. \nAbendstille wie immer: die halbe Stunde Auszeit in der Mitte der Woche. Mit Stille, Meditation und einfachen Ges\u00e4ngen.  19.00 Uhr Heppenser Kirche \n\n#abendstille #zurruhekommen #meditation #gedenken #GegenDasVergessen #DietrichBonhoeffer #havenkirche #gegennazisundrassismus"},"content":{"rendered":"<p>Heute vor 80 Jahren wurde Diedrich Bonheffer im KZ Flossenb\u00fcrg hingerichtet. Er war ein evangelischer Theologie im Widerstand gegen die Nazis. Er hatte schon bald erkannt, dass Widerstand mit Worten und Taten gegen das menschenverachtende Regime n\u00f6tig ist Kluge Schriften und Zeitanalysen stehen bei ihm neben poetischer Sprache. &#8220;Von guten M\u00e4chten wunderbar geborgen&#8221; ber\u00fchrt viele Herzen, die aber vielleicht gar nicht wissen, in welcher Bedr\u00e4ngnis sie geschrieben wurden. Bonhoeffer war ein Fragender, Suchender.<br \/>\nIn der Abendstille meditieren wir einen Text und lassen Licht f\u00fcr ihn leuchten.<br \/>\nWir machen nicht viele Worte \u00fcber ihn,<br \/>\nnehmen ihn aber mit in unsere Stillezeit.<br \/>\nAbendstille wie immer: die halbe Stunde Auszeit in der Mitte der Woche. Mit Stille, Meditation und einfachen Ges\u00e4ngen.  19.00 Uhr Heppenser Kirche <\/p>\n<p>#abendstille #zurruhekommen #meditation #gedenken #GegenDasVergessen #DietrichBonhoeffer #havenkirche #gegennazisundrassismus<br \/>\nHAVENKIRCHE@FB<br \/>\n<a href=\"https:\/\/www.facebook.com\/396185572708352\/posts\/976253931368177\" target=\"_blank\">Heute vor 80 Jahren wurde Diedrich Bonheffer im KZ Flossenb\u00fcrg hingerichtet. Er war ein evangelischer Theologie im Widerstand gegen die Nazis. Er hatte schon bald erkannt, dass Widerstand mit Worten und Taten gegen das menschenverachtende Regime n\u00f6tig ist Kluge Schriften und Zeitanalysen stehen bei ihm neben poetischer Sprache. &quot;Von guten M\u00e4chten wunderbar geborgen&quot; ber\u00fchrt viele Herzen, die aber vielleicht gar nicht wissen, in welcher Bedr\u00e4ngnis sie geschrieben wurden. Bonhoeffer war ein Fragender, Suchender.<br \/>\nIn der Abendstille meditieren wir einen Text und lassen Licht f\u00fcr ihn leuchten.<br \/>\nWir machen nicht viele Worte \u00fcber ihn,<br \/>\nnehmen ihn aber mit in unsere Stillezeit.<br \/>\nAbendstille wie immer: die halbe Stunde Auszeit in der Mitte der Woche. Mit Stille, Meditation und einfachen Ges\u00e4ngen.  19.00 Uhr Heppenser Kirche <\/p>\n<p>#abendstille #zurruhekommen #meditation #gedenken #GegenDasVergessen #DietrichBonhoeffer #havenkirche #gegennazisundrassismus<\/a><\/p>\n","protected":false},"excerpt":{"rendered":"<p>Heute vor 80 Jahren wurde Diedrich Bonheffer im KZ Flossenb\u00fcrg hingerichtet. Er war ein evangelischer Theologie im Widerstand gegen die Nazis. Er hatte schon bald erkannt, dass Widerstand mit Worten und Taten gegen das menschenverachtende Regime n\u00f6tig ist Kluge Schriften und Zeitanalysen stehen bei ihm neben poetischer Sprache. &#8220;Von guten M\u00e4chten wunderbar geborgen&#8221; ber\u00fchrt viele Herzen, die aber vielleicht gar nicht wissen, in welcher Bedr\u00e4ngnis sie geschrieben wurden. Bonhoeffer war ein Fragender, Suchender. In der Abendstille meditieren wir einen Text und lassen Licht f\u00fcr ihn leuchten. Wir machen nicht viele Worte \u00fcber ihn, nehmen ihn aber mit in unsere Stillezeit&#8230;.<\/p>\n","protected":false},"author":6,"featured_media":0,"comment_status":"false","ping_status":"open","sticky":false,"template":"","format":"standard","meta":{"footnotes":""},"categories":[75],"tags":[76],"class_list":["post-27597","post","type-post","status-publish","format-standard","hentry","category-havenkirche","tag-havenkirche"],"_links":{"self":[{"href":"https:\/\/christusnews.de\/site\/wp-json\/wp\/v2\/posts\/27597","targetHints":{"allow":["GET"]}}],"collection":[{"href":"https:\/\/christusnews.de\/site\/wp-json\/wp\/v2\/posts"}],"about":[{"href":"https:\/\/christusnews.de\/site\/wp-json\/wp\/v2\/types\/post"}],"author":[{"embeddable":true,"href":"https:\/\/christusnews.de\/site\/wp-json\/wp\/v2\/users\/6"}],"replies":[{"embeddable":true,"href":"https:\/\/christusnews.de\/site\/wp-json\/wp\/v2\/comments?post=27597"}],"version-history":[{"count":1,"href":"https:\/\/christusnews.de\/site\/wp-json\/wp\/v2\/posts\/27597\/revisions"}],"predecessor-version":[{"id":27598,"href":"https:\/\/christusnews.de\/site\/wp-json\/wp\/v2\/posts\/27597\/revisions\/27598"}],"wp:attachment":[{"href":"https:\/\/christusnews.de\/site\/wp-json\/wp\/v2\/media?parent=27597"}],"wp:term":[{"taxonomy":"category","embeddable":true,"href":"https:\/\/christusnews.de\/site\/wp-json\/wp\/v2\/categories?post=27597"},{"taxonomy":"post_tag","embeddable":true,"href":"https:\/\/christusnews.de\/site\/wp-json\/wp\/v2\/tags?post=27597"}],"curies":[{"name":"wp","href":"https:\/\/api.w.org\/{rel}","templated":true}]}}