{"id":27666,"date":"2025-05-22T15:41:23","date_gmt":"2025-05-22T13:41:23","guid":{"rendered":"https:\/\/christusnews.de\/site\/wir-lieben-es-die-minikirche-auf-der-streuobstwiese-zu-feiern-decken-im-gras-singen-unter-den-baeumen-mit-mose-miriam-und-aaron-auf-wanderschaft-gehen-voegel-hoeren-segen-spueren-und-hint\/"},"modified":"2025-05-22T23:17:34","modified_gmt":"2025-05-22T21:17:34","slug":"wir-lieben-es-die-minikirche-auf-der-streuobstwiese-zu-feiern-decken-im-gras-singen-unter-den-baeumen-mit-mose-miriam-und-aaron-auf-wanderschaft-gehen-voegel-hoeren-segen-spueren-und-hint","status":"publish","type":"post","link":"https:\/\/christusnews.de\/site\/wir-lieben-es-die-minikirche-auf-der-streuobstwiese-zu-feiern-decken-im-gras-singen-unter-den-baeumen-mit-mose-miriam-und-aaron-auf-wanderschaft-gehen-voegel-hoeren-segen-spueren-und-hint\/","title":{"rendered":"Wir lieben es, die Minikirche auf der Streuobstwiese zu feiern. \n\nDecken im Gras. \nSingen unter den B\u00e4umen. \nMit Mose, Miriam und Aaron auf Wanderschaft gehen. V\u00f6gel h\u00f6ren. Segen sp\u00fcren. \nUnd hinterher bei Kaffee und Saft zusammenbleiben. \n\nWir wissen: Das Wetter bleibt unbest\u00e4ndig in den n\u00e4chsten Tagen. Wenn es am Montag zu nass \/ windig \/ kalt ist, feiern wir in der Kirche. Aber wir holen unsere Wiesen-Minikirche auf jeden Fall nach &#8230;\n \nF\u00fcr alle Neuen: Die Streuobstwiese geh\u00f6rt zur Heppenser Kita, Heppenser Stra\u00dfe 49. Der Zugang erfolgt \u00fcber den Hohen Friedhof, 5 Minuten zu Fu\u00df von der Kirche, den Berg runter und \u00fcber die Borkumstra\u00dfe. Aber wir malen auch Pfeile f\u00fcr euch. Bis Montag!"},"content":{"rendered":"<p>Wir lieben es, die Minikirche auf der Streuobstwiese zu feiern. <\/p>\n<p>Decken im Gras.<br \/>\nSingen unter den B\u00e4umen.<br \/>\nMit Mose, Miriam und Aaron auf Wanderschaft gehen. V\u00f6gel h\u00f6ren. Segen sp\u00fcren.<br \/>\nUnd hinterher bei Kaffee und Saft zusammenbleiben. <\/p>\n<p>Wir wissen: Das Wetter bleibt unbest\u00e4ndig in den n\u00e4chsten Tagen. Wenn es am Montag zu nass \/ windig \/ kalt ist, feiern wir in der Kirche. Aber wir holen unsere Wiesen-Minikirche auf jeden Fall nach &#8230;<\/p>\n<p>F\u00fcr alle Neuen: Die Streuobstwiese geh\u00f6rt zur Heppenser Kita, Heppenser Stra\u00dfe 49. Der Zugang erfolgt \u00fcber den Hohen Friedhof, 5 Minuten zu Fu\u00df von der Kirche, den Berg runter und \u00fcber die Borkumstra\u00dfe. Aber wir malen auch Pfeile f\u00fcr euch. Bis Montag!<br \/>\nHAVENKIRCHE@FB<br \/>\n<a href=\"https:\/\/www.facebook.com\/396185572708352\/posts\/1007643181562585\" target=\"_blank\">Wir lieben es, die Minikirche auf der Streuobstwiese zu feiern. <\/p>\n<p>Decken im Gras.<br \/>\nSingen unter den B\u00e4umen.<br \/>\nMit Mose, Miriam und Aaron auf Wanderschaft gehen. V\u00f6gel h\u00f6ren. Segen sp\u00fcren.<br \/>\nUnd hinterher bei Kaffee und Saft zusammenbleiben. <\/p>\n<p>Wir wissen: Das Wetter bleibt unbest\u00e4ndig in den n\u00e4chsten Tagen. Wenn es am Montag zu nass \/ windig \/ kalt ist, feiern wir in der Kirche. Aber wir holen unsere Wiesen-Minikirche auf jeden Fall nach &#8230;<\/p>\n<p>F\u00fcr alle Neuen: Die Streuobstwiese geh\u00f6rt zur Heppenser Kita, Heppenser Stra\u00dfe 49. Der Zugang erfolgt \u00fcber den Hohen Friedhof, 5 Minuten zu Fu\u00df von der Kirche, den Berg runter und \u00fcber die Borkumstra\u00dfe. Aber wir malen auch Pfeile f\u00fcr euch. Bis Montag!<\/a><\/p>\n","protected":false},"excerpt":{"rendered":"<p>Wir lieben es, die Minikirche auf der Streuobstwiese zu feiern. Decken im Gras. Singen unter den B\u00e4umen. Mit Mose, Miriam und Aaron auf Wanderschaft gehen. V\u00f6gel h\u00f6ren. Segen sp\u00fcren. Und hinterher bei Kaffee und Saft zusammenbleiben. Wir wissen: Das Wetter bleibt unbest\u00e4ndig in den n\u00e4chsten Tagen. Wenn es am Montag zu nass \/ windig \/ kalt ist, feiern wir in der Kirche. Aber wir holen unsere Wiesen-Minikirche auf jeden Fall nach &#8230; F\u00fcr alle Neuen: Die Streuobstwiese geh\u00f6rt zur Heppenser Kita, Heppenser Stra\u00dfe 49. Der Zugang erfolgt \u00fcber den Hohen Friedhof, 5 Minuten zu Fu\u00df von der Kirche, den Berg&#8230;<\/p>\n","protected":false},"author":6,"featured_media":0,"comment_status":"false","ping_status":"open","sticky":false,"template":"","format":"standard","meta":{"footnotes":""},"categories":[75],"tags":[76],"class_list":["post-27666","post","type-post","status-publish","format-standard","hentry","category-havenkirche","tag-havenkirche"],"_links":{"self":[{"href":"https:\/\/christusnews.de\/site\/wp-json\/wp\/v2\/posts\/27666","targetHints":{"allow":["GET"]}}],"collection":[{"href":"https:\/\/christusnews.de\/site\/wp-json\/wp\/v2\/posts"}],"about":[{"href":"https:\/\/christusnews.de\/site\/wp-json\/wp\/v2\/types\/post"}],"author":[{"embeddable":true,"href":"https:\/\/christusnews.de\/site\/wp-json\/wp\/v2\/users\/6"}],"replies":[{"embeddable":true,"href":"https:\/\/christusnews.de\/site\/wp-json\/wp\/v2\/comments?post=27666"}],"version-history":[{"count":1,"href":"https:\/\/christusnews.de\/site\/wp-json\/wp\/v2\/posts\/27666\/revisions"}],"predecessor-version":[{"id":27667,"href":"https:\/\/christusnews.de\/site\/wp-json\/wp\/v2\/posts\/27666\/revisions\/27667"}],"wp:attachment":[{"href":"https:\/\/christusnews.de\/site\/wp-json\/wp\/v2\/media?parent=27666"}],"wp:term":[{"taxonomy":"category","embeddable":true,"href":"https:\/\/christusnews.de\/site\/wp-json\/wp\/v2\/categories?post=27666"},{"taxonomy":"post_tag","embeddable":true,"href":"https:\/\/christusnews.de\/site\/wp-json\/wp\/v2\/tags?post=27666"}],"curies":[{"name":"wp","href":"https:\/\/api.w.org\/{rel}","templated":true}]}}