{"id":27670,"date":"2025-05-28T22:23:20","date_gmt":"2025-05-28T20:23:20","guid":{"rendered":"https:\/\/christusnews.de\/site\/die-maedchennacht-zu-himmelfahrt-hat-tradition-auch-in-diesem-jahr-gibt-es-workshops-viel-spass-eine-kurze-nacht-mit-kreisjugenddiakonin-birte-kuehnhold-und-team-morgens-geht-es-dann-weiter-mit-ei\/"},"modified":"2025-05-28T23:17:32","modified_gmt":"2025-05-28T21:17:32","slug":"die-maedchennacht-zu-himmelfahrt-hat-tradition-auch-in-diesem-jahr-gibt-es-workshops-viel-spass-eine-kurze-nacht-mit-kreisjugenddiakonin-birte-kuehnhold-und-team-morgens-geht-es-dann-weiter-mit-ei","status":"publish","type":"post","link":"https:\/\/christusnews.de\/site\/die-maedchennacht-zu-himmelfahrt-hat-tradition-auch-in-diesem-jahr-gibt-es-workshops-viel-spass-eine-kurze-nacht-mit-kreisjugenddiakonin-birte-kuehnhold-und-team-morgens-geht-es-dann-weiter-mit-ei\/","title":{"rendered":"Die M\u00e4dchennacht zu Himmelfahrt hat Tradition. Auch in diesem Jahr gibt es Workshops, viel Spa\u00df, eine kurze Nacht mit Kreisjugenddiakonin Birte K\u00fchnhold und Team. Morgens geht es dann weiter mit einem Gottesdienst f\u00fcr Klein und Gro\u00df mit Pastorin Meike von Fintel und Team. \n\n#himmelfahrt #m\u00e4dchenarbeit #Havenkirche #ejo"},"content":{"rendered":"<p>Die M\u00e4dchennacht zu Himmelfahrt hat Tradition. Auch in diesem Jahr gibt es Workshops, viel Spa\u00df, eine kurze Nacht mit Kreisjugenddiakonin Birte K\u00fchnhold und Team. Morgens geht es dann weiter mit einem Gottesdienst f\u00fcr Klein und Gro\u00df mit Pastorin Meike von Fintel und Team. <\/p>\n<p>#himmelfahrt #m\u00e4dchenarbeit #Havenkirche #ejo<br \/>\nHAVENKIRCHE@FB<br \/>\n<a href=\"https:\/\/www.facebook.com\/396185572708352\/posts\/1012147477778822\" target=\"_blank\">Die M\u00e4dchennacht zu Himmelfahrt hat Tradition. Auch in diesem Jahr gibt es Workshops, viel Spa\u00df, eine kurze Nacht mit Kreisjugenddiakonin Birte K\u00fchnhold und Team. Morgens geht es dann weiter mit einem Gottesdienst f\u00fcr Klein und Gro\u00df mit Pastorin Meike von Fintel und Team. <\/p>\n<p>#himmelfahrt #m\u00e4dchenarbeit #Havenkirche #ejo<\/a><\/p>\n","protected":false},"excerpt":{"rendered":"<p>Die M\u00e4dchennacht zu Himmelfahrt hat Tradition. Auch in diesem Jahr gibt es Workshops, viel Spa\u00df, eine kurze Nacht mit Kreisjugenddiakonin Birte K\u00fchnhold und Team. Morgens geht es dann weiter mit einem Gottesdienst f\u00fcr Klein und Gro\u00df mit Pastorin Meike von Fintel und Team. #himmelfahrt #m\u00e4dchenarbeit #Havenkirche #ejo HAVENKIRCHE@FB Die M\u00e4dchennacht zu Himmelfahrt hat Tradition. Auch in diesem Jahr gibt es Workshops, viel Spa\u00df, eine kurze Nacht mit Kreisjugenddiakonin Birte K\u00fchnhold und Team. Morgens geht es dann weiter mit einem Gottesdienst f\u00fcr Klein und Gro\u00df mit Pastorin Meike von Fintel und Team. #himmelfahrt #m\u00e4dchenarbeit #Havenkirche #ejo<\/p>\n","protected":false},"author":6,"featured_media":0,"comment_status":"false","ping_status":"open","sticky":false,"template":"","format":"standard","meta":{"footnotes":""},"categories":[75],"tags":[76],"class_list":["post-27670","post","type-post","status-publish","format-standard","hentry","category-havenkirche","tag-havenkirche"],"_links":{"self":[{"href":"https:\/\/christusnews.de\/site\/wp-json\/wp\/v2\/posts\/27670","targetHints":{"allow":["GET"]}}],"collection":[{"href":"https:\/\/christusnews.de\/site\/wp-json\/wp\/v2\/posts"}],"about":[{"href":"https:\/\/christusnews.de\/site\/wp-json\/wp\/v2\/types\/post"}],"author":[{"embeddable":true,"href":"https:\/\/christusnews.de\/site\/wp-json\/wp\/v2\/users\/6"}],"replies":[{"embeddable":true,"href":"https:\/\/christusnews.de\/site\/wp-json\/wp\/v2\/comments?post=27670"}],"version-history":[{"count":1,"href":"https:\/\/christusnews.de\/site\/wp-json\/wp\/v2\/posts\/27670\/revisions"}],"predecessor-version":[{"id":27671,"href":"https:\/\/christusnews.de\/site\/wp-json\/wp\/v2\/posts\/27670\/revisions\/27671"}],"wp:attachment":[{"href":"https:\/\/christusnews.de\/site\/wp-json\/wp\/v2\/media?parent=27670"}],"wp:term":[{"taxonomy":"category","embeddable":true,"href":"https:\/\/christusnews.de\/site\/wp-json\/wp\/v2\/categories?post=27670"},{"taxonomy":"post_tag","embeddable":true,"href":"https:\/\/christusnews.de\/site\/wp-json\/wp\/v2\/tags?post=27670"}],"curies":[{"name":"wp","href":"https:\/\/api.w.org\/{rel}","templated":true}]}}