{"id":27686,"date":"2025-06-16T09:31:27","date_gmt":"2025-06-16T07:31:27","guid":{"rendered":"https:\/\/christusnews.de\/site\/oeffentliche-fuehrung-durch-die-ausstellung-zeitzeug-1945-in-der-christus-und-garnisonkirchevielbeachtet-laeuft-derzeitig-in-der-christus-und-garnisonkirche-die-ausstellung-zeitze\/"},"modified":"2025-06-16T11:17:23","modified_gmt":"2025-06-16T09:17:23","slug":"oeffentliche-fuehrung-durch-die-ausstellung-zeitzeug-1945-in-der-christus-und-garnisonkirchevielbeachtet-laeuft-derzeitig-in-der-christus-und-garnisonkirche-die-ausstellung-zeitze","status":"publish","type":"post","link":"https:\/\/christusnews.de\/site\/oeffentliche-fuehrung-durch-die-ausstellung-zeitzeug-1945-in-der-christus-und-garnisonkirchevielbeachtet-laeuft-derzeitig-in-der-christus-und-garnisonkirche-die-ausstellung-zeitze\/","title":{"rendered":"\u00d6ffentliche F\u00fchrung durch die Ausstellung \u201eZeitZeug 1945\u201c in der Christus- und Garnisonkirche\nVielbeachtet l\u00e4uft derzeitig in der Christus- und Garnisonkirche die Ausstellung ZeitZeug 1945. In einer F\u00fchrung am 18. Juni um 18 Uhr durch die Ausstellung wird Pastor Frank Morgenstern in die Ideen und Umsetzung des Themas einf\u00fchren. Die Ausstellung pr\u00e4sentiert kostbare Sch\u00e4tze, die f\u00fcr Menschen von dem Kriegsende 1945 erz\u00e4hlen. Eine ber\u00fchrende Ausstellung, denn sie ist aus jenem individuellen Stoff gemacht, der uns Erinnerungen mitten ins Herz schreibt. Der Eintritt ist frei, um eine Kollekte wird gebeten."},"content":{"rendered":"<p>\u00d6ffentliche F\u00fchrung durch die Ausstellung \u201eZeitZeug 1945\u201c in der Christus- und Garnisonkirche<br \/>\nVielbeachtet l\u00e4uft derzeitig in der Christus- und Garnisonkirche die Ausstellung ZeitZeug 1945. In einer F\u00fchrung am 18. Juni um 18 Uhr durch die Ausstellung wird Pastor Frank Morgenstern in die Ideen und Umsetzung des Themas einf\u00fchren. Die Ausstellung pr\u00e4sentiert kostbare Sch\u00e4tze, die f\u00fcr Menschen von dem Kriegsende 1945 erz\u00e4hlen. Eine ber\u00fchrende Ausstellung, denn sie ist aus jenem individuellen Stoff gemacht, der uns Erinnerungen mitten ins Herz schreibt. Der Eintritt ist frei, um eine Kollekte wird gebeten.<br \/>\nHAVENKIRCHE@FB<br \/>\n<a href=\"https:\/\/www.facebook.com\/396185572708352\/posts\/1025679103092326\" target=\"_blank\">\u00d6ffentliche F\u00fchrung durch die Ausstellung \u201eZeitZeug 1945\u201c in der Christus- und Garnisonkirche<br \/>\nVielbeachtet l\u00e4uft derzeitig in der Christus- und Garnisonkirche die Ausstellung ZeitZeug 1945. In einer F\u00fchrung am 18. Juni um 18 Uhr durch die Ausstellung wird Pastor Frank Morgenstern in die Ideen und Umsetzung des Themas einf\u00fchren. Die Ausstellung pr\u00e4sentiert kostbare Sch\u00e4tze, die f\u00fcr Menschen von dem Kriegsende 1945 erz\u00e4hlen. Eine ber\u00fchrende Ausstellung, denn sie ist aus jenem individuellen Stoff gemacht, der uns Erinnerungen mitten ins Herz schreibt. Der Eintritt ist frei, um eine Kollekte wird gebeten.<\/a><\/p>\n","protected":false},"excerpt":{"rendered":"<p>\u00d6ffentliche F\u00fchrung durch die Ausstellung \u201eZeitZeug 1945\u201c in der Christus- und Garnisonkirche Vielbeachtet l\u00e4uft derzeitig in der Christus- und Garnisonkirche die Ausstellung ZeitZeug 1945. In einer F\u00fchrung am 18. Juni um 18 Uhr durch die Ausstellung wird Pastor Frank Morgenstern in die Ideen und Umsetzung des Themas einf\u00fchren. Die Ausstellung pr\u00e4sentiert kostbare Sch\u00e4tze, die f\u00fcr Menschen von dem Kriegsende 1945 erz\u00e4hlen. Eine ber\u00fchrende Ausstellung, denn sie ist aus jenem individuellen Stoff gemacht, der uns Erinnerungen mitten ins Herz schreibt. Der Eintritt ist frei, um eine Kollekte wird gebeten. HAVENKIRCHE@FB \u00d6ffentliche F\u00fchrung durch die Ausstellung \u201eZeitZeug 1945\u201c in der Christus- und&#8230;<\/p>\n","protected":false},"author":6,"featured_media":0,"comment_status":"false","ping_status":"open","sticky":false,"template":"","format":"standard","meta":{"footnotes":""},"categories":[75],"tags":[76],"class_list":["post-27686","post","type-post","status-publish","format-standard","hentry","category-havenkirche","tag-havenkirche"],"_links":{"self":[{"href":"https:\/\/christusnews.de\/site\/wp-json\/wp\/v2\/posts\/27686","targetHints":{"allow":["GET"]}}],"collection":[{"href":"https:\/\/christusnews.de\/site\/wp-json\/wp\/v2\/posts"}],"about":[{"href":"https:\/\/christusnews.de\/site\/wp-json\/wp\/v2\/types\/post"}],"author":[{"embeddable":true,"href":"https:\/\/christusnews.de\/site\/wp-json\/wp\/v2\/users\/6"}],"replies":[{"embeddable":true,"href":"https:\/\/christusnews.de\/site\/wp-json\/wp\/v2\/comments?post=27686"}],"version-history":[{"count":1,"href":"https:\/\/christusnews.de\/site\/wp-json\/wp\/v2\/posts\/27686\/revisions"}],"predecessor-version":[{"id":27687,"href":"https:\/\/christusnews.de\/site\/wp-json\/wp\/v2\/posts\/27686\/revisions\/27687"}],"wp:attachment":[{"href":"https:\/\/christusnews.de\/site\/wp-json\/wp\/v2\/media?parent=27686"}],"wp:term":[{"taxonomy":"category","embeddable":true,"href":"https:\/\/christusnews.de\/site\/wp-json\/wp\/v2\/categories?post=27686"},{"taxonomy":"post_tag","embeddable":true,"href":"https:\/\/christusnews.de\/site\/wp-json\/wp\/v2\/tags?post=27686"}],"curies":[{"name":"wp","href":"https:\/\/api.w.org\/{rel}","templated":true}]}}