{"id":27700,"date":"2025-07-02T22:23:30","date_gmt":"2025-07-02T20:23:30","guid":{"rendered":"https:\/\/christusnews.de\/site\/das-grosse-zelt-wurde-heute-schon-unter-der-heissen-sonne-von-wildflecken-aufgebaut-danke-an-die-vorhutmorgen-frueh-starten-wir-mit-den-konfis-jugendlichen-und-einem-grossen-team-fast-200-leute\/"},"modified":"2025-07-02T23:17:27","modified_gmt":"2025-07-02T21:17:27","slug":"das-grosse-zelt-wurde-heute-schon-unter-der-heissen-sonne-von-wildflecken-aufgebaut-danke-an-die-vorhutmorgen-frueh-starten-wir-mit-den-konfis-jugendlichen-und-einem-grossen-team-fast-200-leute","status":"publish","type":"post","link":"https:\/\/christusnews.de\/site\/das-grosse-zelt-wurde-heute-schon-unter-der-heissen-sonne-von-wildflecken-aufgebaut-danke-an-die-vorhutmorgen-frueh-starten-wir-mit-den-konfis-jugendlichen-und-einem-grossen-team-fast-200-leute\/","title":{"rendered":"Das gro\u00dfe Zelt wurde heute schon unter der hei\u00dfen Sonne von Wildflecken aufgebaut. Danke an die Vorhut!\n\nMorgen fr\u00fch starten wir mit den Konfis, Jugendlichen und einem gro\u00dfen Team. Fast 200 Leute sind diesmal im ersten Camp dabei. Eine Woche sp\u00e4ter folgt dann das Kindercamp. Diesmal alles unter dem Motto \u201eZuFrieden\u201c.\n\nWenn ihr uns von fern begleiten wollt, schaut doch mal in den Blog: https:\/\/wildflecken-camps.de\/blog\/\n\nEgal ob ihr mitfahrt, zu Hause bleibt oder anderswo unterwegs seid: Allen einen gesegneten und zufriedenen Sommer!"},"content":{"rendered":"<p>Das gro\u00dfe Zelt wurde heute schon unter der hei\u00dfen Sonne von Wildflecken aufgebaut. Danke an die Vorhut!<\/p>\n<p>Morgen fr\u00fch starten wir mit den Konfis, Jugendlichen und einem gro\u00dfen Team. Fast 200 Leute sind diesmal im ersten Camp dabei. Eine Woche sp\u00e4ter folgt dann das Kindercamp. Diesmal alles unter dem Motto \u201eZuFrieden\u201c.<\/p>\n<p>Wenn ihr uns von fern begleiten wollt, schaut doch mal in den Blog: https:\/\/wildflecken-camps.de\/blog\/<\/p>\n<p>Egal ob ihr mitfahrt, zu Hause bleibt oder anderswo unterwegs seid: Allen einen gesegneten und zufriedenen Sommer!<br \/>\nHAVENKIRCHE@FB<br \/>\n<a href=\"https:\/\/www.facebook.com\/396185572708352\/posts\/1038104185183151\" target=\"_blank\">Das gro\u00dfe Zelt wurde heute schon unter der hei\u00dfen Sonne von Wildflecken aufgebaut. Danke an die Vorhut!<\/p>\n<p>Morgen fr\u00fch starten wir mit den Konfis, Jugendlichen und einem gro\u00dfen Team. Fast 200 Leute sind diesmal im ersten Camp dabei. Eine Woche sp\u00e4ter folgt dann das Kindercamp. Diesmal alles unter dem Motto \u201eZuFrieden\u201c.<\/p>\n<p>Wenn ihr uns von fern begleiten wollt, schaut doch mal in den Blog: https:\/\/wildflecken-camps.de\/blog\/<\/p>\n<p>Egal ob ihr mitfahrt, zu Hause bleibt oder anderswo unterwegs seid: Allen einen gesegneten und zufriedenen Sommer!<\/a><\/p>\n","protected":false},"excerpt":{"rendered":"<p>Das gro\u00dfe Zelt wurde heute schon unter der hei\u00dfen Sonne von Wildflecken aufgebaut. Danke an die Vorhut! Morgen fr\u00fch starten wir mit den Konfis, Jugendlichen und einem gro\u00dfen Team. Fast 200 Leute sind diesmal im ersten Camp dabei. Eine Woche sp\u00e4ter folgt dann das Kindercamp. Diesmal alles unter dem Motto \u201eZuFrieden\u201c. Wenn ihr uns von fern begleiten wollt, schaut doch mal in den Blog: https:\/\/wildflecken-camps.de\/blog\/ Egal ob ihr mitfahrt, zu Hause bleibt oder anderswo unterwegs seid: Allen einen gesegneten und zufriedenen Sommer! HAVENKIRCHE@FB Das gro\u00dfe Zelt wurde heute schon unter der hei\u00dfen Sonne von Wildflecken aufgebaut. Danke an die Vorhut!&#8230;<\/p>\n","protected":false},"author":6,"featured_media":0,"comment_status":"false","ping_status":"open","sticky":false,"template":"","format":"standard","meta":{"footnotes":""},"categories":[75],"tags":[76],"class_list":["post-27700","post","type-post","status-publish","format-standard","hentry","category-havenkirche","tag-havenkirche"],"_links":{"self":[{"href":"https:\/\/christusnews.de\/site\/wp-json\/wp\/v2\/posts\/27700","targetHints":{"allow":["GET"]}}],"collection":[{"href":"https:\/\/christusnews.de\/site\/wp-json\/wp\/v2\/posts"}],"about":[{"href":"https:\/\/christusnews.de\/site\/wp-json\/wp\/v2\/types\/post"}],"author":[{"embeddable":true,"href":"https:\/\/christusnews.de\/site\/wp-json\/wp\/v2\/users\/6"}],"replies":[{"embeddable":true,"href":"https:\/\/christusnews.de\/site\/wp-json\/wp\/v2\/comments?post=27700"}],"version-history":[{"count":1,"href":"https:\/\/christusnews.de\/site\/wp-json\/wp\/v2\/posts\/27700\/revisions"}],"predecessor-version":[{"id":27701,"href":"https:\/\/christusnews.de\/site\/wp-json\/wp\/v2\/posts\/27700\/revisions\/27701"}],"wp:attachment":[{"href":"https:\/\/christusnews.de\/site\/wp-json\/wp\/v2\/media?parent=27700"}],"wp:term":[{"taxonomy":"category","embeddable":true,"href":"https:\/\/christusnews.de\/site\/wp-json\/wp\/v2\/categories?post=27700"},{"taxonomy":"post_tag","embeddable":true,"href":"https:\/\/christusnews.de\/site\/wp-json\/wp\/v2\/tags?post=27700"}],"curies":[{"name":"wp","href":"https:\/\/api.w.org\/{rel}","templated":true}]}}