{"id":27720,"date":"2025-07-18T22:40:22","date_gmt":"2025-07-18T20:40:22","guid":{"rendered":"https:\/\/christusnews.de\/site\/start-am-ende-des-sommers-5-wilhelmshavener-vibraphon-festival-wirft-seine-schatten-voraus-wie-klingst-du-vibraphon-trifft-auf-pop-und-jazz-kostenloser-eintritt-fuer-alle-dank-zahlreicher-f\/"},"modified":"2025-07-18T23:17:19","modified_gmt":"2025-07-18T21:17:19","slug":"start-am-ende-des-sommers-5-wilhelmshavener-vibraphon-festival-wirft-seine-schatten-voraus-wie-klingst-du-vibraphon-trifft-auf-pop-und-jazz-kostenloser-eintritt-fuer-alle-dank-zahlreicher-f","status":"publish","type":"post","link":"https:\/\/christusnews.de\/site\/start-am-ende-des-sommers-5-wilhelmshavener-vibraphon-festival-wirft-seine-schatten-voraus-wie-klingst-du-vibraphon-trifft-auf-pop-und-jazz-kostenloser-eintritt-fuer-alle-dank-zahlreicher-f\/","title":{"rendered":"Start am Ende des Sommers: 5. Wilhelmshavener Vibraphon-Festival wirft seine Schatten voraus\n&#8211; Wie klingst Du? &#8211; Vibraphon trifft auf Pop und Jazz &#8211;\n&#8211; Kostenloser Eintritt f\u00fcr alle dank zahlreicher F\u00f6rderer &#8211;\nEin ebenso furioses wie vielf\u00e4ltiges musikalisches Wochenende erwartet die kulturell Interessierten Anfang September: Vom 5. bis zum 7. September gibt es die 5. Auflage des Vibraphon-Festivals in Wilhelmshaven. Angeboten und veranstaltet von der Citykirche und der Havenkirche gibt es diesmal ein Programm an f\u00fcnf verschiedenen Orten mit verschiedensten Musikformationen.\n\n Billie Eilish trifft auf Schulchor und Vibraphon\n\nDen Auftakt macht ein Konzert in der Aula des Neuen Gymnasium Wilhelmshaven: Am Freitag, den 5. September gastiert um 20 Uhr hier das \u201eHamburg Art Ensemble\u201c unter der Leitung von Hauke Renken und Leon Saleh, mit einer Hommage an Billie Eilish. Die Band ist eine der Gruppen, in denen der k\u00fcnstlerische Leiter des VIBE-Festivals, Hauke Renken, selbst zu den Schl\u00e4geln greift. Beim Er\u00f6ffnungskonzert bringt Hauke Renken die Musik von Billie Eilish in einer v\u00f6llig neuen Besetzung auf die B\u00fchne.  \n\nWie klingst Du? Live Karaoke mit The Tw\u00c4ng\nAm Samstagabend bringt dann das Festival die B\u00fchne zum Publikum und das Publikum auf die B\u00fchne. Er\u00f6ffnet wird der Abend von professionellen S\u00e4ngerinnen, begleitet vom Wilhelmshavener Chor The Tw\u00c4ng. Danach hei\u00dft es wie im letzten Jahr: Sing with us! &#8211; Das Publikum \u00fcbernimmt das Mikrofon und performt gemeinsam mit einer professionellen Festival-Band Songs aus Pop, Soul und Rock. \n\nMusikerinnen im Gottesdienst\nZum Auftakt am Sonntag treten Musikerinnen und Musiker des Festivals zun\u00e4chst in drei Gottesdiensten auf. \n\nInnovative Band \u201eBeaula trifft Marinemusikkorps\nZum Ende des Festivals gibt es am Sonntagabend um 19 Uhr im Kulturzentrum Pumpwerk einen Abend zwischen Ensembleklang und sinfonischer Tiefe: Nach ihrem gefeierten Auftritt beim Festival im Vorjahr kehrt das Berliner Ensemble Beaula zur\u00fcck und pr\u00e4sentiert in diesem Jahr eine besondere musikalische Erweiterung. \n\nDen Programmflyer zum Vibraphon-Festival gibt es an den bekannten Verteilstellen, au\u00dferdem zum Download unter www.havenkirche.de ."},"content":{"rendered":"<p>Start am Ende des Sommers: 5. Wilhelmshavener Vibraphon-Festival wirft seine Schatten voraus<br \/>\n&#8211; Wie klingst Du? &#8211; Vibraphon trifft auf Pop und Jazz &#8211;<br \/>\n&#8211; Kostenloser Eintritt f\u00fcr alle dank zahlreicher F\u00f6rderer &#8211;<br \/>\nEin ebenso furioses wie vielf\u00e4ltiges musikalisches Wochenende erwartet die kulturell Interessierten Anfang September: Vom 5. bis zum 7. September gibt es die 5. Auflage des Vibraphon-Festivals in Wilhelmshaven. Angeboten und veranstaltet von der Citykirche und der Havenkirche gibt es diesmal ein Programm an f\u00fcnf verschiedenen Orten mit verschiedensten Musikformationen.<\/p>\n<p> Billie Eilish trifft auf Schulchor und Vibraphon<\/p>\n<p>Den Auftakt macht ein Konzert in der Aula des Neuen Gymnasium Wilhelmshaven: Am Freitag, den 5. September gastiert um 20 Uhr hier das \u201eHamburg Art Ensemble\u201c unter der Leitung von Hauke Renken und Leon Saleh, mit einer Hommage an Billie Eilish. Die Band ist eine der Gruppen, in denen der k\u00fcnstlerische Leiter des VIBE-Festivals, Hauke Renken, selbst zu den Schl\u00e4geln greift. Beim Er\u00f6ffnungskonzert bringt Hauke Renken die Musik von Billie Eilish in einer v\u00f6llig neuen Besetzung auf die B\u00fchne.  <\/p>\n<p>Wie klingst Du? Live Karaoke mit The Tw\u00c4ng<br \/>\nAm Samstagabend bringt dann das Festival die B\u00fchne zum Publikum und das Publikum auf die B\u00fchne. Er\u00f6ffnet wird der Abend von professionellen S\u00e4ngerinnen, begleitet vom Wilhelmshavener Chor The Tw\u00c4ng. Danach hei\u00dft es wie im letzten Jahr: Sing with us! &#8211; Das Publikum \u00fcbernimmt das Mikrofon und performt gemeinsam mit einer professionellen Festival-Band Songs aus Pop, Soul und Rock. <\/p>\n<p>Musikerinnen im Gottesdienst<br \/>\nZum Auftakt am Sonntag treten Musikerinnen und Musiker des Festivals zun\u00e4chst in drei Gottesdiensten auf. <\/p>\n<p>Innovative Band \u201eBeaula trifft Marinemusikkorps<br \/>\nZum Ende des Festivals gibt es am Sonntagabend um 19 Uhr im Kulturzentrum Pumpwerk einen Abend zwischen Ensembleklang und sinfonischer Tiefe: Nach ihrem gefeierten Auftritt beim Festival im Vorjahr kehrt das Berliner Ensemble Beaula zur\u00fcck und pr\u00e4sentiert in diesem Jahr eine besondere musikalische Erweiterung. <\/p>\n<p>Den Programmflyer zum Vibraphon-Festival gibt es an den bekannten Verteilstellen, au\u00dferdem zum Download unter www.havenkirche.de .<br \/>\nHAVENKIRCHE@FB<br \/>\n<a href=\"https:\/\/www.facebook.com\/396185572708352\/posts\/1051426010517635\" target=\"_blank\">Start am Ende des Sommers: 5. Wilhelmshavener Vibraphon-Festival wirft seine Schatten voraus<br \/>\n&#8211; Wie klingst Du? &#8211; Vibraphon trifft auf Pop und Jazz &#8211;<br \/>\n&#8211; Kostenloser Eintritt f\u00fcr alle dank zahlreicher F\u00f6rderer &#8211;<br \/>\nEin ebenso furioses wie vielf\u00e4ltiges musikalisches Wochenende erwartet die kulturell Interessierten Anfang September: Vom 5. bis zum 7. September gibt es die 5. Auflage des Vibraphon-Festivals in Wilhelmshaven. Angeboten und veranstaltet von der Citykirche und der Havenkirche gibt es diesmal ein Programm an f\u00fcnf verschiedenen Orten mit verschiedensten Musikformationen.<\/p>\n<p> Billie Eilish trifft auf Schulchor und Vibraphon<\/p>\n<p>Den Auftakt macht ein Konzert in der Aula des Neuen Gymnasium Wilhelmshaven: Am Freitag, den 5. September gastiert um 20 Uhr hier das \u201eHamburg Art Ensemble\u201c unter der Leitung von Hauke Renken und Leon Saleh, mit einer Hommage an Billie Eilish. Die Band ist eine der Gruppen, in denen der k\u00fcnstlerische Leiter des VIBE-Festivals, Hauke Renken, selbst zu den Schl\u00e4geln greift. Beim Er\u00f6ffnungskonzert bringt Hauke Renken die Musik von Billie Eilish in einer v\u00f6llig neuen Besetzung auf die B\u00fchne.  <\/p>\n<p>Wie klingst Du? Live Karaoke mit The Tw\u00c4ng<br \/>\nAm Samstagabend bringt dann das Festival die B\u00fchne zum Publikum und das Publikum auf die B\u00fchne. Er\u00f6ffnet wird der Abend von professionellen S\u00e4ngerinnen, begleitet vom Wilhelmshavener Chor The Tw\u00c4ng. Danach hei\u00dft es wie im letzten Jahr: Sing with us! &#8211; Das Publikum \u00fcbernimmt das Mikrofon und performt gemeinsam mit einer professionellen Festival-Band Songs aus Pop, Soul und Rock. <\/p>\n<p>Musikerinnen im Gottesdienst<br \/>\nZum Auftakt am Sonntag treten Musikerinnen und Musiker des Festivals zun\u00e4chst in drei Gottesdiensten auf. <\/p>\n<p>Innovative Band \u201eBeaula trifft Marinemusikkorps<br \/>\nZum Ende des Festivals gibt es am Sonntagabend um 19 Uhr im Kulturzentrum Pumpwerk einen Abend zwischen Ensembleklang und sinfonischer Tiefe: Nach ihrem gefeierten Auftritt beim Festival im Vorjahr kehrt das Berliner Ensemble Beaula zur\u00fcck und pr\u00e4sentiert in diesem Jahr eine besondere musikalische Erweiterung. <\/p>\n<p>Den Programmflyer zum Vibraphon-Festival gibt es an den bekannten Verteilstellen, au\u00dferdem zum Download unter www.havenkirche.de .<\/a><\/p>\n","protected":false},"excerpt":{"rendered":"<p>Start am Ende des Sommers: 5. Wilhelmshavener Vibraphon-Festival wirft seine Schatten voraus &#8211; Wie klingst Du? &#8211; Vibraphon trifft auf Pop und Jazz &#8211; &#8211; Kostenloser Eintritt f\u00fcr alle dank zahlreicher F\u00f6rderer &#8211; Ein ebenso furioses wie vielf\u00e4ltiges musikalisches Wochenende erwartet die kulturell Interessierten Anfang September: Vom 5. bis zum 7. September gibt es die 5. Auflage des Vibraphon-Festivals in Wilhelmshaven. Angeboten und veranstaltet von der Citykirche und der Havenkirche gibt es diesmal ein Programm an f\u00fcnf verschiedenen Orten mit verschiedensten Musikformationen. Billie Eilish trifft auf Schulchor und Vibraphon Den Auftakt macht ein Konzert in der Aula des Neuen Gymnasium&#8230;<\/p>\n","protected":false},"author":6,"featured_media":0,"comment_status":"false","ping_status":"open","sticky":false,"template":"","format":"standard","meta":{"footnotes":""},"categories":[75],"tags":[76],"class_list":["post-27720","post","type-post","status-publish","format-standard","hentry","category-havenkirche","tag-havenkirche"],"_links":{"self":[{"href":"https:\/\/christusnews.de\/site\/wp-json\/wp\/v2\/posts\/27720","targetHints":{"allow":["GET"]}}],"collection":[{"href":"https:\/\/christusnews.de\/site\/wp-json\/wp\/v2\/posts"}],"about":[{"href":"https:\/\/christusnews.de\/site\/wp-json\/wp\/v2\/types\/post"}],"author":[{"embeddable":true,"href":"https:\/\/christusnews.de\/site\/wp-json\/wp\/v2\/users\/6"}],"replies":[{"embeddable":true,"href":"https:\/\/christusnews.de\/site\/wp-json\/wp\/v2\/comments?post=27720"}],"version-history":[{"count":1,"href":"https:\/\/christusnews.de\/site\/wp-json\/wp\/v2\/posts\/27720\/revisions"}],"predecessor-version":[{"id":27721,"href":"https:\/\/christusnews.de\/site\/wp-json\/wp\/v2\/posts\/27720\/revisions\/27721"}],"wp:attachment":[{"href":"https:\/\/christusnews.de\/site\/wp-json\/wp\/v2\/media?parent=27720"}],"wp:term":[{"taxonomy":"category","embeddable":true,"href":"https:\/\/christusnews.de\/site\/wp-json\/wp\/v2\/categories?post=27720"},{"taxonomy":"post_tag","embeddable":true,"href":"https:\/\/christusnews.de\/site\/wp-json\/wp\/v2\/tags?post=27720"}],"curies":[{"name":"wp","href":"https:\/\/api.w.org\/{rel}","templated":true}]}}