{"id":27728,"date":"2025-06-26T12:01:00","date_gmt":"2025-06-26T10:01:00","guid":{"rendered":"https:\/\/christusnews.de\/site\/hauptversammlung-der-norddeutschen-mission-in-togo\/"},"modified":"2025-07-24T11:17:19","modified_gmt":"2025-07-24T09:17:19","slug":"hauptversammlung-der-norddeutschen-mission-in-togo","status":"publish","type":"post","link":"https:\/\/christusnews.de\/site\/hauptversammlung-der-norddeutschen-mission-in-togo\/","title":{"rendered":"Hauptversammlung der Norddeutschen Mission in Togo"},"content":{"rendered":"<h3>Generalsekret\u00e4rin Heike Jakubeit wiedergew\u00e4hlt<\/h3>\n<p>Am 18. und 19. Juni fand die 199. Hauptversammlung der Norddeutschen Mission (NM) in Kpalim\u00e9\/Togo statt. Generalsekret\u00e4rin Heike Jakubeit wurde in ihrem Amt best\u00e4tigt. Inhaltlicher Schwerpunkt war die Diskussion \u00fcber eine neue Namensgebung der NM.<\/p>\n<p>Die erste Amtszeit der 57-j\u00e4hrigen Heike Jakubeit l\u00e4uft in diesem Jahr aus. Daher standen Neuwahlen an. Mit gro\u00dfer Mehrheit wurde die Pastorin der oldenburgischen Kirche f\u00fcr weitere sechs Jahre gew\u00e4hlt.<\/p>\n<p>Weiterhin standen die Finanzen auf der Tagesordnung. Die Jahresrechnung 2023\/24 wurde ebenso angenommen wie das Budget 2026\/27 mit einem Gesamtvolumen von 1,4 Millionen Euro pro Jahr.<\/p>\n<p>Gestartet hatte die Hauptversammlung mit einer Frauenvorkonferenz. Afiwa Allahare aus Togo, Juristin und viele Jahre bei der Allafrikanischen Kirchenkonferenz t\u00e4tig, referierte zum Thema \u201eSeelische Wunden von Frauen\u201c. Dabei ging es um Kr\u00e4nkungen, Dem\u00fctigungen und Gewalt, die Frauen weltweit erfahren m\u00fcssen. Die Frauenvorkonferenz appellierte an die Delegierten der Hauptversammlung, sich bei ihren Kirchen daf\u00fcr einzusetzen, dass Beratungsstellen mit konkreten Hilfsangeboten f\u00fcr betroffene Frauen eingerichtet werden. &nbsp;<\/p>\n<p>Eingeladen waren auch zahlreiche Vertreterinnen und Vertreter des Netzwerks der jungen Erwachsenen der NM.<\/p>\n<p><strong>Norddeutsche Mission <\/strong><br \/> Die NM ist ein Zusammenschluss von vier deutschen evangelischen Landeskirchen (Bremen, Lippe, Oldenburg und Reformiert) mit den evangelischen Kirchen in Ghana und Togo. Gegr\u00fcndet im 19. Jahrhundert ist die Norddeutsche Mission heute ein internationales Gemeinschaftswerk der sechs Kirchen. Zu den Aufgaben der Organisation geh\u00f6rt die Unterst\u00fctzung von Selbsthilfeinitiativen in Westafrika sowie WASH (Wasser, Sanit\u00e4rversorgung und Hygiene). Au\u00dferdem f\u00f6rdert die NM Bildungsarbeit f\u00fcr Nachhaltigkeit in Deutschland und interkulturellen Austausch durch ein Freiwilligenjahr f\u00fcr junge Erwachsene, Nord-S\u00fcd und S\u00fcd-Nord im Rahmen von \u201eweltw\u00e4rts\u201c. Der Sitz der Organisation ist in Bremen.<\/p>\n<p><strong>Weitere Informationen finden Sie unter: <a href=\"https:\/\/www.norddeutschemission.de\" target=\"_blank\" rel=\"noreferrer\">https:\/\/www.norddeutschemission.de<\/a>&nbsp;<\/strong><\/p>\n<p>Kirche-Oldenburg<br \/>\n<a href=\"https:\/\/www.kirche-oldenburg.de\/aktuelles\/detail\/hauptversammlung-der-norddeutschen-mission-in-togo-1\" target=\"_blank\">Hauptversammlung der Norddeutschen Mission in Togo<\/a><\/p>\n","protected":false},"excerpt":{"rendered":"<p>Generalsekret\u00e4rin Heike Jakubeit wiedergew\u00e4hlt Am 18. und 19. Juni fand die 199. Hauptversammlung der Norddeutschen Mission (NM) in Kpalim\u00e9\/Togo statt. Generalsekret\u00e4rin Heike Jakubeit wurde in ihrem Amt best\u00e4tigt. Inhaltlicher Schwerpunkt war die Diskussion \u00fcber eine neue Namensgebung der NM. Die erste Amtszeit der 57-j\u00e4hrigen Heike Jakubeit l\u00e4uft in diesem Jahr aus. Daher standen Neuwahlen an. Mit gro\u00dfer Mehrheit wurde die Pastorin der oldenburgischen Kirche f\u00fcr weitere sechs Jahre gew\u00e4hlt. Weiterhin standen die Finanzen auf der Tagesordnung. Die Jahresrechnung 2023\/24 wurde ebenso angenommen wie das Budget 2026\/27 mit einem Gesamtvolumen von 1,4 Millionen Euro pro Jahr. Gestartet hatte die Hauptversammlung mit&#8230;<\/p>\n","protected":false},"author":7,"featured_media":0,"comment_status":"false","ping_status":"open","sticky":false,"template":"","format":"standard","meta":{"footnotes":""},"categories":[43],"tags":[44],"class_list":["post-27728","post","type-post","status-publish","format-standard","hentry","category-kirche-oldenburg","tag-kirche-oldenburg"],"_links":{"self":[{"href":"https:\/\/christusnews.de\/site\/wp-json\/wp\/v2\/posts\/27728","targetHints":{"allow":["GET"]}}],"collection":[{"href":"https:\/\/christusnews.de\/site\/wp-json\/wp\/v2\/posts"}],"about":[{"href":"https:\/\/christusnews.de\/site\/wp-json\/wp\/v2\/types\/post"}],"author":[{"embeddable":true,"href":"https:\/\/christusnews.de\/site\/wp-json\/wp\/v2\/users\/7"}],"replies":[{"embeddable":true,"href":"https:\/\/christusnews.de\/site\/wp-json\/wp\/v2\/comments?post=27728"}],"version-history":[{"count":1,"href":"https:\/\/christusnews.de\/site\/wp-json\/wp\/v2\/posts\/27728\/revisions"}],"predecessor-version":[{"id":27729,"href":"https:\/\/christusnews.de\/site\/wp-json\/wp\/v2\/posts\/27728\/revisions\/27729"}],"wp:attachment":[{"href":"https:\/\/christusnews.de\/site\/wp-json\/wp\/v2\/media?parent=27728"}],"wp:term":[{"taxonomy":"category","embeddable":true,"href":"https:\/\/christusnews.de\/site\/wp-json\/wp\/v2\/categories?post=27728"},{"taxonomy":"post_tag","embeddable":true,"href":"https:\/\/christusnews.de\/site\/wp-json\/wp\/v2\/tags?post=27728"}],"curies":[{"name":"wp","href":"https:\/\/api.w.org\/{rel}","templated":true}]}}