{"id":27730,"date":"2025-06-22T23:26:00","date_gmt":"2025-06-22T21:26:00","guid":{"rendered":"https:\/\/christusnews.de\/site\/50-jahre-kinder-und-jugendfreizeitstaette-offene-tuer-in-bloherfelde\/"},"modified":"2025-07-24T11:17:20","modified_gmt":"2025-07-24T09:17:20","slug":"50-jahre-kinder-und-jugendfreizeitstaette-offene-tuer-in-bloherfelde","status":"publish","type":"post","link":"https:\/\/christusnews.de\/site\/50-jahre-kinder-und-jugendfreizeitstaette-offene-tuer-in-bloherfelde\/","title":{"rendered":"50 Jahre Kinder- und Jugendfreizeitst\u00e4tte \u201eOffene T\u00fcr\u201c in Bloherfelde"},"content":{"rendered":"<h3>OT bietet Erfahrungsr\u00e4ume von unsch\u00e4tzbarem Wert<\/h3>\n<p>Zum 50-j\u00e4hrigen Jubil\u00e4um der Kinder- und Jugendfreizeitst\u00e4tte \u201eOffene T\u00fcr\u201c (OT) in Bloherfelde \/ Oldenburg am Sonntag, 22. Juni, hat Bischof Thomas Adomeit betont, dass die Idee, jungen Menschen einen verl\u00e4sslichen Ort zu geben, aktueller sei denn je. \u201eHier wurde in den letzten 50 Jahren nicht nur eine T\u00fcr physisch ge\u00f6ffnet, sondern vor allem symbolisch. F\u00fcr Begegnung. F\u00fcr Entwicklung. F\u00fcr ein gelingendes Miteinander\u201c, so Adomeit. In der Arbeit der OT spiegele sich \u201eRespekt und Wertsch\u00e4tzung, Offenheit und Unterst\u00fctzung, Kreativit\u00e4t und Verantwortung\u201c wider.<\/p>\n<p>Die \u201eOffene T\u00fcr\u201c ist eine Kinder- und Jugendfreizeitst\u00e4tte im Herzen von Bloherfelde und Eversten, wo sich Kinder, Jugendliche und junge Erwachsene \u2013 vielfach mit einem Migrationshintergrund \u2013 aus dem Stadtteil treffen, um zusammen ihre Freizeit zu verbringen. Tr\u00e4gerin der Einrichtung ist die Ev.-luth. Gesamtkirchengemeinde Eversten. Die OT wird durch die Stadt Oldenburg gef\u00f6rdert.<\/p>\n<p>Im der Konzeption der OT finde sich ein beeindruckendes Leitbild, betonte Bischof Thomas Adomeit: Alle Menschen seien hier willkommen \u2013 unabh\u00e4ngig von Herkunft, Religion, Geschlecht oder Einschr\u00e4nkungen. Vielfalt werde nicht nur anerkannt, sondern aktiv gelebt. \u201eJunge Menschen werden in ihrer Pers\u00f6nlichkeit gest\u00e4rkt, ihre Kompetenzen werden gef\u00f6rdert, Partizipation wird ernst genommen. Kirche und Kommune ziehen dabei an einem Strang \u2013 mit einem gemeinsamen Ziel: dem Wohl junger Menschen zu dienen.\u201c Dies sei f\u00fcr ihn \u201egelebter Glaube\u201c, ein Ausdruck eines &#8220;christlichen Menschenbildes, das davon ausgeht, dass jeder Mensch einmalig ist \u2013 geliebt und gewollt von Gott\u201c, so Adomeit.&nbsp;<\/p>\n<p>Seit einem halben Jahrhundert h\u00e4tten junge Menschen in der OT einen vertrauten Ort gefunden: \u201ezum Spielen, zum Reden, zum Wachsen. Einen Ort, an dem sie sich zeigen und ausprobieren konnten. Einen Ort, an dem sie ernst genommen wurden \u2013 mit ihren Fragen, Talenten, Ideen und manchmal auch mit ihrem Schweigen\u201c, so Adomeit in seinem Gru\u00dfwort am Sonntag. Begonnen habe alles in den 1970er Jahren im neu entstandenen Kennedy-Viertel in Bloherfelde. Die OT sei von Beginn an mehr als ein Freizeitangebot gewesen. \u201eSie war Heimat auf Zeit, \u00dcbungsraum f\u00fcr Demokratie, B\u00fchne f\u00fcr Kreativit\u00e4t, R\u00fcckzugsort in Krisen. M\u00f6glich gemacht wurde das durch das Engagement von Haupt- und Ehrenamtlichen\u201c, sagte der Oldenburger Bischof.<\/p>\n<p>Adomeit lobte auch die in den 1990er Jahren hinzugekommene Kooperationen mit Schulen, Initiativen, der Stadt Oldenburg und der Kirche. Projekte wie das Junge Theater Bloherfelde, das Graffiti-Projekt oder die Fahrradwerkstatt h\u00e4tten hier ihren Anfang genommen.<\/p>\n<p><strong>Erfahrungsr\u00e4ume von unsch\u00e4tzbarem Wert<\/strong><br \/> Landtagspr\u00e4sidentin Hanna Naber, die auch f\u00fcr die SPD das Direktmandat in Oldenburg-Nord\/West innehat, betonte in ihrem Gru\u00dfwort, dass das Jubil\u00e4um der OT ein Anlass \u201ezum Feiern, zum Innehalten und zum Dankesagen\u201c sei. Die OT sei ein \u201elebendiger Ort der Begegnung, des Miteinanders und des Vertrauens \u2013 mitten im Stadtteil und offen f\u00fcr alle\u201c. F\u00fcr Kinder und Jugendliche seien offene Einrichtungen wie die OT oft ein Ort zum Abh\u00e4ngen. Hier k\u00f6nnten sie sich ausprobieren, Beziehungen aufbauen, ernst genommen werden \u2013 unabh\u00e4ngig von sozialem Status zusammenkommen.<\/p>\n<p>\u201eIn einer Zeit, in der Individualisierung und Vereinzelung zunehmen, brauchen wir R\u00e4ume, die den Dialog zwischen Generationen und Lebenswelten erm\u00f6glichen. Solche generations\u00fcbergreifenden Treffpunkte stiften Identit\u00e4t, f\u00f6rdern Respekt und st\u00e4rken das soziale Gef\u00fcge vor Ort\u201c, so Landtagspr\u00e4sidentin Naber. Gerade in einer sich wandelnden Welt seien solche Erfahrungsr\u00e4ume von unsch\u00e4tzbarem Wert.<\/p>\n<p><strong>50 Jahre \u201eVerl\u00e4sslichkeit und Best\u00e4ndigkeit\u201c<\/strong><br \/> Jan Bembennek, seit Juni Dezernent f\u00fcr Soziales, Jugend und Gesundheit der Stadt Oldenburg, dankte allen Verantwortlichen f\u00fcr 50 Jahre engagierte, verl\u00e4ssliche und kreative Kinder- und Jugendarbeit in und durch die Offene T\u00fcr Bloherfelde. Diese 50 Jahre Jugendarbeit bedeuteten \u201eVerl\u00e4sslichkeit und Best\u00e4ndigkeit\u201c. Die Bed\u00fcrfnisse junger Menschen im Blick zu behalten, ihre Ausdrucksformen als Ausgangspunkt f\u00fcr Bildungs- und Demokratiearbeit zu nutzen und diese in Beteiligungsformen wie etwa dem Jugendrat der OT weiterzuf\u00fchren \u2013 das sei eine gro\u00dfe, t\u00e4gliche Herausforderung, so Dezernent Bembennek. Das bedeute \u201eDa-Sein f\u00fcr junge Menschen, ein offenes Ohr haben, ihre Lebenslagen ernst nehmen und die Arbeit immer wieder neu ausrichten.\u201c Bembennek unterstrich, dass die Offene T\u00fcr unter den zw\u00f6lf Jugendfreizeitst\u00e4tten in der Stadt eine besondere sei: \u201eEine Jugendfreizeitst\u00e4tte in kirchlicher Tr\u00e4gerschaft \u2013 das ist in Niedersachsen nahezu einzigartig.\u201c Die Bedeutung der Einrichtung sei gro\u00df.&nbsp;<\/p>\n<p><strong>Neue Tischtennisplatte f\u00fcr die OT<\/strong><br \/> Kirchen br\u00e4uchten offene T\u00fcren, aber auch Begegnungsr\u00e4ume, damit Menschen aus allen Richtungen ihres Lebens vorbeikommen k\u00f6nnten \u2013 mit ihrem Glauben, ihren Fragen, ihrer Herkunft. Um voneinander zu h\u00f6ren, zu diskutieren, zu streiten, zu spielen und um einen Wegmoment-lang miteinander zu sein, sagte D\u00f6rte Kramer, gesch\u00e4ftsf\u00fchrende Pfarrerin der Gesamtkirchengemeinde Eversten. Dies treffe auf die OT zu. 50 Jahre h\u00e4tten hier Kinder und Jugendliche ganz unterschiedlicher Herkunft gekickert, Tischtennis gespielt, gekocht oder gebastelt, mal laut, mal leiser. Als Geschenk der Kirchengemeinde \u00fcberreichte Kramer einen Gutschein f\u00fcr eine neue Tischtennisplatte, damit auch die n\u00e4chsten f\u00fcnfzig Jahre kraftvoll der Ball gespielt werden k\u00f6nne.<\/p>\n<p>Am Jubil\u00e4umssonntag gab es nach einer Andacht mit Pfarrerin Friederike Deecken aus Bloherfelde&nbsp;und einer Reihe von Gru\u00dfworten noch ein buntes Angebot f\u00fcr junge Menschen mit verschiedenen B\u00fchnenauftritten, H\u00fcpfburg, Fu\u00dfball-Billard, Bratwurst, Hot Dogs und Getr\u00e4nken sowie eine F\u00fchrungen und eine Ausstellung.<\/p>\n<p><strong>Weitere Informationen zur Kinder- und Jugendfreizeitst\u00e4tte \u201eOffene T\u00fcr\u201c in Bloherfelde finden Sie unter: <a href=\"https:\/\/bloherfelde-ot.de\" target=\"_blank\" rel=\"noreferrer\">https:\/\/bloherfelde-ot.de<\/a>&nbsp;&nbsp;<\/strong><\/p>\n<p>&nbsp;<\/p>\n<p>Kirche-Oldenburg<br \/>\n<a href=\"https:\/\/www.kirche-oldenburg.de\/aktuelles\/detail\/50-jahre-kinder-und-jugendfreizeitstaette-offene-tuer-in-bloherfelde\" target=\"_blank\">50 Jahre Kinder- und Jugendfreizeitst\u00e4tte \u201eOffene T\u00fcr\u201c in Bloherfelde<\/a><\/p>\n","protected":false},"excerpt":{"rendered":"<p>OT bietet Erfahrungsr\u00e4ume von unsch\u00e4tzbarem Wert Zum 50-j\u00e4hrigen Jubil\u00e4um der Kinder- und Jugendfreizeitst\u00e4tte \u201eOffene T\u00fcr\u201c (OT) in Bloherfelde \/ Oldenburg am Sonntag, 22. Juni, hat Bischof Thomas Adomeit betont, dass die Idee, jungen Menschen einen verl\u00e4sslichen Ort zu geben, aktueller sei denn je. \u201eHier wurde in den letzten 50 Jahren nicht nur eine T\u00fcr physisch ge\u00f6ffnet, sondern vor allem symbolisch. F\u00fcr Begegnung. F\u00fcr Entwicklung. F\u00fcr ein gelingendes Miteinander\u201c, so Adomeit. In der Arbeit der OT spiegele sich \u201eRespekt und Wertsch\u00e4tzung, Offenheit und Unterst\u00fctzung, Kreativit\u00e4t und Verantwortung\u201c wider. Die \u201eOffene T\u00fcr\u201c ist eine Kinder- und Jugendfreizeitst\u00e4tte im Herzen von Bloherfelde und&#8230;<\/p>\n","protected":false},"author":7,"featured_media":0,"comment_status":"false","ping_status":"open","sticky":false,"template":"","format":"standard","meta":{"footnotes":""},"categories":[43],"tags":[44],"class_list":["post-27730","post","type-post","status-publish","format-standard","hentry","category-kirche-oldenburg","tag-kirche-oldenburg"],"_links":{"self":[{"href":"https:\/\/christusnews.de\/site\/wp-json\/wp\/v2\/posts\/27730","targetHints":{"allow":["GET"]}}],"collection":[{"href":"https:\/\/christusnews.de\/site\/wp-json\/wp\/v2\/posts"}],"about":[{"href":"https:\/\/christusnews.de\/site\/wp-json\/wp\/v2\/types\/post"}],"author":[{"embeddable":true,"href":"https:\/\/christusnews.de\/site\/wp-json\/wp\/v2\/users\/7"}],"replies":[{"embeddable":true,"href":"https:\/\/christusnews.de\/site\/wp-json\/wp\/v2\/comments?post=27730"}],"version-history":[{"count":1,"href":"https:\/\/christusnews.de\/site\/wp-json\/wp\/v2\/posts\/27730\/revisions"}],"predecessor-version":[{"id":27731,"href":"https:\/\/christusnews.de\/site\/wp-json\/wp\/v2\/posts\/27730\/revisions\/27731"}],"wp:attachment":[{"href":"https:\/\/christusnews.de\/site\/wp-json\/wp\/v2\/media?parent=27730"}],"wp:term":[{"taxonomy":"category","embeddable":true,"href":"https:\/\/christusnews.de\/site\/wp-json\/wp\/v2\/categories?post=27730"},{"taxonomy":"post_tag","embeddable":true,"href":"https:\/\/christusnews.de\/site\/wp-json\/wp\/v2\/tags?post=27730"}],"curies":[{"name":"wp","href":"https:\/\/api.w.org\/{rel}","templated":true}]}}