{"id":27736,"date":"2025-06-09T12:48:19","date_gmt":"2025-06-09T10:48:19","guid":{"rendered":"https:\/\/christusnews.de\/site\/gott-ruft-die-menschen-in-die-verantwortung\/"},"modified":"2025-07-24T11:17:22","modified_gmt":"2025-07-24T09:17:22","slug":"gott-ruft-die-menschen-in-die-verantwortung","status":"publish","type":"post","link":"https:\/\/christusnews.de\/site\/gott-ruft-die-menschen-in-die-verantwortung\/","title":{"rendered":"Gott ruft die Menschen in die Verantwortung"},"content":{"rendered":"<h3>Bischof Thomas Adomeit: Die Welt braucht den Geist der Vergebung, der Barmherzigkeit und der Hoffnung dringender denn je&nbsp;<\/h3>\n<p>Die Welt brauche den Geist der Vergebung, der Barmherzigkeit und der Hoffnung dringender denn je, betonte der Oldenburger Bischof Thomas Adomeit in seiner Predigt am Pfingstmontag, 9. Juni, in der Oldenburger St.-Lamberti-Kirche. \u201eIn einer Zeit, in der sich Menschen voneinander entfernen, in der Spaltung und Polarisierung wachsen, setzt der Heilige Geist auf Gemeinschaft, auf das Miteinander.\u201c Der Geist lehre die Menschen, Unterschiede nicht als Bedrohung, sondern als Reichtum zu begreifen. \u201eEr ermutigt uns, \u00fcber Gr\u00e4ben hinweg Br\u00fccken zu bauen, den Dialog zu suchen, auch dort, wo es schwerf\u00e4llt\u201c, so der Bischof der Ev.-Luth. Kirche in Oldenburg in seiner Predigt (Matth\u00e4us 16,13-19).<\/p>\n<p>Angesichts der vielf\u00e4ltigen Krisen in der Welt s\u00e4\u00dfen viele Menschen hinter verschlossenen T\u00fcren ihrer Angst, ihrer Einsamkeit, ihrer Verzweiflung. Verst\u00e4rkt werde dies durch die Kriege in der Ukraine und im Nahen Osten, politische Instabilit\u00e4t, Fl\u00fcchtlingsstr\u00f6me, soziale Ungleichheiten, Klimakatastrophen. Die Sch\u00f6pfung \u00e4chze unter der Last menschlichen Tuns, so Adomeit. \u201eWir erleben das Ringen um Wahrheit und Orientierung in einer Welt, in der Meinungen lauter werden als Fakten, in der Populismus und Nationalismus wieder salonf\u00e4hig werden.\u201c&nbsp;<\/p>\n<p>Doch Pfingsten bedeute: Gott rufe die Menschen in die Verantwortung. \u201eNicht als perfekte Menschen, sondern als Glaubende mit all unseren Schw\u00e4chen.\u201c Gott wirke gerade durch die Schw\u00e4chen der Menschen, durch ihre Unvollkommenheit und Bed\u00fcrftigkeit. Dabei durchbreche der Geist Gottes die verschlossenen T\u00fcren der Angst, er sei st\u00e4rker als die Angst. Das verhei\u00dfe Pfingsten. Zu diesen \u00c4ngsten geh\u00f6rten \u201edie Sorge um unsere Demokratie, die Angst vor dem Klimawandel, die Ohnmacht angesichts internationaler Konflikte, die Spaltung unserer Gesellschaft.\u201c&nbsp;<\/p>\n<p>Der Geist Gottes wirke konkret, sagte Bischof Adomeit. \u201eIn Menschen, die sich f\u00fcr den Frieden einsetzen, die Gerechtigkeit suchen, die sich f\u00fcr Fl\u00fcchtlinge engagieren, die den Mut haben, Vers\u00f6hnung zu wagen, die Verantwortung f\u00fcr die Bewahrung der Sch\u00f6pfung \u00fcbernehmen.\u201c Der Geist Gottes gebe die Kraft, die Welt nicht sich selbst zu \u00fcberlassen.<\/p>\n<p>Der Heilige Geist sei auch ein Geist der Erneuerung. Er lasse die Menschen nicht erstarren in alten Mustern, sondern rufe sie zu mutigen Ver\u00e4nderungen auf. \u201eAuch unsere Kirche steht in einem tiefgreifenden Wandel. Mitgliederzahlen sinken, alte Gewissheiten tragen nicht mehr. Aber an Pfingsten lernen wir: Kirche ist nicht Institution allein. Kirche ist Gemeinschaft derer, die im Geist Gottes miteinander verbunden sind. Kirche lebt da, wo Menschen zusammenkommen, um Gottes Wort zu h\u00f6ren, Sakramente zu empfangen und in seinem Geist zu handeln.\u201c<\/p>\n<p>F\u00fcr Bischof Adomeit ist der Heilige Geist aber auch der Geist des Trostes. In pers\u00f6nlichen Krisen, in Krankheit, Trauer, Einsamkeit, in all den Br\u00fcchen des Lebens, sei er der Tr\u00f6ster, der st\u00e4rke und neue Wege er\u00f6ffne. Der Geist Gottes sei keine einmalige Gabe, sondern eine fortw\u00e4hrende Kraft, die Generation f\u00fcr Generation neu Menschen berufe und begeistere.&nbsp;<\/p>\n<p><strong>Hier finden Sie den vollen <a href=\"https:\/\/www.kirche-oldenburg.de\/fileadmin\/elkio\/presse\/2025\/downloads\/Predigt-Adomeit-Pfingstmontag-2025.pdf\">Wortlaut der Pfingstmontagspredigt von Bischof Thomas Adomeit<\/a> im Format PDF.<\/strong><\/p>\n<p>&nbsp;<\/p>\n<p>Kirche-Oldenburg<br \/>\n<a href=\"https:\/\/www.kirche-oldenburg.de\/aktuelles\/detail\/gott-ruft-die-menschen-in-die-verantwortung\" target=\"_blank\">Gott ruft die Menschen in die Verantwortung<\/a><\/p>\n","protected":false},"excerpt":{"rendered":"<p>Bischof Thomas Adomeit: Die Welt braucht den Geist der Vergebung, der Barmherzigkeit und der Hoffnung dringender denn je&nbsp; Die Welt brauche den Geist der Vergebung, der Barmherzigkeit und der Hoffnung dringender denn je, betonte der Oldenburger Bischof Thomas Adomeit in seiner Predigt am Pfingstmontag, 9. Juni, in der Oldenburger St.-Lamberti-Kirche. \u201eIn einer Zeit, in der sich Menschen voneinander entfernen, in der Spaltung und Polarisierung wachsen, setzt der Heilige Geist auf Gemeinschaft, auf das Miteinander.\u201c Der Geist lehre die Menschen, Unterschiede nicht als Bedrohung, sondern als Reichtum zu begreifen. \u201eEr ermutigt uns, \u00fcber Gr\u00e4ben hinweg Br\u00fccken zu bauen, den Dialog zu&#8230;<\/p>\n","protected":false},"author":7,"featured_media":0,"comment_status":"false","ping_status":"open","sticky":false,"template":"","format":"standard","meta":{"footnotes":""},"categories":[43],"tags":[44],"class_list":["post-27736","post","type-post","status-publish","format-standard","hentry","category-kirche-oldenburg","tag-kirche-oldenburg"],"_links":{"self":[{"href":"https:\/\/christusnews.de\/site\/wp-json\/wp\/v2\/posts\/27736","targetHints":{"allow":["GET"]}}],"collection":[{"href":"https:\/\/christusnews.de\/site\/wp-json\/wp\/v2\/posts"}],"about":[{"href":"https:\/\/christusnews.de\/site\/wp-json\/wp\/v2\/types\/post"}],"author":[{"embeddable":true,"href":"https:\/\/christusnews.de\/site\/wp-json\/wp\/v2\/users\/7"}],"replies":[{"embeddable":true,"href":"https:\/\/christusnews.de\/site\/wp-json\/wp\/v2\/comments?post=27736"}],"version-history":[{"count":1,"href":"https:\/\/christusnews.de\/site\/wp-json\/wp\/v2\/posts\/27736\/revisions"}],"predecessor-version":[{"id":27737,"href":"https:\/\/christusnews.de\/site\/wp-json\/wp\/v2\/posts\/27736\/revisions\/27737"}],"wp:attachment":[{"href":"https:\/\/christusnews.de\/site\/wp-json\/wp\/v2\/media?parent=27736"}],"wp:term":[{"taxonomy":"category","embeddable":true,"href":"https:\/\/christusnews.de\/site\/wp-json\/wp\/v2\/categories?post=27736"},{"taxonomy":"post_tag","embeddable":true,"href":"https:\/\/christusnews.de\/site\/wp-json\/wp\/v2\/tags?post=27736"}],"curies":[{"name":"wp","href":"https:\/\/api.w.org\/{rel}","templated":true}]}}