{"id":27744,"date":"2025-05-20T23:27:00","date_gmt":"2025-05-20T21:27:00","guid":{"rendered":"https:\/\/christusnews.de\/site\/synode-der-oldenburgischen-kirche-tagt-ab-donnerstag-in-rastede\/"},"modified":"2025-07-24T11:17:24","modified_gmt":"2025-07-24T09:17:24","slug":"synode-der-oldenburgischen-kirche-tagt-ab-donnerstag-in-rastede","status":"publish","type":"post","link":"https:\/\/christusnews.de\/site\/synode-der-oldenburgischen-kirche-tagt-ab-donnerstag-in-rastede\/","title":{"rendered":"Synode der oldenburgischen Kirche tagt ab Donnerstag in Rastede"},"content":{"rendered":"<h3>Sexualisierte Gewalt: Oldenburgische Kirche spricht mit Betroffenen<\/h3>\n<p>Von Donnerstag bis Sonnabend, 22. bis 24. Mai, tritt die Synode der Ev.-Luth. Kirche in Oldenburg im Evangelischen Bildungshaus in Rastede zu ihrer 11. Tagung zusammen.&nbsp;<\/p>\n<p>Die 11. Tagung der 49. Synode der oldenburgischen Kirche beginnt am Donnerstag, 22. Mai, um 9:00 Uhr mit einem Gottesdienst in der St.-Ulrichs-Kirche in Rastede (Predigt: Pfarrerin Dr. Hanna Keese).&nbsp;<br \/> Die Beratungen beginnen am Donnerstag 11:00 Uhr im Evangelischen Bildungshaus Rastede.<\/p>\n<p>Die Synode wird sich am Donnerstagnachmittag schwerpunktm\u00e4\u00dfig mit dem Thema \u201ePr\u00e4vention, Aufarbeitung und Anerkennung von sexualisierter Gewalt\u201c besch\u00e4ftigen. Dazu hat das Kirchenparlament die Betroffenenvertreterin Nancy Janz aus Bremen und eine weitere von sexualisierter Gewalt betroffene Person eingeladen, so Synodenpr\u00e4sidentin Sabine Bl\u00fctchen im Vorfeld der Synodentagung. Der direkte Austausch zwischen den Delegierten und den Betroffenen ist nicht \u00f6ffentlich.<\/p>\n<p>Es gehe darum, Anregungen und W\u00fcnsche der Betroffenen ernst zu nehmen und als Kirche zu helfen, sagte Bl\u00fctchen: \u201eWir k\u00f6nnen nur so wenig tun, um das Leid zu lindern.\u201c Da gebiete es schon der Respekt, die Betroffenen zu Wort kommen zu lassen. Bischof Thomas Adomeit erg\u00e4nzte, das Treffen sei die Fortsetzung von Gespr\u00e4chen auf einer anderen Ebene. Er selbst habe bereits mit Betroffenen gesprochen. \u201eWir wollen alle Gespr\u00e4chskan\u00e4le offenhalten.\u201c<\/p>\n<p>Ein weiterer Schwerpunkt der Synode ist am Freitagnachmittag das Jahresthema 2025 \u201eLauter Glaube\u201c. Die Delegierten sollen sich laut Adomeit in Arbeitsgruppen darin \u00fcben, \u00f6ffentlich \u00fcber ihren Glauben zu sprechen. Au\u00dferdem gehe es darum, neue Verk\u00fcndigungsformen auszuprobieren. Dazu geh\u00f6rten die sozialen Medien, digitale Podcasts oder Gedichte. Die biblische Botschaft werde seit mehr als 2.000 Jahren mit den Medien der jeweiligen Zeit weitergetragen. Auch der Reformator Martin Luther habe sich des Buchdrucks bedient &#8211; einer zu seiner Zeit revolution\u00e4ren neuen Erfindung. Das Jahresthema wird vorwiegend in Gespr\u00e4chsgruppen und anschlie\u00dfenden Workshops behandelt werden und es wird verschiedene Impulse geben.<\/p>\n<p>Auf der Tagesordnung stehen weiterhin der Bericht aus dem Gemeinsamen Kirchenausschuss, der Bericht zur Konsolidierung des Diakonischen Werks der oldenburgischen Kirche, ein Zwischenbericht zur Weiterentwicklung des Ev. Bildungshauses Rastede, der Priorit\u00e4tenprozes s und ein Projektplan zur Umsetzung sowie zahlreiche Berichte aus Synodenaussch\u00fcssen und Arbeitsbereichen.&nbsp;<\/p>\n<p>Dar\u00fcber hinaus wird die Synode verschiedene Kirchengesetze beraten, so z. B. das Rahmenpfarrstellenplangesetz, das Rahmenpfarrstellenplanerprobungsgesetz und das Kirchenverwaltungsgesetz.&nbsp;<\/p>\n<p><strong>Die Verhandlungen der Synode k\u00f6nnen im Live-Stream verfolgt werden, der unter dem Link: <a href=\"https:\/\/www.kirche-oldenburg.de\/synode\/live\" target=\"_blank\">www.kirche-oldenburg.de\/synode\/live<\/a>&nbsp;angeboten wird.&nbsp;<\/strong><br \/> &nbsp;<\/p>\n<p>Kirche-Oldenburg<br \/>\n<a href=\"https:\/\/www.kirche-oldenburg.de\/aktuelles\/detail\/synode-der-oldenburgischen-kirche-tagt-ab-donnerstag-in-rastede\" target=\"_blank\">Synode der oldenburgischen Kirche tagt ab Donnerstag in Rastede<\/a><\/p>\n","protected":false},"excerpt":{"rendered":"<p>Sexualisierte Gewalt: Oldenburgische Kirche spricht mit Betroffenen Von Donnerstag bis Sonnabend, 22. bis 24. Mai, tritt die Synode der Ev.-Luth. Kirche in Oldenburg im Evangelischen Bildungshaus in Rastede zu ihrer 11. Tagung zusammen.&nbsp; Die 11. Tagung der 49. Synode der oldenburgischen Kirche beginnt am Donnerstag, 22. Mai, um 9:00 Uhr mit einem Gottesdienst in der St.-Ulrichs-Kirche in Rastede (Predigt: Pfarrerin Dr. Hanna Keese).&nbsp; Die Beratungen beginnen am Donnerstag 11:00 Uhr im Evangelischen Bildungshaus Rastede. Die Synode wird sich am Donnerstagnachmittag schwerpunktm\u00e4\u00dfig mit dem Thema \u201ePr\u00e4vention, Aufarbeitung und Anerkennung von sexualisierter Gewalt\u201c besch\u00e4ftigen. Dazu hat das Kirchenparlament die Betroffenenvertreterin Nancy Janz&#8230;<\/p>\n","protected":false},"author":7,"featured_media":0,"comment_status":"false","ping_status":"open","sticky":false,"template":"","format":"standard","meta":{"footnotes":""},"categories":[43],"tags":[44],"class_list":["post-27744","post","type-post","status-publish","format-standard","hentry","category-kirche-oldenburg","tag-kirche-oldenburg"],"_links":{"self":[{"href":"https:\/\/christusnews.de\/site\/wp-json\/wp\/v2\/posts\/27744","targetHints":{"allow":["GET"]}}],"collection":[{"href":"https:\/\/christusnews.de\/site\/wp-json\/wp\/v2\/posts"}],"about":[{"href":"https:\/\/christusnews.de\/site\/wp-json\/wp\/v2\/types\/post"}],"author":[{"embeddable":true,"href":"https:\/\/christusnews.de\/site\/wp-json\/wp\/v2\/users\/7"}],"replies":[{"embeddable":true,"href":"https:\/\/christusnews.de\/site\/wp-json\/wp\/v2\/comments?post=27744"}],"version-history":[{"count":1,"href":"https:\/\/christusnews.de\/site\/wp-json\/wp\/v2\/posts\/27744\/revisions"}],"predecessor-version":[{"id":27745,"href":"https:\/\/christusnews.de\/site\/wp-json\/wp\/v2\/posts\/27744\/revisions\/27745"}],"wp:attachment":[{"href":"https:\/\/christusnews.de\/site\/wp-json\/wp\/v2\/media?parent=27744"}],"wp:term":[{"taxonomy":"category","embeddable":true,"href":"https:\/\/christusnews.de\/site\/wp-json\/wp\/v2\/categories?post=27744"},{"taxonomy":"post_tag","embeddable":true,"href":"https:\/\/christusnews.de\/site\/wp-json\/wp\/v2\/tags?post=27744"}],"curies":[{"name":"wp","href":"https:\/\/api.w.org\/{rel}","templated":true}]}}