{"id":27748,"date":"2025-07-30T19:00:11","date_gmt":"2025-07-30T17:00:11","guid":{"rendered":"https:\/\/christusnews.de\/site\/das-lichterzelt-am-letzen-abend-in-den-wildflecken-camps-noch-einmal-leuchtet-die-gemeinsame-zeit-auf-es-waren-wunderbare-camps-in-der-rhoen-am-fusse-des-kreuzberges-360-kinder-jugendliche-und-er\/"},"modified":"2025-07-30T23:17:45","modified_gmt":"2025-07-30T21:17:45","slug":"das-lichterzelt-am-letzen-abend-in-den-wildflecken-camps-noch-einmal-leuchtet-die-gemeinsame-zeit-auf-es-waren-wunderbare-camps-in-der-rhoen-am-fusse-des-kreuzberges-360-kinder-jugendliche-und-er","status":"publish","type":"post","link":"https:\/\/christusnews.de\/site\/das-lichterzelt-am-letzen-abend-in-den-wildflecken-camps-noch-einmal-leuchtet-die-gemeinsame-zeit-auf-es-waren-wunderbare-camps-in-der-rhoen-am-fusse-des-kreuzberges-360-kinder-jugendliche-und-er\/","title":{"rendered":"Das Lichterzelt am letzen Abend in den Wildflecken Camps.\nNoch einmal leuchtet die gemeinsame Zeit auf.\nEs waren wunderbare Camps in der Rh\u00f6n am Fu\u00dfe des Kreuzberges. \n360 Kinder, Jugendliche und Erwachsene waren im \nKonfi-Camp, bei den Praxistagen (=Ausbildungscamp f\u00fcr Teamer), im Jugend-Camp und im Kinder-Camp. \nDamit sich alle Familien diese Camps leisten k\u00f6nnen,\nwerden jedes Jahr viele Spenden in die Camparbeit investiert.\nDas reduzierte die Teilnehmenden-Beitr\u00e4ge und wir k\u00f6nnen Zusch\u00fcsse f\u00fcr Familien erm\u00f6glichen. \nUns haben viele Einzelspenden geholfen. Danke f\u00fcr eure Beitr\u00e4ge. \nDazu kommen Spenden von: \nder August-Desenz-Stiftung,\nden Flotten Nadeln der Havenkirche, \ndem Kuratorium Gorch-Fock-Haus Marinemusik Corps, \nder WZ-Weihnachtsaktion und \nder Aktion &quot;Ferienerlebnisse erm\u00f6glichen&quot;\nAuch bei der Trauerfeier f\u00fcr Bernhard Busemann wurden zahlreiche Spenden f\u00fcr Wildflecken gesammelt. \nDanke an alle, die auch in diesem Sommer die Wildflecken Camp\u00fcs zum Leuchten gebracht haben. \n\n#wildfleckencamp #havenkirche #kindercamp #konficamp #spenden #kircheoldenburg"},"content":{"rendered":"<p>Das Lichterzelt am letzen Abend in den Wildflecken Camps.<br \/>\nNoch einmal leuchtet die gemeinsame Zeit auf.<br \/>\nEs waren wunderbare Camps in der Rh\u00f6n am Fu\u00dfe des Kreuzberges.<br \/>\n360 Kinder, Jugendliche und Erwachsene waren im<br \/>\nKonfi-Camp, bei den Praxistagen (=Ausbildungscamp f\u00fcr Teamer), im Jugend-Camp und im Kinder-Camp.<br \/>\nDamit sich alle Familien diese Camps leisten k\u00f6nnen,<br \/>\nwerden jedes Jahr viele Spenden in die Camparbeit investiert.<br \/>\nDas reduzierte die Teilnehmenden-Beitr\u00e4ge und wir k\u00f6nnen Zusch\u00fcsse f\u00fcr Familien erm\u00f6glichen.<br \/>\nUns haben viele Einzelspenden geholfen. Danke f\u00fcr eure Beitr\u00e4ge.<br \/>\nDazu kommen Spenden von:<br \/>\nder August-Desenz-Stiftung,<br \/>\nden Flotten Nadeln der Havenkirche,<br \/>\ndem Kuratorium Gorch-Fock-Haus Marinemusik Corps,<br \/>\nder WZ-Weihnachtsaktion und<br \/>\nder Aktion &#8220;Ferienerlebnisse erm\u00f6glichen&#8221;<br \/>\nAuch bei der Trauerfeier f\u00fcr Bernhard Busemann wurden zahlreiche Spenden f\u00fcr Wildflecken gesammelt.<br \/>\nDanke an alle, die auch in diesem Sommer die Wildflecken Camp\u00fcs zum Leuchten gebracht haben. <\/p>\n<p>#wildfleckencamp #havenkirche #kindercamp #konficamp #spenden #kircheoldenburg<br \/>\nHAVENKIRCHE@FB<br \/>\n<a href=\"https:\/\/www.facebook.com\/396185572708352\/posts\/1061850909475145\" target=\"_blank\">Das Lichterzelt am letzen Abend in den Wildflecken Camps.<br \/>\nNoch einmal leuchtet die gemeinsame Zeit auf.<br \/>\nEs waren wunderbare Camps in der Rh\u00f6n am Fu\u00dfe des Kreuzberges.<br \/>\n360 Kinder, Jugendliche und Erwachsene waren im<br \/>\nKonfi-Camp, bei den Praxistagen (=Ausbildungscamp f\u00fcr Teamer), im Jugend-Camp und im Kinder-Camp.<br \/>\nDamit sich alle Familien diese Camps leisten k\u00f6nnen,<br \/>\nwerden jedes Jahr viele Spenden in die Camparbeit investiert.<br \/>\nDas reduzierte die Teilnehmenden-Beitr\u00e4ge und wir k\u00f6nnen Zusch\u00fcsse f\u00fcr Familien erm\u00f6glichen.<br \/>\nUns haben viele Einzelspenden geholfen. Danke f\u00fcr eure Beitr\u00e4ge.<br \/>\nDazu kommen Spenden von:<br \/>\nder August-Desenz-Stiftung,<br \/>\nden Flotten Nadeln der Havenkirche,<br \/>\ndem Kuratorium Gorch-Fock-Haus Marinemusik Corps,<br \/>\nder WZ-Weihnachtsaktion und<br \/>\nder Aktion &quot;Ferienerlebnisse erm\u00f6glichen&quot;<br \/>\nAuch bei der Trauerfeier f\u00fcr Bernhard Busemann wurden zahlreiche Spenden f\u00fcr Wildflecken gesammelt.<br \/>\nDanke an alle, die auch in diesem Sommer die Wildflecken Camp\u00fcs zum Leuchten gebracht haben. <\/p>\n<p>#wildfleckencamp #havenkirche #kindercamp #konficamp #spenden #kircheoldenburg<\/a><\/p>\n","protected":false},"excerpt":{"rendered":"<p>Das Lichterzelt am letzen Abend in den Wildflecken Camps. Noch einmal leuchtet die gemeinsame Zeit auf. Es waren wunderbare Camps in der Rh\u00f6n am Fu\u00dfe des Kreuzberges. 360 Kinder, Jugendliche und Erwachsene waren im Konfi-Camp, bei den Praxistagen (=Ausbildungscamp f\u00fcr Teamer), im Jugend-Camp und im Kinder-Camp. Damit sich alle Familien diese Camps leisten k\u00f6nnen, werden jedes Jahr viele Spenden in die Camparbeit investiert. Das reduzierte die Teilnehmenden-Beitr\u00e4ge und wir k\u00f6nnen Zusch\u00fcsse f\u00fcr Familien erm\u00f6glichen. Uns haben viele Einzelspenden geholfen. Danke f\u00fcr eure Beitr\u00e4ge. Dazu kommen Spenden von: der August-Desenz-Stiftung, den Flotten Nadeln der Havenkirche, dem Kuratorium Gorch-Fock-Haus Marinemusik Corps, der&#8230;<\/p>\n","protected":false},"author":6,"featured_media":0,"comment_status":"false","ping_status":"open","sticky":false,"template":"","format":"standard","meta":{"footnotes":""},"categories":[75],"tags":[76],"class_list":["post-27748","post","type-post","status-publish","format-standard","hentry","category-havenkirche","tag-havenkirche"],"_links":{"self":[{"href":"https:\/\/christusnews.de\/site\/wp-json\/wp\/v2\/posts\/27748","targetHints":{"allow":["GET"]}}],"collection":[{"href":"https:\/\/christusnews.de\/site\/wp-json\/wp\/v2\/posts"}],"about":[{"href":"https:\/\/christusnews.de\/site\/wp-json\/wp\/v2\/types\/post"}],"author":[{"embeddable":true,"href":"https:\/\/christusnews.de\/site\/wp-json\/wp\/v2\/users\/6"}],"replies":[{"embeddable":true,"href":"https:\/\/christusnews.de\/site\/wp-json\/wp\/v2\/comments?post=27748"}],"version-history":[{"count":1,"href":"https:\/\/christusnews.de\/site\/wp-json\/wp\/v2\/posts\/27748\/revisions"}],"predecessor-version":[{"id":27749,"href":"https:\/\/christusnews.de\/site\/wp-json\/wp\/v2\/posts\/27748\/revisions\/27749"}],"wp:attachment":[{"href":"https:\/\/christusnews.de\/site\/wp-json\/wp\/v2\/media?parent=27748"}],"wp:term":[{"taxonomy":"category","embeddable":true,"href":"https:\/\/christusnews.de\/site\/wp-json\/wp\/v2\/categories?post=27748"},{"taxonomy":"post_tag","embeddable":true,"href":"https:\/\/christusnews.de\/site\/wp-json\/wp\/v2\/tags?post=27748"}],"curies":[{"name":"wp","href":"https:\/\/api.w.org\/{rel}","templated":true}]}}