{"id":27754,"date":"2025-08-01T18:57:49","date_gmt":"2025-08-01T16:57:49","guid":{"rendered":"https:\/\/christusnews.de\/site\/drei-auszubildende-starten-bei-oldenburgischer-kirche\/"},"modified":"2025-08-01T23:17:23","modified_gmt":"2025-08-01T21:17:23","slug":"drei-auszubildende-starten-bei-oldenburgischer-kirche","status":"publish","type":"post","link":"https:\/\/christusnews.de\/site\/drei-auszubildende-starten-bei-oldenburgischer-kirche\/","title":{"rendered":"Drei Auszubildende starten bei oldenburgischer Kirche"},"content":{"rendered":"<h3>Gottes Segen f\u00fcr angehende Nachwuchskr\u00e4fte<\/h3>\n<p>Am 1. August haben drei Auszubildende ihre Ausbildung bei der Ev.-Luth. Kirche in Oldenburg begonnen. Zwei Auszubildende starten im Bereich Verwaltung und einer als Fachinformatiker f\u00fcr Systemintegration. Los ging es mit einer Andacht in der Kapelle des Oberkirchenrates in Oldenburg, in der alle herzlich begr\u00fc\u00dft wurden und ihnen Gottes Segen f\u00fcr die kommenden Jahre zugesprochen wurde.<\/p>\n<p>Justin Haughey wird in der kooperierten Regionalen Dienststelle (RDS) RDS Delmenhorst \/ Oldenburg Land \/ Oldenburger M\u00fcnsterland ausgebildet, Florian Ravenstein durchl\u00e4uft die Abteilungen in der Zentralen Dienststelle (ZDS) und Justus zur Loye ist in der Abteilung IT und Organisation im Oberkirchenrat in Oldenburg eingesetzt. Die jeweilige Ausbildung dauert in der Regel drei Jahre und wird durch Praxiseins\u00e4tze erg\u00e4nzt. Die Ev.-Luth. Kirche in Oldenburg freue sich \u00fcber die angehenden Nachwuchskr\u00e4fte, betonte Sina von der Burg, Teamleitung Personal in der Gemeinsamen Kirchenverwaltung.<\/p>\n<p><strong>Hier finden Sie weitere Informationen zu <\/strong><a href=\"https:\/\/www.kirche-oldenburg.de\/stellenboerse\/ausbildung\" target=\"_blank\"><strong>Ausbildungsm\u00f6glichkeiten bei der Ev.-Luth. Kirche in Oldenburg<\/strong><\/a><strong>.&nbsp;<\/strong><br \/>&nbsp;<\/p>\n<p>Kirche-Oldenburg<br \/>\n<a href=\"https:\/\/www.kirche-oldenburg.de\/aktuelles\/detail\/drei-auszubildende-starten-bei-oldenburgischer-kirche\" target=\"_blank\">Drei Auszubildende starten bei oldenburgischer Kirche<\/a><\/p>\n","protected":false},"excerpt":{"rendered":"<p>Gottes Segen f\u00fcr angehende Nachwuchskr\u00e4fte Am 1. August haben drei Auszubildende ihre Ausbildung bei der Ev.-Luth. Kirche in Oldenburg begonnen. Zwei Auszubildende starten im Bereich Verwaltung und einer als Fachinformatiker f\u00fcr Systemintegration. Los ging es mit einer Andacht in der Kapelle des Oberkirchenrates in Oldenburg, in der alle herzlich begr\u00fc\u00dft wurden und ihnen Gottes Segen f\u00fcr die kommenden Jahre zugesprochen wurde. Justin Haughey wird in der kooperierten Regionalen Dienststelle (RDS) RDS Delmenhorst \/ Oldenburg Land \/ Oldenburger M\u00fcnsterland ausgebildet, Florian Ravenstein durchl\u00e4uft die Abteilungen in der Zentralen Dienststelle (ZDS) und Justus zur Loye ist in der Abteilung IT und Organisation&#8230;<\/p>\n","protected":false},"author":7,"featured_media":0,"comment_status":"false","ping_status":"open","sticky":false,"template":"","format":"standard","meta":{"footnotes":""},"categories":[43],"tags":[44],"class_list":["post-27754","post","type-post","status-publish","format-standard","hentry","category-kirche-oldenburg","tag-kirche-oldenburg"],"_links":{"self":[{"href":"https:\/\/christusnews.de\/site\/wp-json\/wp\/v2\/posts\/27754","targetHints":{"allow":["GET"]}}],"collection":[{"href":"https:\/\/christusnews.de\/site\/wp-json\/wp\/v2\/posts"}],"about":[{"href":"https:\/\/christusnews.de\/site\/wp-json\/wp\/v2\/types\/post"}],"author":[{"embeddable":true,"href":"https:\/\/christusnews.de\/site\/wp-json\/wp\/v2\/users\/7"}],"replies":[{"embeddable":true,"href":"https:\/\/christusnews.de\/site\/wp-json\/wp\/v2\/comments?post=27754"}],"version-history":[{"count":1,"href":"https:\/\/christusnews.de\/site\/wp-json\/wp\/v2\/posts\/27754\/revisions"}],"predecessor-version":[{"id":27755,"href":"https:\/\/christusnews.de\/site\/wp-json\/wp\/v2\/posts\/27754\/revisions\/27755"}],"wp:attachment":[{"href":"https:\/\/christusnews.de\/site\/wp-json\/wp\/v2\/media?parent=27754"}],"wp:term":[{"taxonomy":"category","embeddable":true,"href":"https:\/\/christusnews.de\/site\/wp-json\/wp\/v2\/categories?post=27754"},{"taxonomy":"post_tag","embeddable":true,"href":"https:\/\/christusnews.de\/site\/wp-json\/wp\/v2\/tags?post=27754"}],"curies":[{"name":"wp","href":"https:\/\/api.w.org\/{rel}","templated":true}]}}