{"id":27756,"date":"2025-08-01T14:23:44","date_gmt":"2025-08-01T12:23:44","guid":{"rendered":"https:\/\/christusnews.de\/site\/gemeinsamer-verantwortung-fuer-klimagerechtes-handeln-gerecht-werden\/"},"modified":"2025-08-01T23:17:24","modified_gmt":"2025-08-01T21:17:24","slug":"gemeinsamer-verantwortung-fuer-klimagerechtes-handeln-gerecht-werden","status":"publish","type":"post","link":"https:\/\/christusnews.de\/site\/gemeinsamer-verantwortung-fuer-klimagerechtes-handeln-gerecht-werden\/","title":{"rendered":"Gemeinsamer Verantwortung f\u00fcr klimagerechtes Handeln gerecht werden"},"content":{"rendered":"<h3>Lucas S\u00f6ker wird Leiter der Arbeitsstelle f\u00fcr Umweltfragen und Klimaschutz<\/h3>\n<h3>&nbsp;<\/h3>\n<p>Seit Anfang August ist Lucas S\u00f6ker Leiter der Arbeitsstelle f\u00fcr Umweltfragen und Klimaschutz (ASUK) in der Evangelisch-Lutherischen Kirche in Oldenburg. Hauptaufgabe ist, die strategische Umsetzung des im November 2023 verabschiedeten Klimaschutzgesetzes und die Selbstverpflichtungen zum Klimaschutz der oldenburgischen Kirche zu begleiten und voranzutreiben. S\u00f6ker wird Nachfolger von Pfarrer Dr. Urs-Ullrich Muther, der im Dezember 2024 zum Kreispfarrer f\u00fcr den Ev.-luth. Kirchenkreis Ammerland gew\u00e4hlt worden ist.<\/p>\n<p>Lucas S\u00f6ker bringe f\u00fcr diese \u201eanspruchsvolle und profilierte Aufgabe langj\u00e4hrige Erfahrung mit\u201c, so Bischof Thomas Adomeit. Seit 19 Jahren sei er in unterschiedlichen Rollen in der oldenburgischen Kirche t\u00e4tig \u2013 zuletzt im Referat Bildung sowie im Landesjugendpfarramt. S\u00f6ker sei versiert in Gesch\u00e4ftsf\u00fchrung, \u00d6ffentlichkeitsarbeit und Fundraising. Dar\u00fcber hinaus sei S\u00f6ker \u201ehochmotiviert, gemeinsam mit dem Team der Arbeitsstelle konkrete Ver\u00e4nderungsprozesse anzusto\u00dfen und zu begleiten\u201c.<\/p>\n<p><strong>Team der Arbeitsstelle f\u00fcr Umweltfragen und Klimaschutz&nbsp;<\/strong><br \/>Unterst\u00fctzt wird S\u00f6ker bei seiner neuen Aufgabe unter anderen von der Beauftragten f\u00fcr Umwelt, Klimaschutz und Energie der oldenburgischen Kirche, Andrea Feyen sowie von Energiemanagerin Sandra Fl\u00fcgger und Teamassistentin Salome Kakiashvili.<\/p>\n<p>Im November 2023 hatte die oldenburgische Synode ein Klimaschutzgesetz verabschiedet und sich verpflichtet, bis 2035 die in den Gemeinden und Einrichtungen entstehenden Netto-Treibhausgas-Emissionen um 90 Prozent zu reduzieren. Bis zum Jahr 2045 schreibt das Klimaschutzgesetz die vollst\u00e4ndige Klimaneutralit\u00e4t vor. Die vollst\u00e4ndige Klimaneutralit\u00e4t sei ein wichtiger \u201eMeilenstein\u201c, so Bischof Thomas Adomeit im November 2023 zum Abschluss der Synodentagung.<\/p>\n<p><strong>Gemeinsame Verantwortung f\u00fcr klimagerechtes Handeln&nbsp;<\/strong><br \/>Die Arbeitsstelle f\u00fcr Umweltfragen und Klimaschutz hat die Aufgabe, Kirchengemeinden, Initiativen sowie Werke und Einrichtungen auf diesem Weg zu unterst\u00fctzen, der gemeinsamen Verantwortung f\u00fcr klimagerechtes Handeln gerecht zu werden. Hierzu geh\u00f6ren auch die Begleitung und Koordination der Geb\u00e4udeeffizienzplanung (GePG) im Rahmen des Projekts \u201eGlaubensR\u00e4ume gestalten\u201c, die Entwicklung von Bildungs-, Beratungs- und Austauschformaten f\u00fcr Haupt- und Ehrenamtliche sowie die konzeptionelle Verankerung von Umweltgerechtigkeit in kirchlichen Handlungsfeldern.<\/p>\n<p><strong>Lucas S\u00f6ker <\/strong>(38) hatte im M\u00e4rz 2022 im Referat Bildung der Ev.-Luth. Kirche in Oldenburg die Stelle als Koordinator f\u00fcr Digitalisierung und Projektfinanzierung \u00fcbernommen. Mit einem Stellenanteil von 50 Prozent war er zus\u00e4tzlich im Landesjugendpfarramt der oldenburgischen Kirche in den Bereichen \u00d6ffentlichkeitsarbeit und Digitalisierung t\u00e4tig, diese Aufgabe hatte S\u00f6ker bereits seit Februar 2017 inne. Von September 2018 bis Februar 2022 war S\u00f6ker mit einer halben Stelle zust\u00e4ndig f\u00fcr die Gesch\u00e4ftsf\u00fchrung im Landesjugendpfarramt Oldenburg und der Evangelischen Jugend Oldenburg (ejo). Von 2014 bis August 2018 war S\u00f6ker Referent Fundraising im Landesjugendpfarramt Oldenburg. Im Vorfeld hat S\u00f6ker in der Regionalen Dienststelle Friesland-Wilhelmshaven als B\u00fcrokaufmann gearbeitet.<\/p>\n<p>S\u00f6ker hat eine Ausbildung zum B\u00fcrokaufmann absolviert und zus\u00e4tzlich zahlreiche Qualifikationen erworben: KI Manager (Akademie der Deutschen Medien, 2024), Instagram Spezialist (Social Media Akademie, 2020), Social Media Manager (Social Media Akademie, 2020 bis 2022), Referent Online Fundraising (FA, bei der Fundraising Akademie, 2015 bis 2016) sowie Fundraising Manager (FA, bei der Fundraising Akademie, 2014 bis 2015).<\/p>\n<p>Hier finden Sie weitere Informationen zum <a href=\"\/kirche-gestalten\/beratung\/umwelt\">Thema Klimaschutz<\/a>.<\/p>\n<p>Kirche-Oldenburg<br \/>\n<a href=\"https:\/\/www.kirche-oldenburg.de\/aktuelles\/detail\/gemeinsamer-verantwortung-fuer-klimagerechtes-handeln-gerecht-werden\" target=\"_blank\">Gemeinsamer Verantwortung f\u00fcr klimagerechtes Handeln gerecht werden<\/a><\/p>\n","protected":false},"excerpt":{"rendered":"<p>Lucas S\u00f6ker wird Leiter der Arbeitsstelle f\u00fcr Umweltfragen und Klimaschutz &nbsp; Seit Anfang August ist Lucas S\u00f6ker Leiter der Arbeitsstelle f\u00fcr Umweltfragen und Klimaschutz (ASUK) in der Evangelisch-Lutherischen Kirche in Oldenburg. Hauptaufgabe ist, die strategische Umsetzung des im November 2023 verabschiedeten Klimaschutzgesetzes und die Selbstverpflichtungen zum Klimaschutz der oldenburgischen Kirche zu begleiten und voranzutreiben. S\u00f6ker wird Nachfolger von Pfarrer Dr. Urs-Ullrich Muther, der im Dezember 2024 zum Kreispfarrer f\u00fcr den Ev.-luth. Kirchenkreis Ammerland gew\u00e4hlt worden ist. Lucas S\u00f6ker bringe f\u00fcr diese \u201eanspruchsvolle und profilierte Aufgabe langj\u00e4hrige Erfahrung mit\u201c, so Bischof Thomas Adomeit. Seit 19 Jahren sei er in unterschiedlichen Rollen&#8230;<\/p>\n","protected":false},"author":7,"featured_media":0,"comment_status":"false","ping_status":"open","sticky":false,"template":"","format":"standard","meta":{"footnotes":""},"categories":[43],"tags":[44],"class_list":["post-27756","post","type-post","status-publish","format-standard","hentry","category-kirche-oldenburg","tag-kirche-oldenburg"],"_links":{"self":[{"href":"https:\/\/christusnews.de\/site\/wp-json\/wp\/v2\/posts\/27756","targetHints":{"allow":["GET"]}}],"collection":[{"href":"https:\/\/christusnews.de\/site\/wp-json\/wp\/v2\/posts"}],"about":[{"href":"https:\/\/christusnews.de\/site\/wp-json\/wp\/v2\/types\/post"}],"author":[{"embeddable":true,"href":"https:\/\/christusnews.de\/site\/wp-json\/wp\/v2\/users\/7"}],"replies":[{"embeddable":true,"href":"https:\/\/christusnews.de\/site\/wp-json\/wp\/v2\/comments?post=27756"}],"version-history":[{"count":1,"href":"https:\/\/christusnews.de\/site\/wp-json\/wp\/v2\/posts\/27756\/revisions"}],"predecessor-version":[{"id":27757,"href":"https:\/\/christusnews.de\/site\/wp-json\/wp\/v2\/posts\/27756\/revisions\/27757"}],"wp:attachment":[{"href":"https:\/\/christusnews.de\/site\/wp-json\/wp\/v2\/media?parent=27756"}],"wp:term":[{"taxonomy":"category","embeddable":true,"href":"https:\/\/christusnews.de\/site\/wp-json\/wp\/v2\/categories?post=27756"},{"taxonomy":"post_tag","embeddable":true,"href":"https:\/\/christusnews.de\/site\/wp-json\/wp\/v2\/tags?post=27756"}],"curies":[{"name":"wp","href":"https:\/\/api.w.org\/{rel}","templated":true}]}}