{"id":27766,"date":"2025-08-07T17:24:24","date_gmt":"2025-08-07T15:24:24","guid":{"rendered":"https:\/\/christusnews.de\/site\/mit-pauken-und-trompetenjubilaeumskonzert-von-fiori-concertati-in-der-christus-und-garnisonkirchevor-25-jahren-trat-das-ensemble-fiori-concertati-im-rahmen-der-expo-am-meer-erstma\/"},"modified":"2025-08-07T23:17:26","modified_gmt":"2025-08-07T21:17:26","slug":"mit-pauken-und-trompetenjubilaeumskonzert-von-fiori-concertati-in-der-christus-und-garnisonkirchevor-25-jahren-trat-das-ensemble-fiori-concertati-im-rahmen-der-expo-am-meer-erstma","status":"publish","type":"post","link":"https:\/\/christusnews.de\/site\/mit-pauken-und-trompetenjubilaeumskonzert-von-fiori-concertati-in-der-christus-und-garnisonkirchevor-25-jahren-trat-das-ensemble-fiori-concertati-im-rahmen-der-expo-am-meer-erstma\/","title":{"rendered":"Mit Pauken und Trompeten\nJubil\u00e4umskonzert von Fiori Concertati in der Christus- und Garnisonkirche\nVor 25 Jahren trat das Ensemble Fiori Concertati im Rahmen der \u201eEXPO am Meer\u201c erstmals in der Christus- und Garnisonkirche auf. Was als einmalige Aktion gedacht war, wurde aufgrund des gro\u00dfen Publikumszuspruchs zu einer festen Tradition: Seit 2000 gibt es nunmehr Jahr f\u00fcr Jahr am letzten Sonnabend der Sommerferien ein Konzert unter dem Motto \u201eBarockmusik in der Kirche am Meer\u201c, und zwar auf stetig steigendem Niveau und immer zu freiem Eintritt.\nF\u00fcr das Jubil\u00e4umskonzert am 9. August um 18.00 Uhr hat Matthias Hengelbrock, der Leiter des Ensembles, neben den inzwischen vertrauten Solisten Simon B\u00f6ckenhoff (Oboe), Marjolein Koning (Oboe) und Jens Pfaff (Fagott) das renommierte Trompetenensemble Sua Dolce Maest\u00e0 gewinnen k\u00f6nnen. \u201eMit den sprichw\u00f6rtlichen Pauken und Trompeten sto\u00dfen wir in eine f\u00fcr uns neue Dimension der Klangpracht vor. Das wird der unb\u00e4ndigen Musizierlaune, die man uns nachgesagt, gewiss noch zus\u00e4tzliche Impulse geben.\u201c Auf dem Programm stehen die beiden Telemann-Konzerte f\u00fcr drei Trompeten, die Sinfonia aus Bachs Osteroratorium sowie eine gro\u00dfe Suite von Johann Friedrich Fasch, in der die drei Holzbl\u00e4ser mit anspruchsvollen Soli gl\u00e4nzen k\u00f6nnen. Das Konzert dauert gut ein Stunde. Wegen des zu erwartenden Andrangs wird empfohlen, sich rechtzeitig die besten Pl\u00e4tze zu sichern (Einlass ab 17.00 Uhr).\nDas Ensemble Fiori Concertati besteht im Kern aus ehemaligen Wilhelmshavener Gymnasiasten, die inzwischen mit einer Ausnahme \u00fcber den nord- und ostdeutschen Raum verstreut leben, ihrer Heimatstadt aber zumindest musikalisch die Treue halten. Dadurch, dass sie ihre Konzerte immer zu freiem Eintritt anbieten, wollen sie mit Zinsen zur\u00fcckgeben, was sie einst von ihren Eltern, Lehrern und F\u00f6rderern in Wilhelmshaven erhalten haben. Unterst\u00fctzt von der Nietiedt-Gruppe, ohne deren Engagement f\u00fcr die lokale Kultur die Jadestadt um einiges \u00e4rmer w\u00e4re. \n\n #heimathaven #kirche-am-meer  #havenkirche #citykirche #Heppenserkirche #christusundgarnison #wilhelmshaven #christusundgarnisonkirche #christusundgarnisonkirchewilhelmshaven"},"content":{"rendered":"<p>Mit Pauken und Trompeten<br \/>\nJubil\u00e4umskonzert von Fiori Concertati in der Christus- und Garnisonkirche<br \/>\nVor 25 Jahren trat das Ensemble Fiori Concertati im Rahmen der \u201eEXPO am Meer\u201c erstmals in der Christus- und Garnisonkirche auf. Was als einmalige Aktion gedacht war, wurde aufgrund des gro\u00dfen Publikumszuspruchs zu einer festen Tradition: Seit 2000 gibt es nunmehr Jahr f\u00fcr Jahr am letzten Sonnabend der Sommerferien ein Konzert unter dem Motto \u201eBarockmusik in der Kirche am Meer\u201c, und zwar auf stetig steigendem Niveau und immer zu freiem Eintritt.<br \/>\nF\u00fcr das Jubil\u00e4umskonzert am 9. August um 18.00 Uhr hat Matthias Hengelbrock, der Leiter des Ensembles, neben den inzwischen vertrauten Solisten Simon B\u00f6ckenhoff (Oboe), Marjolein Koning (Oboe) und Jens Pfaff (Fagott) das renommierte Trompetenensemble Sua Dolce Maest\u00e0 gewinnen k\u00f6nnen. \u201eMit den sprichw\u00f6rtlichen Pauken und Trompeten sto\u00dfen wir in eine f\u00fcr uns neue Dimension der Klangpracht vor. Das wird der unb\u00e4ndigen Musizierlaune, die man uns nachgesagt, gewiss noch zus\u00e4tzliche Impulse geben.\u201c Auf dem Programm stehen die beiden Telemann-Konzerte f\u00fcr drei Trompeten, die Sinfonia aus Bachs Osteroratorium sowie eine gro\u00dfe Suite von Johann Friedrich Fasch, in der die drei Holzbl\u00e4ser mit anspruchsvollen Soli gl\u00e4nzen k\u00f6nnen. Das Konzert dauert gut ein Stunde. Wegen des zu erwartenden Andrangs wird empfohlen, sich rechtzeitig die besten Pl\u00e4tze zu sichern (Einlass ab 17.00 Uhr).<br \/>\nDas Ensemble Fiori Concertati besteht im Kern aus ehemaligen Wilhelmshavener Gymnasiasten, die inzwischen mit einer Ausnahme \u00fcber den nord- und ostdeutschen Raum verstreut leben, ihrer Heimatstadt aber zumindest musikalisch die Treue halten. Dadurch, dass sie ihre Konzerte immer zu freiem Eintritt anbieten, wollen sie mit Zinsen zur\u00fcckgeben, was sie einst von ihren Eltern, Lehrern und F\u00f6rderern in Wilhelmshaven erhalten haben. Unterst\u00fctzt von der Nietiedt-Gruppe, ohne deren Engagement f\u00fcr die lokale Kultur die Jadestadt um einiges \u00e4rmer w\u00e4re. <\/p>\n<p> #heimathaven #kirche-am-meer  #havenkirche #citykirche #Heppenserkirche #christusundgarnison #wilhelmshaven #christusundgarnisonkirche #christusundgarnisonkirchewilhelmshaven<br \/>\nHAVENKIRCHE@FB<br \/>\n<a href=\"https:\/\/www.facebook.com\/396185572708352\/posts\/1069146785412224\" target=\"_blank\">Mit Pauken und Trompeten<br \/>\nJubil\u00e4umskonzert von Fiori Concertati in der Christus- und Garnisonkirche<br \/>\nVor 25 Jahren trat das Ensemble Fiori Concertati im Rahmen der \u201eEXPO am Meer\u201c erstmals in der Christus- und Garnisonkirche auf. Was als einmalige Aktion gedacht war, wurde aufgrund des gro\u00dfen Publikumszuspruchs zu einer festen Tradition: Seit 2000 gibt es nunmehr Jahr f\u00fcr Jahr am letzten Sonnabend der Sommerferien ein Konzert unter dem Motto \u201eBarockmusik in der Kirche am Meer\u201c, und zwar auf stetig steigendem Niveau und immer zu freiem Eintritt.<br \/>\nF\u00fcr das Jubil\u00e4umskonzert am 9. August um 18.00 Uhr hat Matthias Hengelbrock, der Leiter des Ensembles, neben den inzwischen vertrauten Solisten Simon B\u00f6ckenhoff (Oboe), Marjolein Koning (Oboe) und Jens Pfaff (Fagott) das renommierte Trompetenensemble Sua Dolce Maest\u00e0 gewinnen k\u00f6nnen. \u201eMit den sprichw\u00f6rtlichen Pauken und Trompeten sto\u00dfen wir in eine f\u00fcr uns neue Dimension der Klangpracht vor. Das wird der unb\u00e4ndigen Musizierlaune, die man uns nachgesagt, gewiss noch zus\u00e4tzliche Impulse geben.\u201c Auf dem Programm stehen die beiden Telemann-Konzerte f\u00fcr drei Trompeten, die Sinfonia aus Bachs Osteroratorium sowie eine gro\u00dfe Suite von Johann Friedrich Fasch, in der die drei Holzbl\u00e4ser mit anspruchsvollen Soli gl\u00e4nzen k\u00f6nnen. Das Konzert dauert gut ein Stunde. Wegen des zu erwartenden Andrangs wird empfohlen, sich rechtzeitig die besten Pl\u00e4tze zu sichern (Einlass ab 17.00 Uhr).<br \/>\nDas Ensemble Fiori Concertati besteht im Kern aus ehemaligen Wilhelmshavener Gymnasiasten, die inzwischen mit einer Ausnahme \u00fcber den nord- und ostdeutschen Raum verstreut leben, ihrer Heimatstadt aber zumindest musikalisch die Treue halten. Dadurch, dass sie ihre Konzerte immer zu freiem Eintritt anbieten, wollen sie mit Zinsen zur\u00fcckgeben, was sie einst von ihren Eltern, Lehrern und F\u00f6rderern in Wilhelmshaven erhalten haben. Unterst\u00fctzt von der Nietiedt-Gruppe, ohne deren Engagement f\u00fcr die lokale Kultur die Jadestadt um einiges \u00e4rmer w\u00e4re. <\/p>\n<p> #heimathaven #kirche-am-meer  #havenkirche #citykirche #Heppenserkirche #christusundgarnison #wilhelmshaven #christusundgarnisonkirche #christusundgarnisonkirchewilhelmshaven<\/a><\/p>\n","protected":false},"excerpt":{"rendered":"<p>Mit Pauken und Trompeten Jubil\u00e4umskonzert von Fiori Concertati in der Christus- und Garnisonkirche Vor 25 Jahren trat das Ensemble Fiori Concertati im Rahmen der \u201eEXPO am Meer\u201c erstmals in der Christus- und Garnisonkirche auf. Was als einmalige Aktion gedacht war, wurde aufgrund des gro\u00dfen Publikumszuspruchs zu einer festen Tradition: Seit 2000 gibt es nunmehr Jahr f\u00fcr Jahr am letzten Sonnabend der Sommerferien ein Konzert unter dem Motto \u201eBarockmusik in der Kirche am Meer\u201c, und zwar auf stetig steigendem Niveau und immer zu freiem Eintritt. F\u00fcr das Jubil\u00e4umskonzert am 9. August um 18.00 Uhr hat Matthias Hengelbrock, der Leiter des Ensembles,&#8230;<\/p>\n","protected":false},"author":6,"featured_media":0,"comment_status":"false","ping_status":"open","sticky":false,"template":"","format":"standard","meta":{"footnotes":""},"categories":[75],"tags":[76],"class_list":["post-27766","post","type-post","status-publish","format-standard","hentry","category-havenkirche","tag-havenkirche"],"_links":{"self":[{"href":"https:\/\/christusnews.de\/site\/wp-json\/wp\/v2\/posts\/27766","targetHints":{"allow":["GET"]}}],"collection":[{"href":"https:\/\/christusnews.de\/site\/wp-json\/wp\/v2\/posts"}],"about":[{"href":"https:\/\/christusnews.de\/site\/wp-json\/wp\/v2\/types\/post"}],"author":[{"embeddable":true,"href":"https:\/\/christusnews.de\/site\/wp-json\/wp\/v2\/users\/6"}],"replies":[{"embeddable":true,"href":"https:\/\/christusnews.de\/site\/wp-json\/wp\/v2\/comments?post=27766"}],"version-history":[{"count":1,"href":"https:\/\/christusnews.de\/site\/wp-json\/wp\/v2\/posts\/27766\/revisions"}],"predecessor-version":[{"id":27767,"href":"https:\/\/christusnews.de\/site\/wp-json\/wp\/v2\/posts\/27766\/revisions\/27767"}],"wp:attachment":[{"href":"https:\/\/christusnews.de\/site\/wp-json\/wp\/v2\/media?parent=27766"}],"wp:term":[{"taxonomy":"category","embeddable":true,"href":"https:\/\/christusnews.de\/site\/wp-json\/wp\/v2\/categories?post=27766"},{"taxonomy":"post_tag","embeddable":true,"href":"https:\/\/christusnews.de\/site\/wp-json\/wp\/v2\/tags?post=27766"}],"curies":[{"name":"wp","href":"https:\/\/api.w.org\/{rel}","templated":true}]}}