{"id":27772,"date":"2025-08-13T18:29:06","date_gmt":"2025-08-13T16:29:06","guid":{"rendered":"https:\/\/christusnews.de\/site\/das-neue-schuljahr-startet-fuer-viele-kinder-ist-es-das-erste-mal-das-ist-ein-aufregender-moment-ein-persoenlicher-segen-tut-da-richtig-gut-rueckenwind-von-gott-fuer-alles-neue-in-der-havenk\/"},"modified":"2025-08-13T23:17:24","modified_gmt":"2025-08-13T21:17:24","slug":"das-neue-schuljahr-startet-fuer-viele-kinder-ist-es-das-erste-mal-das-ist-ein-aufregender-moment-ein-persoenlicher-segen-tut-da-richtig-gut-rueckenwind-von-gott-fuer-alles-neue-in-der-havenk","status":"publish","type":"post","link":"https:\/\/christusnews.de\/site\/das-neue-schuljahr-startet-fuer-viele-kinder-ist-es-das-erste-mal-das-ist-ein-aufregender-moment-ein-persoenlicher-segen-tut-da-richtig-gut-rueckenwind-von-gott-fuer-alles-neue-in-der-havenk\/","title":{"rendered":"Das neue Schuljahr startet. F\u00fcr viele Kinder ist es das erste Mal. \n\nDas ist ein aufregender Moment! Ein pers\u00f6nlicher Segen tut da richtig gut &#8211; R\u00fcckenwind von Gott f\u00fcr alles Neue. \n\nIn der Havenkirche feiern wir zwei kindgerechte, kurze Gottesdienste mit viel Bewegung und Musik. Sch\u00f6n wenn ihr mitmacht: \n\nFreitag 14 Uhr Christus- und Garnisonkirche: Gottesdienst f\u00fcr die Grundschule Rheinstra\u00dfe\n\nSamstag 9 Uhr St. Peter-Kirche: \u00d6kumenischer Gottesdienst f\u00fcr die Grundschule M\u00fchlenweg"},"content":{"rendered":"<p>Das neue Schuljahr startet. F\u00fcr viele Kinder ist es das erste Mal. <\/p>\n<p>Das ist ein aufregender Moment! Ein pers\u00f6nlicher Segen tut da richtig gut &#8211; R\u00fcckenwind von Gott f\u00fcr alles Neue. <\/p>\n<p>In der Havenkirche feiern wir zwei kindgerechte, kurze Gottesdienste mit viel Bewegung und Musik. Sch\u00f6n wenn ihr mitmacht: <\/p>\n<p>Freitag 14 Uhr Christus- und Garnisonkirche: Gottesdienst f\u00fcr die Grundschule Rheinstra\u00dfe<\/p>\n<p>Samstag 9 Uhr St. Peter-Kirche: \u00d6kumenischer Gottesdienst f\u00fcr die Grundschule M\u00fchlenweg<br \/>\nHAVENKIRCHE@FB<br \/>\n<a href=\"https:\/\/www.facebook.com\/396185572708352\/posts\/1074668758193360\" target=\"_blank\">Das neue Schuljahr startet. F\u00fcr viele Kinder ist es das erste Mal. <\/p>\n<p>Das ist ein aufregender Moment! Ein pers\u00f6nlicher Segen tut da richtig gut &#8211; R\u00fcckenwind von Gott f\u00fcr alles Neue. <\/p>\n<p>In der Havenkirche feiern wir zwei kindgerechte, kurze Gottesdienste mit viel Bewegung und Musik. Sch\u00f6n wenn ihr mitmacht: <\/p>\n<p>Freitag 14 Uhr Christus- und Garnisonkirche: Gottesdienst f\u00fcr die Grundschule Rheinstra\u00dfe<\/p>\n<p>Samstag 9 Uhr St. Peter-Kirche: \u00d6kumenischer Gottesdienst f\u00fcr die Grundschule M\u00fchlenweg<\/a><\/p>\n","protected":false},"excerpt":{"rendered":"<p>Das neue Schuljahr startet. F\u00fcr viele Kinder ist es das erste Mal. Das ist ein aufregender Moment! Ein pers\u00f6nlicher Segen tut da richtig gut &#8211; R\u00fcckenwind von Gott f\u00fcr alles Neue. In der Havenkirche feiern wir zwei kindgerechte, kurze Gottesdienste mit viel Bewegung und Musik. Sch\u00f6n wenn ihr mitmacht: Freitag 14 Uhr Christus- und Garnisonkirche: Gottesdienst f\u00fcr die Grundschule Rheinstra\u00dfe Samstag 9 Uhr St. Peter-Kirche: \u00d6kumenischer Gottesdienst f\u00fcr die Grundschule M\u00fchlenweg HAVENKIRCHE@FB Das neue Schuljahr startet. F\u00fcr viele Kinder ist es das erste Mal. Das ist ein aufregender Moment! Ein pers\u00f6nlicher Segen tut da richtig gut &#8211; R\u00fcckenwind von Gott&#8230;<\/p>\n","protected":false},"author":6,"featured_media":0,"comment_status":"false","ping_status":"open","sticky":false,"template":"","format":"standard","meta":{"footnotes":""},"categories":[75],"tags":[76],"class_list":["post-27772","post","type-post","status-publish","format-standard","hentry","category-havenkirche","tag-havenkirche"],"_links":{"self":[{"href":"https:\/\/christusnews.de\/site\/wp-json\/wp\/v2\/posts\/27772","targetHints":{"allow":["GET"]}}],"collection":[{"href":"https:\/\/christusnews.de\/site\/wp-json\/wp\/v2\/posts"}],"about":[{"href":"https:\/\/christusnews.de\/site\/wp-json\/wp\/v2\/types\/post"}],"author":[{"embeddable":true,"href":"https:\/\/christusnews.de\/site\/wp-json\/wp\/v2\/users\/6"}],"replies":[{"embeddable":true,"href":"https:\/\/christusnews.de\/site\/wp-json\/wp\/v2\/comments?post=27772"}],"version-history":[{"count":1,"href":"https:\/\/christusnews.de\/site\/wp-json\/wp\/v2\/posts\/27772\/revisions"}],"predecessor-version":[{"id":27773,"href":"https:\/\/christusnews.de\/site\/wp-json\/wp\/v2\/posts\/27772\/revisions\/27773"}],"wp:attachment":[{"href":"https:\/\/christusnews.de\/site\/wp-json\/wp\/v2\/media?parent=27772"}],"wp:term":[{"taxonomy":"category","embeddable":true,"href":"https:\/\/christusnews.de\/site\/wp-json\/wp\/v2\/categories?post=27772"},{"taxonomy":"post_tag","embeddable":true,"href":"https:\/\/christusnews.de\/site\/wp-json\/wp\/v2\/tags?post=27772"}],"curies":[{"name":"wp","href":"https:\/\/api.w.org\/{rel}","templated":true}]}}