{"id":27780,"date":"2025-08-20T11:22:00","date_gmt":"2025-08-20T09:22:00","guid":{"rendered":"https:\/\/christusnews.de\/site\/landtagenord-oldenburgische-kirche-verteilt-segensbaendchen\/"},"modified":"2025-08-20T23:17:21","modified_gmt":"2025-08-20T21:17:21","slug":"landtagenord-oldenburgische-kirche-verteilt-segensbaendchen","status":"publish","type":"post","link":"https:\/\/christusnews.de\/site\/landtagenord-oldenburgische-kirche-verteilt-segensbaendchen\/","title":{"rendered":"LandTageNord: Oldenburgische Kirche verteilt Segensb\u00e4ndchen"},"content":{"rendered":"<h3>Oldenburgische Kirche wieder mit \u201eKirchenzelt\u201c nah bei den Menschen<\/h3>\n<p>Mit ungew\u00f6hnlichen Aktionen wie einer \u201eSegensdusche\u201c ist die Evangelisch-Lutherische Kirche in Oldenburg in diesem Jahr wieder mit einem eigenen \u201eKirchenzelt\u201c auf den LandTagenNord dabei. Die Erlebwas-Messe f\u00fcr Agrar &amp; Freizeit l\u00e4dt vom 22. bis 25. August Interessierte nach Hude (W\u00fcsting) ein. Die oldenburgische Kirche ist bereits zum zw\u00f6lften Mal dabei und bietet wieder attraktive Mitmachangebote an. Viele Menschen nutzen gerne die Chance, im Trubel der Messe innezuhalten und das \u201eKirchenzelt\u201c zu besuchen.<\/p>\n<p>20 Ehrenamtliche und 15 Mitarbeitende der oldenburgischen Kirche verteilen im und am Kirchenzelt auf den LandTagenNord Armb\u00e4nder mit dem Aufdruck: \u201eDu bist ein Segen!\u201c. Dies dient als erster Gespr\u00e4chs-Impuls und soll zu weiteren Aktionen im \u201eKirchenzelt\u201c einladen. Die gemeinsame Initiative der Ev.-luth. Kirchenkreise Delmenhorst\/Oldenburg Land und Wesermarsch sowie der Stabsstelle Presse- und \u00d6ffentlichkeitsarbeit der oldenburgischen Kirche will das Potential von etwa 70.000 Besucherinnen und Besuchern an den vier Messetagen nutzen, um mit den Menschen ins Gespr\u00e4ch zu kommen und die oldenburgische Kirche zu pr\u00e4sentieren.<\/p>\n<p>Kreispfarrerin Christiane Geerken-Thomas, Leiterin des Projekts, betont: \u201eUnsere Kirche geht zu den Menschen, sie versteckt sich nicht hinter ihren Kirchenmauern. Das zeigen die vielen Ehrenamtlichen und kirchlichen Mitarbeitenden, die wieder engagiert mitmachen. Hinzukommen nochmals rund 40 Mitglieder von Posaunench\u00f6ren, die die mitt\u00e4glichen Andachten gestalten.\u201c<\/p>\n<p>Auf den LandTagenNord \u201eist Kirche nah bei den Menschen. Darum fragen wir uns jedes Jahr wieder, was die Menschen besch\u00e4ftigt, wenn wir uns ein neues Motto und ein neues Thema f\u00fcr das Kirchenzelt \u00fcberlegen. Da die Welt sich so rasend schnell ver\u00e4ndert und Ver\u00e4nderungen immer Unsicherheiten mit sich bringen, wollen wir in diesem Jahr, den Besucher*innen der LandTageNord Gottes Segen mit auf den Weg geben. Und das machen wir auf sehr kreative Weise. Das Kirchenzelt wird mit seiner Farbenpracht und anderen Effekten Aufmerksamkeit auf sich ziehen.\u201c<\/p>\n<p><strong>Segensdusche&nbsp;<\/strong><br \/>Im \u201eKirchenzelt\u201c gibt es zum ersten Mal eine \u201eSegensdusche\u201c. Das sei ein mobiler Raum, eine Einladung zum Abtauchen, um den Moment zu genie\u00dfen um dann erfrischt weiterzugehen, so Diakonin und Initiatorin Sandra Bohlken.<\/p>\n<p>\u201eUnter der Dusche l\u00e4dt Musik zu einem kleinen T\u00e4nzchen ein. Und durch den Duschkopf flie\u00dfen eingesprochene Segensw\u00fcnsche direkt ins Ohr.\u201c Mit dieser Aktion soll das Thema \u201eSegen\u201c sp\u00fcrbar werden. \u201eSegen st\u00e4rkt und erfrischt. Probier\u2018s aus und komm duschen!\u201c, so die Einladung von Sandra Bohlken.<\/p>\n<p><strong>Aktionen im Kirchenzelt<\/strong><br \/>Neben der \u201eSegensdusche\u201c und der Verteilaktion der Segens-Armb\u00e4nder gibt es im \u201eKirchenzelt\u201c Kreativaktionen wie das Kn\u00fcpfen von Segensb\u00e4ndchen oder Schl\u00fcsselanh\u00e4ngern. Bereits bei der Vorbereitung mit den Ehrenamtlichen h\u00e4tten diese Aktionen viel Spa\u00df gemacht, berichtet Kreispfarrerin Geerken-Thomas.<\/p>\n<p>Wie gewohnt stehen im Kirchenzelt auch wieder Mitarbeitende, Pastorinnen und Pastoren sowie Ehrenamtliche f\u00fcr Begegnung und Gespr\u00e4che rund um die oldenburgische Kirche und viele andere Themen und Fragen zur Verf\u00fcgung. Und selbstverst\u00e4ndlich ist der beliebte Kirchturm zum Ziehen von Segensspr\u00fcchen auch wieder mit dabei.<\/p>\n<p><strong>Andachten Punkt 12 im Kirchenzelt &nbsp;<\/strong><br \/>An allen Messetagen finden au\u00dferdem um 12 Uhr Andachten statt, die von Posaunench\u00f6ren musikalisch begleitet werden. Das Motto lautet: \u201eEenfach mol toh\u00f6ren \u2013 Punkt 12 im Kirchenzelt\u201c.&nbsp;<\/p>\n<p>Die erste Andacht am <strong>Freitag, 22. August<\/strong>, um 12 Uhr, gestaltet Pfarrer Dr. Stefan Welz aus Oldenburg. Am <strong>Sonntagmittag, 24. August<\/strong>, folgt Kreispfarrerin Birte Wielage aus dem Kirchenkreis Delmenhorst \/ Oldenburg Land.<\/p>\n<p><strong>Sonnabendmittag, 23. August<\/strong>, und <strong>Montagmittag, 25. August<\/strong>, finden traditionell Andachten in <strong>plattdeutscher Sprache <\/strong>statt. Sie werden von Pfarrerin B\u00e4rbel Bleckwehl-Wegener (Samstag) und Pfarrer Ingmar Hammann (Montag) gefeiert.<\/p>\n<p><strong>Sonntagsgottesdienst in der Scheune<\/strong><br \/>Am <strong>Sonntag, 24. August<\/strong>, l\u00e4dt Pfarrer Christian Egts von der Kirchengemeinde Holle-W\u00fcsting um 10 Uhr zum Gottesdienst in die Scheune auf dem Eventhof Urban ein. Der Eingang liegt vor dem Messeeingang der LandTageNord auf der Seite des W\u00fcstinger Bahnhofs. Der Gottesdienst ist unabh\u00e4ngig von der Landwirtschaftsmesse erreichbar, kostenfrei und ohne Eintrittskarte.<\/p>\n<p>&nbsp;<\/p>\n<p>Kirche-Oldenburg<br \/>\n<a href=\"https:\/\/www.kirche-oldenburg.de\/aktuelles\/detail\/landtagenord-oldenburgische-kirche-verteilt-segensbaendchen\" target=\"_blank\">LandTageNord: Oldenburgische Kirche verteilt Segensb\u00e4ndchen<\/a><\/p>\n","protected":false},"excerpt":{"rendered":"<p>Oldenburgische Kirche wieder mit \u201eKirchenzelt\u201c nah bei den Menschen Mit ungew\u00f6hnlichen Aktionen wie einer \u201eSegensdusche\u201c ist die Evangelisch-Lutherische Kirche in Oldenburg in diesem Jahr wieder mit einem eigenen \u201eKirchenzelt\u201c auf den LandTagenNord dabei. Die Erlebwas-Messe f\u00fcr Agrar &amp; Freizeit l\u00e4dt vom 22. bis 25. August Interessierte nach Hude (W\u00fcsting) ein. Die oldenburgische Kirche ist bereits zum zw\u00f6lften Mal dabei und bietet wieder attraktive Mitmachangebote an. Viele Menschen nutzen gerne die Chance, im Trubel der Messe innezuhalten und das \u201eKirchenzelt\u201c zu besuchen. 20 Ehrenamtliche und 15 Mitarbeitende der oldenburgischen Kirche verteilen im und am Kirchenzelt auf den LandTagenNord Armb\u00e4nder mit dem&#8230;<\/p>\n","protected":false},"author":7,"featured_media":0,"comment_status":"false","ping_status":"open","sticky":false,"template":"","format":"standard","meta":{"footnotes":""},"categories":[43],"tags":[44],"class_list":["post-27780","post","type-post","status-publish","format-standard","hentry","category-kirche-oldenburg","tag-kirche-oldenburg"],"_links":{"self":[{"href":"https:\/\/christusnews.de\/site\/wp-json\/wp\/v2\/posts\/27780","targetHints":{"allow":["GET"]}}],"collection":[{"href":"https:\/\/christusnews.de\/site\/wp-json\/wp\/v2\/posts"}],"about":[{"href":"https:\/\/christusnews.de\/site\/wp-json\/wp\/v2\/types\/post"}],"author":[{"embeddable":true,"href":"https:\/\/christusnews.de\/site\/wp-json\/wp\/v2\/users\/7"}],"replies":[{"embeddable":true,"href":"https:\/\/christusnews.de\/site\/wp-json\/wp\/v2\/comments?post=27780"}],"version-history":[{"count":1,"href":"https:\/\/christusnews.de\/site\/wp-json\/wp\/v2\/posts\/27780\/revisions"}],"predecessor-version":[{"id":27781,"href":"https:\/\/christusnews.de\/site\/wp-json\/wp\/v2\/posts\/27780\/revisions\/27781"}],"wp:attachment":[{"href":"https:\/\/christusnews.de\/site\/wp-json\/wp\/v2\/media?parent=27780"}],"wp:term":[{"taxonomy":"category","embeddable":true,"href":"https:\/\/christusnews.de\/site\/wp-json\/wp\/v2\/categories?post=27780"},{"taxonomy":"post_tag","embeddable":true,"href":"https:\/\/christusnews.de\/site\/wp-json\/wp\/v2\/tags?post=27780"}],"curies":[{"name":"wp","href":"https:\/\/api.w.org\/{rel}","templated":true}]}}