{"id":27784,"date":"2025-08-22T18:22:00","date_gmt":"2025-08-22T16:22:00","guid":{"rendered":"https:\/\/christusnews.de\/site\/landtagenord-segensreiches-im-kirchenzelt\/"},"modified":"2025-08-22T23:17:23","modified_gmt":"2025-08-22T21:17:23","slug":"landtagenord-segensreiches-im-kirchenzelt","status":"publish","type":"post","link":"https:\/\/christusnews.de\/site\/landtagenord-segensreiches-im-kirchenzelt\/","title":{"rendered":"LandTageNord: Segensreiches im Kirchenzelt"},"content":{"rendered":"<h3>\u201eSignal, dass wir gerne bei den Menschen sein wollen\u201c&nbsp;<\/h3>\n<p>Ein buntes Segensb\u00e4ndchen f\u00fcr die Passantinnen und Passanten, eine \u201eSegensdusche\u201c, ein Segensspruch aus dem Glockenturm, ein L\u00e4cheln und ein paar freundliche Worte: Schon am ersten Tag der LandTageNord in Hude (W\u00fcsting) ist der Stand der Evangelisch-Lutherischen Kirche in Oldenburg f\u00fcr viele Menschen ein Anlaufpunkt \u2013 und das nicht nur zur traditionellen Andacht zur Mittagszeit. \u201eIch finde es gro\u00dfartig, dass wir hier vertreten sind, denn wir geben als Kirche ein Signal, dass wir gerne bei den Menschen sein wollen\u201c, so Projektleiterin Kreispfarrerin Christiane Geerken-Thomas. \u201eEs ist ein niedrigschwelliges Angebot gerade f\u00fcr diejenigen, denen es schwerf\u00e4llt, eine Kirche zu besuchen oder sich an jemanden aus der Kirche zu wenden.\u201c Und auch das rund 30-k\u00f6pfige Messe-Team aus Ehrenamtlichen und Mitarbeitenden der oldenburgischen Kirche kann dies nur best\u00e4tigen: Man kommt hier recht leicht ins Gespr\u00e4ch.<\/p>\n<p><strong>Ein aktueller Bezug<\/strong><br \/>Gut ein halbes Jahr vor dem gro\u00dfen Event beginnen die ersten Vorbereitungen und damit auch die Wahl des Themas: \u201eUns ist wichtig, dass es immer einen aktuellen Bezug gibt, etwas, das die Menschen gerade besch\u00e4ftigt\u201c, sagt Christiane Geerken-Thomas, die seit mehr als zehn Jahren im Messe-Team ist und seit drei Jahren zur Leitung geh\u00f6rt. \u201eIm letzten Jahr ging es um das Thema ,Danke\u2018, in diesem Jahr haben wir uns f\u00fcr ,Segen\u2018 entschieden, gerade weil diese Zeit von viel Unsicherheit gepr\u00e4gt ist.\u201c Besonders wichtig, daf\u00fcr stehen auch die Regenbogenfarben: \u201eWir sind f\u00fcr alle da. Und das beinhaltet auch der Segen: Er ist bedingungslos, wir sind ein Segen, auch unsere Mitmenschen \u2013 und zwar nicht nur f\u00fcr Kirchenmitglieder. Damit m\u00f6chten wir auch deutlich machen, dass die Kirche viel offener ist als viele denken.\u201c Da ist beispielsweise jener Mann am \u201eKirchenzelt\u201c, der das freundlich angebotene Segensb\u00e4ndchen nicht annehmen m\u00f6chte, weil er schon lange nicht mehr \u201edazugeh\u00f6re\u201c. Darauf die freundliche Mitarbeiterin: \u201eDas macht doch nichts, Sie sind trotzdem eine Bereicherung f\u00fcr Ihre Mitmenschen.\u201c Da l\u00e4sst er sich dann doch gerne eines der bunten B\u00e4ndchen \u00fcberstreifen.<\/p>\n<p><strong>Mitt\u00e4gliche Andacht<\/strong><br \/>Festliches Glockengel\u00e4ut zieht bereits 20 Minuten vor der Andacht neugierige Blicke auf sich. Und auch das Bl\u00e4serensemble Moorriemer Blech l\u00e4sst schon beim Proben die Menschen vor dem Zelt innehalten. Schlie\u00dflich beginnt Pfarrer Dr. Stefan Welz um 12 Uhr mit der Andacht \u2013 selbstverst\u00e4ndlich auch zum Thema des diesj\u00e4hrigen Messestands. \u201eSegen wird hier gesprochen, wo wir unsicher sind, traurig sind, wo uns das Leben nicht so gut gelingt.\u201c Umso wichtiger: das St\u00e4rken f\u00fcr die Zukunft. Gest\u00e4rkt werden die Zuh\u00f6renden auch durch die Kl\u00e4nge des Bl\u00e4serensembles aus der Wesermarsch mit Liedern wie \u201e\u00dcber den Wolken\u201c oder \u201eGeh aus, mein Herz, und suche Freud\u201c. Unter den Zuh\u00f6renden auch eine \u00e4ltere Dame aus dem M\u00fcnsterland: \u201eMan hat mir erz\u00e4hlt, wie sch\u00f6n das hier immer ist. Das wollte ich mir nun ansehen, und es hat mir sehr gut gefallen.\u201c<\/p>\n<p><strong>Kreative \u201eSegensdusche\u201c<\/strong><br \/>F\u00fcr den sechsj\u00e4hrigen Hannes gibt\u2019s kein Halten mehr: Freudestrahlend springt er in die leuchtende \u201eSegensdusche\u201c, die eine ganz besondere Art der Erfrischung bereith\u00e4lt: Die Brause hat es n\u00e4mlich in sich: Zwar spendet sie kein Wasser, daf\u00fcr aber warme, segensreiche Worte. Hier l\u00e4sst es sich gut innehalten, dem Gesprochenen lauschen und den sonstigen Trubel der Erlebnis-Messe vor\u00fcberziehen. \u201eIch freue mich, dass die Segensdusche so viel Neugier bei den Besuchenden der LandTageNord weckt. Einige wollen erstmal nur gucken, andere trauen sich in die Kabine rein. Alle, die dann wieder rauskommen, haben eins gemeinsam: ein breites Grinsen im Gesicht. Hier wird Segen sp\u00fcrbar\u201c, sagt Sandra Bohlken, Diakonin und kreative Initiatorin der \u201eSegensdusche\u201c, zufrieden.&nbsp;<\/p>\n<p>\u201eSegen kommt ganz unterschiedlich daher. Mal ist es ein spontanes T\u00e4nzchen zwischendurch. Ein andres Mal ist es ein guter Wunsch im passenden Augenblick. Segen st\u00e4rkt und erfrischt. Probier\u2018s aus und komm duschen!\u201c (F\u00fcr Feste und Aktionen in den Kirchengemeinden kann die Segensdusche ausgeliehen werden. Kontakt: <a href=\"mailto:sandra.bohlken@kirche-oldenburg.de\">sandra.bohlken@kirche-oldenburg.de<\/a>)<\/p>\n<p><strong>F\u00fcr die ganze Familie<\/strong><br \/>Das \u201eKirchenzelt\u201c bietet f\u00fcr jeden etwas. Insbesondere der Glockenturm hat es vielen Besucherinnen und Besuchern der Messe angetan. \u201eEs gibt sogar einige, die sammeln die gezogenen Segensspr\u00fcche im Portemonnaie, bis sie darin einen ganzen Stapel haben\u201c, sagt Dieter Janzen, der seit mehreren Jahren ehrenamtlich dabei ist. Kurze Zeit sp\u00e4ter trifft er wieder auf ein Ehepaar, das scheinbar eine Leidenschaft f\u00fcr die ermunternden K\u00e4rtchen entwickelt hat. \u201eBei mir stecken sie tats\u00e4chlich in der Handytasche. Die habe ich n\u00e4mlich immer dabei\u201c, sagt die fr\u00f6hliche Frau l\u00e4chelnd.<\/p>\n<p>Ebenfalls ehrenamtlich mit dabei sind an diesem Freitag Katja van Scharrel und Traute Uhlhorn. Sie k\u00fcmmern sich auch um die Kinderaktion: Geduldig unterst\u00fctzen sie M\u00e4dchen und Jungen beim Fingerkn\u00fcpfen, sodass schlie\u00dflich Freundschaftsb\u00e4ndchen oder Schl\u00fcsselanh\u00e4nger in fr\u00f6hlichen Farben entstehen. Das gef\u00e4llt auch der neunj\u00e4hrigen Neelke, die eifrig Wollfaden um Wollfaden von Finger zu Finger wechseln l\u00e4sst, bis sie ihr ganz pers\u00f6nliches Schmuckst\u00fcck in den H\u00e4nden h\u00e4lt. \u201eDas macht nicht nur den Kindern Spa\u00df, sondern auch mir\u201c, sagt die 23-j\u00e4hrige Katja van Scharrel, die zum ersten Mal dabei ist.&nbsp;<\/p>\n<p>Auch Traute Uhlhorn aus der Kirchengemeinde Bardewisch gef\u00e4llte es sehr gut am Messestand \u2013 daher ist sie bereits zum zweiten Mal dabei: \u201eIch bin in unserer Gemeinde sehr engagiert und gehe gerne auf Menschen zu. Es macht Spa\u00df, denn hier komme ich mit einem sehr bunten Publikum in Kontakt.\u201c Auch Pfarrer Stefan Welz freut sich \u00fcber die vielen Gespr\u00e4che, die sich ergeben. \u201eWir haben hier auch oft schon Trau- oder Taufgespr\u00e4che gef\u00fchrt. Manchmal ist es auch ein bisschen wie Seelsorge am Gartenzaun.\u201c<\/p>\n<p><i>Ein Beitrag von Melanie J\u00fclisch.<\/i><br \/>&nbsp;<\/p>\n<h3>Kirchenzelt auf den LandTagenNord<\/h3>\n<p>Die Erlebwas-Messe f\u00fcr Agrar &amp; Freizeit l\u00e4dt vom 22. bis 25. August Interessierte nach Hude (W\u00fcsting) ein. Die oldenburgische Kirche ist bereits zum zw\u00f6lften Mal dabei und bietet wieder attraktive Mitmachangebote an. Viele Menschen nutzen gerne die Chance, im Trubel der Messe innezuhalten und das \u201eKirchenzelt\u201c zu besuchen.<\/p>\n<p>Die gemeinsame Initiative der Ev.-luth. Kirchenkreise Delmenhorst\/Oldenburg Land und Wesermarsch sowie der Stabsstelle Presse- und \u00d6ffentlichkeitsarbeit der oldenburgischen Kirche will das Potential von etwa 70.000 Besucherinnen und Besuchern an den vier Messetagen nutzen, um mit den Menschen ins Gespr\u00e4ch zu kommen und die oldenburgische Kirche zu pr\u00e4sentieren.<\/p>\n<p>&nbsp;<\/p>\n<h3>Andachten Punkt 12 im Kirchenzelt &nbsp;<\/h3>\n<p>An allen Messetagen finden au\u00dferdem um 12 Uhr Andachten statt, die von Posaunench\u00f6ren musikalisch begleitet werden. Das Motto lautet: \u201eEenfach mol toh\u00f6ren \u2013 Punkt 12 im Kirchenzelt\u201c.&nbsp;<\/p>\n<p>Die erste Andacht am <strong>Freitag, 22. August<\/strong>, um 12 Uhr, gestaltete Pfarrer Dr. Stefan Welz aus Oldenburg. Am <strong>Sonntagmittag, 24. August<\/strong>, folgt Kreispfarrerin Birte Wielage aus dem Kirchenkreis Delmenhorst \/ Oldenburg Land.<\/p>\n<p><strong>Sonnabendmittag, 23. August<\/strong>, und <strong>Montagmittag, 25. August<\/strong>, finden traditionell Andachten in <strong>plattdeutscher Sprache <\/strong>statt. Sie werden von Pfarrerin B\u00e4rbel Bleckwehl-Wegener (Samstag) und Pfarrer Ingmar Hammann (Montag) gefeiert.<\/p>\n<p><strong>Sonntagsgottesdienst in der Scheune<\/strong><br \/>Am <strong>Sonntag, 24. August<\/strong>, l\u00e4dt Pfarrer Christian Egts von der Kirchengemeinde Holle-W\u00fcsting um 10 Uhr zum Gottesdienst in die Scheune auf dem Eventhof Urban ein. Der Eingang liegt vor dem Messeeingang der LandTageNord auf der Seite des W\u00fcstinger Bahnhofs. Der Gottesdienst ist unabh\u00e4ngig von der Landwirtschaftsmesse erreichbar, kostenfrei und ohne Eintrittskarte.<\/p>\n<p>&nbsp;<\/p>\n<p>Kirche-Oldenburg<br \/>\n<a href=\"https:\/\/www.kirche-oldenburg.de\/aktuelles\/detail\/landtagenord-segensreiches-im-kirchenzelt\" target=\"_blank\">LandTageNord: Segensreiches im Kirchenzelt<\/a><\/p>\n","protected":false},"excerpt":{"rendered":"<p>\u201eSignal, dass wir gerne bei den Menschen sein wollen\u201c&nbsp; Ein buntes Segensb\u00e4ndchen f\u00fcr die Passantinnen und Passanten, eine \u201eSegensdusche\u201c, ein Segensspruch aus dem Glockenturm, ein L\u00e4cheln und ein paar freundliche Worte: Schon am ersten Tag der LandTageNord in Hude (W\u00fcsting) ist der Stand der Evangelisch-Lutherischen Kirche in Oldenburg f\u00fcr viele Menschen ein Anlaufpunkt \u2013 und das nicht nur zur traditionellen Andacht zur Mittagszeit. \u201eIch finde es gro\u00dfartig, dass wir hier vertreten sind, denn wir geben als Kirche ein Signal, dass wir gerne bei den Menschen sein wollen\u201c, so Projektleiterin Kreispfarrerin Christiane Geerken-Thomas. \u201eEs ist ein niedrigschwelliges Angebot gerade f\u00fcr diejenigen,&#8230;<\/p>\n","protected":false},"author":7,"featured_media":0,"comment_status":"false","ping_status":"open","sticky":false,"template":"","format":"standard","meta":{"footnotes":""},"categories":[43],"tags":[44],"class_list":["post-27784","post","type-post","status-publish","format-standard","hentry","category-kirche-oldenburg","tag-kirche-oldenburg"],"_links":{"self":[{"href":"https:\/\/christusnews.de\/site\/wp-json\/wp\/v2\/posts\/27784","targetHints":{"allow":["GET"]}}],"collection":[{"href":"https:\/\/christusnews.de\/site\/wp-json\/wp\/v2\/posts"}],"about":[{"href":"https:\/\/christusnews.de\/site\/wp-json\/wp\/v2\/types\/post"}],"author":[{"embeddable":true,"href":"https:\/\/christusnews.de\/site\/wp-json\/wp\/v2\/users\/7"}],"replies":[{"embeddable":true,"href":"https:\/\/christusnews.de\/site\/wp-json\/wp\/v2\/comments?post=27784"}],"version-history":[{"count":1,"href":"https:\/\/christusnews.de\/site\/wp-json\/wp\/v2\/posts\/27784\/revisions"}],"predecessor-version":[{"id":27785,"href":"https:\/\/christusnews.de\/site\/wp-json\/wp\/v2\/posts\/27784\/revisions\/27785"}],"wp:attachment":[{"href":"https:\/\/christusnews.de\/site\/wp-json\/wp\/v2\/media?parent=27784"}],"wp:term":[{"taxonomy":"category","embeddable":true,"href":"https:\/\/christusnews.de\/site\/wp-json\/wp\/v2\/categories?post=27784"},{"taxonomy":"post_tag","embeddable":true,"href":"https:\/\/christusnews.de\/site\/wp-json\/wp\/v2\/tags?post=27784"}],"curies":[{"name":"wp","href":"https:\/\/api.w.org\/{rel}","templated":true}]}}