{"id":27794,"date":"2025-09-01T13:09:45","date_gmt":"2025-09-01T11:09:45","guid":{"rendered":"https:\/\/christusnews.de\/site\/trotzkraft-hoffnungsstur-mutig\/"},"modified":"2025-09-01T23:17:19","modified_gmt":"2025-09-01T21:17:19","slug":"trotzkraft-hoffnungsstur-mutig","status":"publish","type":"post","link":"https:\/\/christusnews.de\/site\/trotzkraft-hoffnungsstur-mutig\/","title":{"rendered":"\u201eTrotzKraft. Hoffnungsstur mutig\u201c"},"content":{"rendered":"<h3>Frauentag der Ev.-Luth. Kirche in Oldenburg am 13. September im Kulturzentrum PFL in Oldenburg<\/h3>\n<p>Ein Titel, der neugierig macht: \u201eTrotzKraft. Hoffnungsstur mutig\u201c \u2013 Beim diesj\u00e4hrigen Frauentag der Ev.-Luth. Kirche in Oldenburg geht es einerseits um einen kritischen Blick auf gegenw\u00e4rtige Herausforderungen in Kirche und Gesellschaft, andererseits um das, was uns st\u00e4rkt und nicht aufgeben l\u00e4sst. Die renommierte Bloggerin und Buchautorin Dr. Antje Schrupp referiert, die S\u00e4ngerin und Entertainerin Annie Heger moderiert und Popkantorin Karola Schmelz-H\u00f6pfner musiziert am Samstag, 13. September 2025, 10:00 Uhr bis 16:30 Uhr im Kulturzentrum PFL in Oldenburg. Vielseitige Gruppenangebote laden die Teilnehmerinnen zum Mitmachen ein.<\/p>\n<p>Trotzkraft stellt sich dem Sog des \u201eAlles geht abw\u00e4rts!\u201c entgegen und vertraut trotzig der Kraft aus der H\u00f6he. Hoffnungsstur mutig zu sein bedeutet, nicht die Hoffnung loszulassen, sondern auf ihr zu beharren und auch angesichts entmutigender gesellschaftlicher und kirchlicher Entwicklungen nicht den Mut zu verlieren.<\/p>\n<p>Zu dieser Thematik h\u00e4lt die renommierte Politikwissenschaftlerin, Journalistin, Bloggerin und Buchautorin Dr. Antje Schrupp aus Frankfurt am Samstagvormittag einen Vortrag. Annie Heger \u2013 S\u00e4ngerin, Schauspielerin, Entertainerin, Autorin und Moderatorin aus Berlin\/Oldenburg \u2013 f\u00fchrt durch das Programm, mit eigenem Textbeitrag. Die Delmenhorster Popkantorin Karola Schmelz-H\u00f6pfner gestaltet diesen Tag von, mit und f\u00fcr Frauen musikalisch.<\/p>\n<p>Am Nachmittag werden die Teilnehmerinnen bei einem Gruppenangebot selbst aktiv; die Auswahl ist gro\u00df: Schreibwerkstatt und Bibliolog, Wesenskernspiel und Gespr\u00e4chsrunde, Vision Board und Spielerische \u00dcbungen, A Cappella Gesang und Tanzimprovisationen sowie eine Frauengeschichtliche F\u00fchrung laden zu Kreativit\u00e4t, Bewegung und inhaltlicher Auseinandersetzung zum Thema ein.<\/p>\n<p>Organisiert wird der Frauentag von der Arbeitsgemeinschaft Frauenarbeit der Ev.-Luth. Kirche in Oldenburg (AGFA), Hauptverantwortliche ist Dr. Anrdea Schrimm-Heins, Leiterin der Evangelischen Frauenarbeit der Ev.-Luth. Kirche in Oldenburg.<\/p>\n<p><strong>Hier finden Sie den <\/strong><a href=\"https:\/\/www.kirche-oldenburg.de\/fileadmin\/elkio\/presse\/2025\/downloads\/Einladung_Frauentag-ELKiO-2025.pdf\"><strong>Anmelde-Flyer<\/strong><\/a><strong> im Format PDF.<\/strong><\/p>\n<p><strong>Programm:<\/strong><br \/>10:00 Uhr Begr\u00fc\u00dfung und Er\u00f6ffnung<br \/>10:30 Uhr Ann\u00e4herung<br \/>Annie Heger, S\u00e4ngerin, Schauspielerin, Autorin und Moderatorin, Berlin\/Oldenburg<br \/>10:45 Uhr TrotzKraft \u2013 Hoffnungsstur mutig<br \/>Dr. Antje Schrupp, Politikwissenschaftlerin, Journalistin, Bloggerin und Buchautorin, Frankfurt<br \/>12:30 Uhr Mittagessen und Pause<br \/>13:30 Uhr Musik und Bewegung<br \/>Popkantorin Karola Schmelz-H\u00f6pfner, Delmenhorst, ELKiO<br \/>14:00 Uhr Textbeitrag Annie Heger<br \/>14:15 Uhr Gruppenangebote<br \/>16:15 Uhr Abschluss mit Reisesegen<\/p>\n<p><strong>Im Foyer: <\/strong>Eine-Welt-Stand des \u00d6kumenischen Zentrums Oldenburg; B\u00fcchertisch der B\u00fcchergilde Oldenburg<br \/><strong>Zeit:<\/strong> Samstag, 13. September 2025, 10:00 Uhr bis 16:30 Uhr<br \/><strong>Tagungsort:<\/strong> Kulturzentrum PFL, Peterstra\u00dfe 3, 26121 Oldenburg<\/p>\n<p>Teilnahmebeitrag (Rechnung nach Anmeldung): 25,00 Euro inkl. Mittagessen;<br \/>Gruppe ab f\u00fcnf Frauen 20,00 \u20ac pro Teilnehmerin; Erm\u00e4\u00dfigung auf Anfrage<\/p>\n<p><strong>Weitere Informationen und Anmeldung:<\/strong><br \/>Evangelische Frauenarbeit der Ev.-Luth. Kirche in Oldenburg<br \/>Gottorpstra\u00dfe 14, 26122 Oldenburg<br \/>Tel.: 0441\/7701-444<br \/>E-Mail: <a href=\"mailto:frauenarbeit@kirche-oldenburg.de\">frauenarbeit@kirche-oldenburg.de<\/a>&nbsp;<br \/>Internet: www.frauenarbeit.kirche-oldenburg.de&nbsp;<\/p>\n<p>&nbsp;<\/p>\n<p>Kirche-Oldenburg<br \/>\n<a href=\"https:\/\/www.kirche-oldenburg.de\/aktuelles\/detail\/trotzkraft-hoffnungsstur-mutig\" target=\"_blank\">\u201eTrotzKraft. Hoffnungsstur mutig\u201c<\/a><\/p>\n","protected":false},"excerpt":{"rendered":"<p>Frauentag der Ev.-Luth. Kirche in Oldenburg am 13. September im Kulturzentrum PFL in Oldenburg Ein Titel, der neugierig macht: \u201eTrotzKraft. Hoffnungsstur mutig\u201c \u2013 Beim diesj\u00e4hrigen Frauentag der Ev.-Luth. Kirche in Oldenburg geht es einerseits um einen kritischen Blick auf gegenw\u00e4rtige Herausforderungen in Kirche und Gesellschaft, andererseits um das, was uns st\u00e4rkt und nicht aufgeben l\u00e4sst. Die renommierte Bloggerin und Buchautorin Dr. Antje Schrupp referiert, die S\u00e4ngerin und Entertainerin Annie Heger moderiert und Popkantorin Karola Schmelz-H\u00f6pfner musiziert am Samstag, 13. September 2025, 10:00 Uhr bis 16:30 Uhr im Kulturzentrum PFL in Oldenburg. Vielseitige Gruppenangebote laden die Teilnehmerinnen zum Mitmachen ein. Trotzkraft&#8230;<\/p>\n","protected":false},"author":7,"featured_media":0,"comment_status":"false","ping_status":"open","sticky":false,"template":"","format":"standard","meta":{"footnotes":""},"categories":[43],"tags":[44],"class_list":["post-27794","post","type-post","status-publish","format-standard","hentry","category-kirche-oldenburg","tag-kirche-oldenburg"],"_links":{"self":[{"href":"https:\/\/christusnews.de\/site\/wp-json\/wp\/v2\/posts\/27794","targetHints":{"allow":["GET"]}}],"collection":[{"href":"https:\/\/christusnews.de\/site\/wp-json\/wp\/v2\/posts"}],"about":[{"href":"https:\/\/christusnews.de\/site\/wp-json\/wp\/v2\/types\/post"}],"author":[{"embeddable":true,"href":"https:\/\/christusnews.de\/site\/wp-json\/wp\/v2\/users\/7"}],"replies":[{"embeddable":true,"href":"https:\/\/christusnews.de\/site\/wp-json\/wp\/v2\/comments?post=27794"}],"version-history":[{"count":1,"href":"https:\/\/christusnews.de\/site\/wp-json\/wp\/v2\/posts\/27794\/revisions"}],"predecessor-version":[{"id":27795,"href":"https:\/\/christusnews.de\/site\/wp-json\/wp\/v2\/posts\/27794\/revisions\/27795"}],"wp:attachment":[{"href":"https:\/\/christusnews.de\/site\/wp-json\/wp\/v2\/media?parent=27794"}],"wp:term":[{"taxonomy":"category","embeddable":true,"href":"https:\/\/christusnews.de\/site\/wp-json\/wp\/v2\/categories?post=27794"},{"taxonomy":"post_tag","embeddable":true,"href":"https:\/\/christusnews.de\/site\/wp-json\/wp\/v2\/tags?post=27794"}],"curies":[{"name":"wp","href":"https:\/\/api.w.org\/{rel}","templated":true}]}}