{"id":27800,"date":"2025-09-02T10:52:00","date_gmt":"2025-09-02T08:52:00","guid":{"rendered":"https:\/\/christusnews.de\/site\/baum-challenge-ein-zeichen-fuer-gelebte-schoepfungsverantwortung\/"},"modified":"2025-09-03T23:17:21","modified_gmt":"2025-09-03T21:17:21","slug":"baum-challenge-ein-zeichen-fuer-gelebte-schoepfungsverantwortung","status":"publish","type":"post","link":"https:\/\/christusnews.de\/site\/baum-challenge-ein-zeichen-fuer-gelebte-schoepfungsverantwortung\/","title":{"rendered":"Baum-Challenge: Ein Zeichen f\u00fcr gelebte Sch\u00f6pfungsverantwortung"},"content":{"rendered":"<p>&nbsp;<\/p>\n<p>&nbsp;<\/p>\n<p>Was als einfache Challenge begann, wurde am Montag, 1. September, zu einem Beispiel f\u00fcr Gemeinschaftsgeist und Umweltengagement: Trotz anhaltenden Regens versammelten sich das Team des Oberkirchenrats und die Kreispfarrer*innen der Ev.-Luth. Kirche in Oldenburg, um gemeinsam einen Birnenbaum zu pflanzen. Zu der Baum-Challenge hatte die Ev.-luth. Kirchengemeinde Ohmstede das Kollegium des Oberkirchenrates herausgefordert, um ein sichtbares Zeichen zu setzen f\u00fcr f\u00fcr gelebtes Engagement f\u00fcr Umweltschutz und Nachhaltigkeit.<\/p>\n<p><strong>Teamwork unter besonderen Bedingungen<\/strong><br \/>Das Wetter meinte es an diesem Tag nicht wirklich gut mit den Teilnehmenden. Doch anstatt die Aktion zu verschieben, wurde kurzerhand ein Pavillon umfunktioniert. Unter ihm fanden dann die Pflanzarbeiten statt \u2013 manche sogar in Anzug und Lederschuhen, denn Umweltschutz kennt keine Kleiderordnung.<\/p>\n<p>W\u00e4hrend einige das Pflanzloch vorbereiteten, sorgten andere f\u00fcr das richtige Werkzeug und die optimale Positionierung des jungen Birnenb\u00e4umchens. Der Regen, der zun\u00e4chst als Hindernis erschien, entpuppte sich letztendlich als perfekte Starthilfe f\u00fcr den kleinen Birnenbaum.<\/p>\n<p><strong>Mehr als nur ein Baum<\/strong><br \/>Mit dieser Aktion setzte die oldenburgische Kirche bewusst ein Zeichen f\u00fcr Nachhaltigkeit und Sch\u00f6pfungsverantwortung. Der gepflanzte Birnenbaum ist weit mehr als nur ein Symbol \u2013 er wird aktiv zur CO2-Reduktion beitragen, Lebensraum f\u00fcr Insekten schaffen und in einigen Jahren die ersten Birnen tragen.<\/p>\n<p><strong>Ein Aufruf zum Mitmachen<\/strong><br \/>Die Baum-Challenge zeigt: Umweltschutz funktioniert am besten gemeinsam. Jeder gepflanzte Baum, jede gr\u00fcne Initiative z\u00e4hlt. Und wenn es um die Bewahrung unserer Sch\u00f6pfung geht, l\u00e4\u00dft sich die oldenburgische Kirchenleitung weder von schlechtem Wetter noch von formeller Kleidung aufhalten. &nbsp;<\/p>\n<p>Die oldenburgische Kirche ruft nun weitere Organisationen auf, ebenfalls aktiv zu werden \u2013 f\u00fcr eine gr\u00fcnere Zukunft und die Bewahrung der Sch\u00f6pfung.<\/p>\n<p><i>Ein Beitrag von Corinna Sch\u00f6ttelndreyer.<\/i><br \/>&nbsp;<\/p>\n<p>Kirche-Oldenburg<br \/>\n<a href=\"https:\/\/www.kirche-oldenburg.de\/aktuelles\/detail\/baum-challenge-ein-zeichen-fuer-gelebte-schoepfungsverantwortung\" target=\"_blank\">Baum-Challenge: Ein Zeichen f\u00fcr gelebte Sch\u00f6pfungsverantwortung<\/a><\/p>\n","protected":false},"excerpt":{"rendered":"<p>&nbsp; &nbsp; Was als einfache Challenge begann, wurde am Montag, 1. September, zu einem Beispiel f\u00fcr Gemeinschaftsgeist und Umweltengagement: Trotz anhaltenden Regens versammelten sich das Team des Oberkirchenrats und die Kreispfarrer*innen der Ev.-Luth. Kirche in Oldenburg, um gemeinsam einen Birnenbaum zu pflanzen. Zu der Baum-Challenge hatte die Ev.-luth. Kirchengemeinde Ohmstede das Kollegium des Oberkirchenrates herausgefordert, um ein sichtbares Zeichen zu setzen f\u00fcr f\u00fcr gelebtes Engagement f\u00fcr Umweltschutz und Nachhaltigkeit. Teamwork unter besonderen BedingungenDas Wetter meinte es an diesem Tag nicht wirklich gut mit den Teilnehmenden. Doch anstatt die Aktion zu verschieben, wurde kurzerhand ein Pavillon umfunktioniert. Unter ihm fanden dann&#8230;<\/p>\n","protected":false},"author":7,"featured_media":0,"comment_status":"false","ping_status":"open","sticky":false,"template":"","format":"standard","meta":{"footnotes":""},"categories":[43],"tags":[44],"class_list":["post-27800","post","type-post","status-publish","format-standard","hentry","category-kirche-oldenburg","tag-kirche-oldenburg"],"_links":{"self":[{"href":"https:\/\/christusnews.de\/site\/wp-json\/wp\/v2\/posts\/27800","targetHints":{"allow":["GET"]}}],"collection":[{"href":"https:\/\/christusnews.de\/site\/wp-json\/wp\/v2\/posts"}],"about":[{"href":"https:\/\/christusnews.de\/site\/wp-json\/wp\/v2\/types\/post"}],"author":[{"embeddable":true,"href":"https:\/\/christusnews.de\/site\/wp-json\/wp\/v2\/users\/7"}],"replies":[{"embeddable":true,"href":"https:\/\/christusnews.de\/site\/wp-json\/wp\/v2\/comments?post=27800"}],"version-history":[{"count":1,"href":"https:\/\/christusnews.de\/site\/wp-json\/wp\/v2\/posts\/27800\/revisions"}],"predecessor-version":[{"id":27801,"href":"https:\/\/christusnews.de\/site\/wp-json\/wp\/v2\/posts\/27800\/revisions\/27801"}],"wp:attachment":[{"href":"https:\/\/christusnews.de\/site\/wp-json\/wp\/v2\/media?parent=27800"}],"wp:term":[{"taxonomy":"category","embeddable":true,"href":"https:\/\/christusnews.de\/site\/wp-json\/wp\/v2\/categories?post=27800"},{"taxonomy":"post_tag","embeddable":true,"href":"https:\/\/christusnews.de\/site\/wp-json\/wp\/v2\/tags?post=27800"}],"curies":[{"name":"wp","href":"https:\/\/api.w.org\/{rel}","templated":true}]}}