{"id":27818,"date":"2025-09-20T17:33:43","date_gmt":"2025-09-20T15:33:43","guid":{"rendered":"https:\/\/christusnews.de\/site\/oldenburgische-synode-waehlt-neue-oberkirchenraete-fuer-die-bereiche-recht-sowie-finanzen\/"},"modified":"2025-09-20T23:17:26","modified_gmt":"2025-09-20T21:17:26","slug":"oldenburgische-synode-waehlt-neue-oberkirchenraete-fuer-die-bereiche-recht-sowie-finanzen","status":"publish","type":"post","link":"https:\/\/christusnews.de\/site\/oldenburgische-synode-waehlt-neue-oberkirchenraete-fuer-die-bereiche-recht-sowie-finanzen\/","title":{"rendered":"Oldenburgische Synode w\u00e4hlt neue Oberkirchenr\u00e4te f\u00fcr die Bereiche Recht sowie Finanzen"},"content":{"rendered":"<h3>Synodale w\u00e4hlen Sebastian Gro\u00df zum nichttheologischen Mitglied des Oberkirchenrates f\u00fcr den Bereich Finanzen und Hauke Smoor zum juristischen Mitglied des Oberkirchenrates f\u00fcr den Bereich Recht<\/h3>\n<p>Am Samstag, 20. September, haben die Synodalen der Evangelisch-Lutherischen Kirche in Oldenburg auf ihrer 4. au\u00dferordentlichen Tagung im Gemeindehaus St. Johannes in Oldenburg-Kreyenbr\u00fcck zwei neue Oberkirchenr\u00e4te als Mitglieder des Oberkirchenrates gew\u00e4hlt. Neben dem Bischof, der Synode und dem Gemeinsamen Kirchenausschuss leitet und verwaltet der Oberkirchenrat als Kollegialorgan die Ev.-Luth. Kirche in Oldenburg.<\/p>\n<p>Zum nichttheologischen Mitglied des Oberkirchenrates f\u00fcr den Bereich Finanzen w\u00e4hlten die Synodalen einstimmig Oberkirchenrat Sebastian Gro\u00df. Gro\u00df war bereits im Februar 2023 von der Synode in das Amt als nebenamtliches nichttheologisches Mitglied des Oberkirchenrates f\u00fcr den Bereich Finanzen gew\u00e4hlt worden. Auf ihrer 3. au\u00dferordentlichen Tagung im M\u00e4rz dieses Jahres hatte die Synode beschlossen, diese Stelle nicht auszuschreiben.<\/p>\n<p>Zum juristischen Mitglied des Oberkirchenrates f\u00fcr den Bereich Recht wurde Oberkirchenrat Hauke Smoor aus der Gemeinde Steinfeld mit sehr gro\u00dfer Mehrheit gew\u00e4hlt. Er erhielt 40 Stimmen bei zwei Gegenstimmen und zwei Enthaltungen. Smoor ist seit Anfang 2022 Oberkirchenrat im Kirchenamt der Evangelischen Kirche in Deutschland (EKD) in Hannover und Referent f\u00fcr Recht der Auslandsarbeit, kirchliches Verwaltungsrecht, Liegenschaftsrecht und Versicherungswesen.<\/p>\n<p>Oberkirchenrat Hauke Smoor wird Nachfolger von Oberkirchenrat Udo Heinen, der das Amt als nebenamtliches nichttheologisches Mitglied des Oberkirchenrates seit M\u00e4rz 2023 aus\u00fcbt. Die Wahlperiode endet im Februar 2026.<\/p>\n<p>Beide Positionen werden im privatrechtlichen Arbeitsverh\u00e4ltnis mit einer Amtszeit von zehn Jahren besetzt.<\/p>\n<p><strong>Die Tagesordnung, weitere Berichte und Fotos finden Sie online unter: <\/strong><a href=\"https:\/\/www.kirche-oldenburg.de\/kirche-kennen\/struktur-gremien\/synode\/4ao\/49-synode\" target=\"_blank\"><strong>https:\/\/www.kirche-oldenburg.de\/kirche-kennen\/struktur-gremien\/synode\/4ao\/49-synode<\/strong><\/a><strong>&nbsp;<\/strong><\/p>\n<p>Die Verhandlungen der Synode konnten im Live-Stream verfolgt werden, der unter dem Kurzlink: kirche-oldenburg.de\/synode\/live (<a href=\"https:\/\/www.kirche-oldenburg.de\/synode\/live\" target=\"_blank\">www.kirche-oldenburg.de\/synode\/live<\/a>) angeboten wird.<\/p>\n<p>&nbsp;<\/p>\n<p><strong>Oberkirchenrat Sebastian Gro\u00df <\/strong>(42) ist seit M\u00e4rz 2023 nebenamtliches Mitglied des Oberkirchenrates f\u00fcr den Bereich Finanzen der Ev.-Luth. Kirche in Oldenburg. Ihm obliegt die fachliche und disziplinarische Leitung des Dezernates 2 \/ Betriebswirtschaft und er verantwortet die Finanzsteuerung und das Controlling sowie den Jahresabschluss und den Haushaltsplan. Gro\u00df ist Teil der kommissarischen Leitung der Gemeinsamen Kirchenverwaltung mit ca. 250 Mitarbeitenden und Projektleiter f\u00fcr die Neustrukturierung der Gemeinsamen Kirchenverwaltung der oldenburgischen Kirche.<\/p>\n<p>Bereits seit 2018 ist Sebastian Gro\u00df Abteilungsleiter f\u00fcr Finanzen und Verm\u00f6gen in der Zentralen Dienststelle der Gemeinsamen Kirchenverwaltung der oldenburgischen Kirche. Zus\u00e4tzlich war er Lehrbeauftragter am Nieders\u00e4chsischen Studieninstitut f\u00fcr kommunale Verwaltung e.V.<\/p>\n<p>Gro\u00df ist in Detmold aufgewachsen und hat Betriebswirtschaftslehre (2003 \u2013 2008) in Greifswald studiert. Der Diplom-Kaufmann war zun\u00e4chst wissenschaftliche Hilfskraft (2008), danach Pr\u00fcfer bei der Curacon GmbH Wirtschaftspr\u00fcfungsgesellschaft M\u00fcnster (2009 \u2013 2012), Controller bei der Johanniter Seniorenh\u00e4user GmbH (2012 \u2013 2013) sowie IT-Systempr\u00fcfer und Teamleiter beim Genossenschaftsverband Weser-Ems e.V. (2013 \u2013 2018).<\/p>\n<p>Sebastian Gro\u00df ist verheiratet und hat zwei Kinder.<\/p>\n<p><strong>Oberkirchenrat Hauke Smoor <\/strong>(38) stammt geb\u00fcrtig aus Osnabr\u00fcck. Seit Anfang 2022 ist er Oberkirchenrat im Kirchenamt der Evangelischen Kirche in Deutschland (EKD) in Hannover und Referent f\u00fcr Recht der Auslandsarbeit, kirchliches Verwaltungsrecht, Liegenschaftsrecht und Versicherungswesen. Dar\u00fcber hinaus ist er Gesch\u00e4ftsf\u00fchrer der Grundst\u00fccks- und Baurechtskommission der EKD und Gesch\u00e4ftsf\u00fchrer der Versicherungskommission der EKD. Smoor wirkte verantwortlich mit bei der Erstellung der Anerkennungsrichtlinie-EKD (April 2025) und der Erstellung der Klimaschutzrichtlinie-EKD (Oktober 2022).<\/p>\n<p>Von 2017 bis Ende 2021 war Smoor Rechtsanwalt bei Berding Rechtsanw\u00e4lte Partnerschaft in Dinklage. Anfang 2021 wurde ihm der Titel Fachanwalt f\u00fcr Verwaltungsrecht verliehen.<\/p>\n<p>Von Ende 2014 bis Ende 2016 absolvierte Smoor den Juristischen Vorbereitungsdienst am Verwaltungsgericht Osnabr\u00fcck, bei Rechtsinformer.Rechtsanw\u00e4lte in Osnabr\u00fcck und der Staatsanwaltschaft Osnabr\u00fcck sowie dem Amtsgericht Lingen (Ems), den er mit der Zweiten juristischen Staatspr\u00fcfung abschloss.<\/p>\n<p>Von 2007 bis 2014 studierte Hauke Smoor Rechtswissenschaften an den Universit\u00e4ten Osnabr\u00fcck und Stra\u00dfburg mit dem Abschluss Erste Juristische Pr\u00fcfung.<\/p>\n<p>Hauke Smoor ist verheiratet und hat einen Sohn. Er lebt in der Gemeinde Steinfeld und ist Mitglied im Gemeindekirchenrat der Ev.-luth. Kirchengemeinde Steinfeld sowie der Kreissynode im Oldenburger M\u00fcnsterland.<\/p>\n<p>Neben dem Bischof, der Synode und dem Gemeinsamen Kirchenausschuss leitet und verwaltet der Oberkirchenrat als Kollegialorgan die Ev.-Luth. Kirche in Oldenburg. Der in derzeit drei Dezernate gegliederte Oberkirchenrat ist die oberste Dienst- und Verwaltungsbeh\u00f6rde der Ev.-Luth. Kirche in Oldenburg. Zur oldenburgischen Kirche geh\u00f6ren 107 Kirchengemeinden gegliedert in sechs Kirchenkreise mit insgesamt knapp 350.000 Gemeindegliedern (Stand 31.12.2024).<\/p>\n<h3>Oldenburgische Synode solidarisiert sich mit bundesweiten Klima-Demonstrationen<\/h3>\n<p>Die Synodalen der oldenburgischen Kirche haben sich am Samstag mit den Zielen des bundesweiten Klimastreiks solidarisiert und einen Unterst\u00fctzungs-Aufruf \u201eKlimagerechtigkeit &#8211; Jetzt!\u201c gesendet. Deutschlandweit finden am Samstag Klima-Demonstrationen unter dem Motto #ExitGasEnterFuture statt, die von \u201eFridays for Future\u201c ausgerufen worden sind.<\/p>\n<p>Die Synodale Marylou Segebade aus dem Kirchenkreise Delmenhorst\/Oldenburg Land forderte in einem Video f\u00fcr die Social Media-Kan\u00e4le der oldenburgischen Kirche: \u201eDie Bewahrung der Sch\u00f6pfung ist keine Nebensache, sondern Kern unseres Glaubens.\u201c Deshalb unterst\u00fctze die Synode die bundesweiten Klima-Demonstrationen. \u201eKlimagerechtigkeit ist nicht nur eine \u00f6kologische, sondern auch eine Frage von sozialer Verantwortung f\u00fcr die Menschen weltweit,\u201c betonte Synodenpr\u00e4sidentin Sabine Bl\u00fctchen. Klimagerechtigkeit m\u00fcsse die Politik, die Wirtschaft und auch die Kirche besch\u00e4ftigen.<\/p>\n<p>Die vor der St.-Johannes-Kirche in Oldenburg-Kreyenbr\u00fcck versammelten Synodalen riefen: \u201eKlimagerechtigkeit &#8211; Jetzt!\u201c<\/p>\n<h3>Weitere Themen der Synodentagung<\/h3>\n<p>Dar\u00fcber hinaus hat die Synode auf ihrer 4. au\u00dferordentlichen Tagung das Kirchengesetz \u00fcber das Pfarrverm\u00f6gen, das Kirchengesetz zur \u00c4nderung des Rahmenpfarrstellenplangesetzes und die 6. \u00c4nderung der Gesch\u00e4ftsordnung f\u00fcr die Synode der oldenburgischen Kirche beraten und beschlossen.<\/p>\n<p>Die 12. Tagung der 49. Synode findet am 20. und 21. November 2025 im Evangelischen Bildungshaus Rastede statt.<\/p>\n<p>Kirche-Oldenburg<br \/>\n<a href=\"https:\/\/www.kirche-oldenburg.de\/aktuelles\/detail\/oldenburgische-synode-waehlt-neue-oberkirchenraete-fuer-die-bereiche-recht-sowie-finanzen\" target=\"_blank\">Oldenburgische Synode w\u00e4hlt neue Oberkirchenr\u00e4te f\u00fcr die Bereiche Recht sowie Finanzen<\/a><\/p>\n","protected":false},"excerpt":{"rendered":"<p>Synodale w\u00e4hlen Sebastian Gro\u00df zum nichttheologischen Mitglied des Oberkirchenrates f\u00fcr den Bereich Finanzen und Hauke Smoor zum juristischen Mitglied des Oberkirchenrates f\u00fcr den Bereich Recht Am Samstag, 20. September, haben die Synodalen der Evangelisch-Lutherischen Kirche in Oldenburg auf ihrer 4. au\u00dferordentlichen Tagung im Gemeindehaus St. Johannes in Oldenburg-Kreyenbr\u00fcck zwei neue Oberkirchenr\u00e4te als Mitglieder des Oberkirchenrates gew\u00e4hlt. Neben dem Bischof, der Synode und dem Gemeinsamen Kirchenausschuss leitet und verwaltet der Oberkirchenrat als Kollegialorgan die Ev.-Luth. Kirche in Oldenburg. Zum nichttheologischen Mitglied des Oberkirchenrates f\u00fcr den Bereich Finanzen w\u00e4hlten die Synodalen einstimmig Oberkirchenrat Sebastian Gro\u00df. Gro\u00df war bereits im Februar 2023 von&#8230;<\/p>\n","protected":false},"author":7,"featured_media":0,"comment_status":"false","ping_status":"open","sticky":false,"template":"","format":"standard","meta":{"footnotes":""},"categories":[43],"tags":[44],"class_list":["post-27818","post","type-post","status-publish","format-standard","hentry","category-kirche-oldenburg","tag-kirche-oldenburg"],"_links":{"self":[{"href":"https:\/\/christusnews.de\/site\/wp-json\/wp\/v2\/posts\/27818","targetHints":{"allow":["GET"]}}],"collection":[{"href":"https:\/\/christusnews.de\/site\/wp-json\/wp\/v2\/posts"}],"about":[{"href":"https:\/\/christusnews.de\/site\/wp-json\/wp\/v2\/types\/post"}],"author":[{"embeddable":true,"href":"https:\/\/christusnews.de\/site\/wp-json\/wp\/v2\/users\/7"}],"replies":[{"embeddable":true,"href":"https:\/\/christusnews.de\/site\/wp-json\/wp\/v2\/comments?post=27818"}],"version-history":[{"count":1,"href":"https:\/\/christusnews.de\/site\/wp-json\/wp\/v2\/posts\/27818\/revisions"}],"predecessor-version":[{"id":27819,"href":"https:\/\/christusnews.de\/site\/wp-json\/wp\/v2\/posts\/27818\/revisions\/27819"}],"wp:attachment":[{"href":"https:\/\/christusnews.de\/site\/wp-json\/wp\/v2\/media?parent=27818"}],"wp:term":[{"taxonomy":"category","embeddable":true,"href":"https:\/\/christusnews.de\/site\/wp-json\/wp\/v2\/categories?post=27818"},{"taxonomy":"post_tag","embeddable":true,"href":"https:\/\/christusnews.de\/site\/wp-json\/wp\/v2\/tags?post=27818"}],"curies":[{"name":"wp","href":"https:\/\/api.w.org\/{rel}","templated":true}]}}