{"id":27820,"date":"2025-09-24T20:01:00","date_gmt":"2025-09-24T18:01:00","guid":{"rendered":"https:\/\/christusnews.de\/site\/projektkatalog-junges-gaw-und-die-auseinandersetzung-mit-populismus\/"},"modified":"2025-09-24T23:17:26","modified_gmt":"2025-09-24T21:17:26","slug":"projektkatalog-junges-gaw-und-die-auseinandersetzung-mit-populismus","status":"publish","type":"post","link":"https:\/\/christusnews.de\/site\/projektkatalog-junges-gaw-und-die-auseinandersetzung-mit-populismus\/","title":{"rendered":"Projektkatalog, Junges GAW und die Auseinandersetzung mit Populismus"},"content":{"rendered":"<h3>Bundesweite GAW-Delegiertenversammlung in Rastede<\/h3>\n<p>Vom 21. bis 23. September fand die bundesweite Delegiertenversammlung des EKD-Diasporawerks Gustav-Adolf-Werk e.V. (GAW) in Rastede statt. 48 Delegierte aus 21 Hauptgruppen sowie den Frauengruppen der verschiedenen Landeskirchen waren zu Gast beim GAW Oldenburg und der Evangelisch-Lutherischen Kirche in Oldenburg. Dabei trafen sie wichtige Entscheidungen f\u00fcr die k\u00fcnftige Arbeit des GAW.<\/p>\n<p><strong>Wahlen und Beschl\u00fcsse<\/strong><br \/>Die Delegiertenversammlung stimmte einstimmig dem Entwurf des Projektkataloges 2026 mit einer Rahmensumme von 1,9 Millionen Euro f\u00fcr insgesamt 104 Projekte in den Partnerkirchen des GAW auf drei Kontinenten zu. Luca Ghiretti, stellvertretender Vorsitzender des GAW Baden, wurde mit gro\u00dfer Mehrheit f\u00fcr die Amtszeit vom 01.01.2026 bis 31.12.2029 als Beisitzer in den Vorstand des GAW gew\u00e4hlt. Au\u00dferdem wurden die Klimaschutzziele und der Verhaltenskodex des GAW verabschiedet.<\/p>\n<p><strong>Junges GAW<\/strong><br \/>Eine wegweisende Entscheidung der Delegiertenversammlung war, die Arbeitsgemeinschaft Junges GAW, die sich im M\u00e4rz 2025 gegr\u00fcndet hatte, als eine zweite spezifische Arbeitsgemeinschaft neben der Frauenarbeit im GAW aufzunehmen und ihr ebenfalls Stimmrecht auf der Delegiertenversammlung zu verleihen. Die AG Junges GAW hat sich zum Ziel gesetzt, jungen Menschen bis 32 eine M\u00f6glichkeit zu schaffen, sich trotz ihrer mobilen Lebensphase aktiv f\u00fcr Diasporakirchen zu engagieren.<\/p>\n<p><strong>Vortrag \u201ePopulismus und christliche Verantwortung\u201c<\/strong><br \/>Den thematischen Schwerpunkt der Tagung bildete der Vortrag von Harald Lamprecht, Beauftragter f\u00fcr Weltanschauungs- und Sektenfragen der Evangelisch-Lutherischen Landeskirche in Sachsen. Lamprecht, der sich vor allem auf den Rechtspopulismus konzentrierte, zeigte auf, warum dieser im Widerspruch zum christlichen Menschenbild stehe. Er analysierte die Strategien von populistischen Str\u00f6mungen, die den nat\u00fcrlichen Egoismus und kurzfristiges Denken gegen N\u00e4chstenliebe und Nachhaltigkeit ausspielen, um gesellschaftliche Grundsatzprobleme wie die extrem ungleiche Verm\u00f6gensverteilung zu verschleiern. Sein Vortrag wurde durch G\u00e4ste der Delegiertenversammlung erg\u00e4nzt: Ingrid Monjencs (Evangelische Kirche A.B. in \u00d6sterreich), Stephanie Gysel (Protestantisch-kirchlicher Hilfsverein des Kantons Z\u00fcrich, Schweiz) und Jean-Louis Stilmant (Vereinigte Protestantische Kirche in Belgien) gaben aufschlussreiche Einblicke in die Situationen in ihren jeweiligen L\u00e4ndern und Kirchen.<\/p>\n<p><strong>Gottesdienste<\/strong><br \/>Bischof Thomas Adomeit, Bischof der Evangelisch-Lutherischen Kirche in Oldenburg, predigte im Er\u00f6ffnungsgottesdienst der Delegiertenversammlung in der St.-Ulrichs-Kirche in Rastede. In seiner Predigt zu 1. Mose 28,10\u201322 unterstrich er: \u201eGott ist da, wo seine Boten und Botinnen sind. Genau darum geht es doch auch in der Arbeit des Gustav-Adolf-Werks: Geschwister st\u00e4rken, Freiheit des Glaubens sch\u00fctzen, Gemeinden aufbauen, Bildungsarbeit erm\u00f6glichen, Menschen in Not beistehen \u2013 in Europa, Lateinamerika, Asien. \u00dcber Kontinente hinweg werden Sprossen gelegt, damit Menschen Hoffnung fassen und Gemeinden Heimat finden.\u201d<\/p>\n<p>Im Vorfeld fanden auf dem Gebiet der oldenburgischen Kirche verschiedene Gottesdienste mit Vertreterinnen und Vertretern des GAW sowie der Partnerkirchen statt.<\/p>\n<p><strong>Gustav-Adolf-Werk&nbsp;<\/strong><br \/>Das Gustav-Adolf-Werk e.V. ist das Diasporawerk der EKD und nimmt gem\u00e4\u00df Artikel 16 der Grundordnung der EKD vom 13.07.1948 im Zusammenwirken mit der EKD, ihren Gliedkirchen und Gemeinden die besondere Verantwortung f\u00fcr den Dienst in der Diaspora wahr. Die Arbeit wird von bundesweit 21 Hauptgruppen und 19 Frauengruppen getragen. Das GAW hilft seinen Partnerkirchen beim Gemeindeaufbau, bei der Renovierung, beim Kauf und beim Neubau von Kirchen und Gemeinder\u00e4umen, bei sozialdiakonischen und missionarischen Aufgaben, bei der Aus- und Weiterbildung von kirchlichen Mitarbeiterinnen und Mitarbeitern u. a. J\u00e4hrlich werden verschiedene Projekte mit mehr als zwei Millionen Euro unterst\u00fctzt.<br \/>&nbsp;<\/p>\n<p>&nbsp;<\/p>\n<p>Kirche-Oldenburg<br \/>\n<a href=\"https:\/\/www.kirche-oldenburg.de\/aktuelles\/detail\/projektkatalog-junges-gaw-und-die-auseinandersetzung-mit-populismus\" target=\"_blank\">Projektkatalog, Junges GAW und die Auseinandersetzung mit Populismus<\/a><\/p>\n","protected":false},"excerpt":{"rendered":"<p>Bundesweite GAW-Delegiertenversammlung in Rastede Vom 21. bis 23. September fand die bundesweite Delegiertenversammlung des EKD-Diasporawerks Gustav-Adolf-Werk e.V. (GAW) in Rastede statt. 48 Delegierte aus 21 Hauptgruppen sowie den Frauengruppen der verschiedenen Landeskirchen waren zu Gast beim GAW Oldenburg und der Evangelisch-Lutherischen Kirche in Oldenburg. Dabei trafen sie wichtige Entscheidungen f\u00fcr die k\u00fcnftige Arbeit des GAW. Wahlen und Beschl\u00fcsseDie Delegiertenversammlung stimmte einstimmig dem Entwurf des Projektkataloges 2026 mit einer Rahmensumme von 1,9 Millionen Euro f\u00fcr insgesamt 104 Projekte in den Partnerkirchen des GAW auf drei Kontinenten zu. Luca Ghiretti, stellvertretender Vorsitzender des GAW Baden, wurde mit gro\u00dfer Mehrheit f\u00fcr die Amtszeit&#8230;<\/p>\n","protected":false},"author":7,"featured_media":0,"comment_status":"false","ping_status":"open","sticky":false,"template":"","format":"standard","meta":{"footnotes":""},"categories":[43],"tags":[44],"class_list":["post-27820","post","type-post","status-publish","format-standard","hentry","category-kirche-oldenburg","tag-kirche-oldenburg"],"_links":{"self":[{"href":"https:\/\/christusnews.de\/site\/wp-json\/wp\/v2\/posts\/27820","targetHints":{"allow":["GET"]}}],"collection":[{"href":"https:\/\/christusnews.de\/site\/wp-json\/wp\/v2\/posts"}],"about":[{"href":"https:\/\/christusnews.de\/site\/wp-json\/wp\/v2\/types\/post"}],"author":[{"embeddable":true,"href":"https:\/\/christusnews.de\/site\/wp-json\/wp\/v2\/users\/7"}],"replies":[{"embeddable":true,"href":"https:\/\/christusnews.de\/site\/wp-json\/wp\/v2\/comments?post=27820"}],"version-history":[{"count":1,"href":"https:\/\/christusnews.de\/site\/wp-json\/wp\/v2\/posts\/27820\/revisions"}],"predecessor-version":[{"id":27821,"href":"https:\/\/christusnews.de\/site\/wp-json\/wp\/v2\/posts\/27820\/revisions\/27821"}],"wp:attachment":[{"href":"https:\/\/christusnews.de\/site\/wp-json\/wp\/v2\/media?parent=27820"}],"wp:term":[{"taxonomy":"category","embeddable":true,"href":"https:\/\/christusnews.de\/site\/wp-json\/wp\/v2\/categories?post=27820"},{"taxonomy":"post_tag","embeddable":true,"href":"https:\/\/christusnews.de\/site\/wp-json\/wp\/v2\/tags?post=27820"}],"curies":[{"name":"wp","href":"https:\/\/api.w.org\/{rel}","templated":true}]}}