{"id":27822,"date":"2025-09-24T19:00:28","date_gmt":"2025-09-24T17:00:28","guid":{"rendered":"https:\/\/christusnews.de\/site\/die-erste-nacht-der-choere-in-wilhelmshaven-startet-am-27-9-um-18-uhr-an-drei-verschiedenen-orten-27-september-18-22-45-uhr-zeitgleich-an-drei-verschiedenen-orten\/"},"modified":"2025-09-24T23:17:27","modified_gmt":"2025-09-24T21:17:27","slug":"die-erste-nacht-der-choere-in-wilhelmshaven-startet-am-27-9-um-18-uhr-an-drei-verschiedenen-orten-27-september-18-22-45-uhr-zeitgleich-an-drei-verschiedenen-orten","status":"publish","type":"post","link":"https:\/\/christusnews.de\/site\/die-erste-nacht-der-choere-in-wilhelmshaven-startet-am-27-9-um-18-uhr-an-drei-verschiedenen-orten-27-september-18-22-45-uhr-zeitgleich-an-drei-verschiedenen-orten\/","title":{"rendered":"Die erste \u201eNacht der Ch\u00f6re\u201c in Wilhelmshaven startet am 27. 9. um 18 Uhr an drei verschiedenen Orten (27. September, 18 \u2013 22.45 Uhr )\n\nZeitgleich an drei verschiedenen Orten (Christus- und Garnisonkirche, Nordseepassage und Stadtbibliothek) finden Kurzkonzerte von Wilhelmshavener Ch\u00f6ren am 27. September von 18 \u2013 22.45 Uhr \n statt. Jeweils 20 Minuten lang pr\u00e4sentieren sich die Ensembles dann auf den unterschiedlichen B\u00fchnen und bieten Chormusik in ihrer ganzen Vielfalt. 10 verschiedene Ch\u00f6re aus der Stadt sind dabei. Das Publikum kann an einem Veranstaltungsort verweilen, oder mit den Ch\u00f6ren wandern. \nDie Veranstaltung schlie\u00dft mit \u201eLiedern zur Nacht\u201c in der Christus- und Garnisonkirche. Der Eintritt ist frei, um eine Kollekte wird gebeten.\n\nMit dabei sind folgende Ch\u00f6re:\n\nBanter Kantorei, Leitung Klaus Eldert M\u00fcller\nCanta Mara, Leitung Susanne Siefken\nEvangelischer Kirchenchor Altengroden, Leitung Susanne Knoche-Pirsich\nGemeindechor der NAK, Leitung Wolfgang Pude\nKatholischer Kirchenchor St. Willehad, Leitung Robert Pernpeintner\nKatholischer Kirchenchor St. Marien, Leitung Andreas Marth\nKatholische Choralschola, Leitung Robert Pernpeintner\nKammerchor der Musikschule, Leitung Susanne Knoche-Pirsich\nKammerchor Wilhelmshaven der NAK, Leitung Gerrit Junge\nThe Tw\u00e4ng, Leitung Anna-Rabea Pacheco\nGrace Notes, NGW Chor, Leitung Christiane Meyer-Rasche\n #citykirche #konzert #heimathaven #christusundgarnison #Heppenserkirche #chriustusundgarnisonkirche #havenkirche"},"content":{"rendered":"<p>Die erste \u201eNacht der Ch\u00f6re\u201c in Wilhelmshaven startet am 27. 9. um 18 Uhr an drei verschiedenen Orten (27. September, 18 \u2013 22.45 Uhr )<\/p>\n<p>Zeitgleich an drei verschiedenen Orten (Christus- und Garnisonkirche, Nordseepassage und Stadtbibliothek) finden Kurzkonzerte von Wilhelmshavener Ch\u00f6ren am 27. September von 18 \u2013 22.45 Uhr<br \/>\n statt. Jeweils 20 Minuten lang pr\u00e4sentieren sich die Ensembles dann auf den unterschiedlichen B\u00fchnen und bieten Chormusik in ihrer ganzen Vielfalt. 10 verschiedene Ch\u00f6re aus der Stadt sind dabei. Das Publikum kann an einem Veranstaltungsort verweilen, oder mit den Ch\u00f6ren wandern.<br \/>\nDie Veranstaltung schlie\u00dft mit \u201eLiedern zur Nacht\u201c in der Christus- und Garnisonkirche. Der Eintritt ist frei, um eine Kollekte wird gebeten.<\/p>\n<p>Mit dabei sind folgende Ch\u00f6re:<\/p>\n<p>Banter Kantorei, Leitung Klaus Eldert M\u00fcller<br \/>\nCanta Mara, Leitung Susanne Siefken<br \/>\nEvangelischer Kirchenchor Altengroden, Leitung Susanne Knoche-Pirsich<br \/>\nGemeindechor der NAK, Leitung Wolfgang Pude<br \/>\nKatholischer Kirchenchor St. Willehad, Leitung Robert Pernpeintner<br \/>\nKatholischer Kirchenchor St. Marien, Leitung Andreas Marth<br \/>\nKatholische Choralschola, Leitung Robert Pernpeintner<br \/>\nKammerchor der Musikschule, Leitung Susanne Knoche-Pirsich<br \/>\nKammerchor Wilhelmshaven der NAK, Leitung Gerrit Junge<br \/>\nThe Tw\u00e4ng, Leitung Anna-Rabea Pacheco<br \/>\nGrace Notes, NGW Chor, Leitung Christiane Meyer-Rasche<br \/>\n #citykirche #konzert #heimathaven #christusundgarnison #Heppenserkirche #chriustusundgarnisonkirche #havenkirche<br \/>\nHAVENKIRCHE@FB<br \/>\n<a href=\"https:\/\/www.facebook.com\/396185572708352\/posts\/1113252734334962\" target=\"_blank\">Die erste \u201eNacht der Ch\u00f6re\u201c in Wilhelmshaven startet am 27. 9. um 18 Uhr an drei verschiedenen Orten (27. September, 18 \u2013 22.45 Uhr )<\/p>\n<p>Zeitgleich an drei verschiedenen Orten (Christus- und Garnisonkirche, Nordseepassage und Stadtbibliothek) finden Kurzkonzerte von Wilhelmshavener Ch\u00f6ren am 27. September von 18 \u2013 22.45 Uhr<br \/>\n statt. Jeweils 20 Minuten lang pr\u00e4sentieren sich die Ensembles dann auf den unterschiedlichen B\u00fchnen und bieten Chormusik in ihrer ganzen Vielfalt. 10 verschiedene Ch\u00f6re aus der Stadt sind dabei. Das Publikum kann an einem Veranstaltungsort verweilen, oder mit den Ch\u00f6ren wandern.<br \/>\nDie Veranstaltung schlie\u00dft mit \u201eLiedern zur Nacht\u201c in der Christus- und Garnisonkirche. Der Eintritt ist frei, um eine Kollekte wird gebeten.<\/p>\n<p>Mit dabei sind folgende Ch\u00f6re:<\/p>\n<p>Banter Kantorei, Leitung Klaus Eldert M\u00fcller<br \/>\nCanta Mara, Leitung Susanne Siefken<br \/>\nEvangelischer Kirchenchor Altengroden, Leitung Susanne Knoche-Pirsich<br \/>\nGemeindechor der NAK, Leitung Wolfgang Pude<br \/>\nKatholischer Kirchenchor St. Willehad, Leitung Robert Pernpeintner<br \/>\nKatholischer Kirchenchor St. Marien, Leitung Andreas Marth<br \/>\nKatholische Choralschola, Leitung Robert Pernpeintner<br \/>\nKammerchor der Musikschule, Leitung Susanne Knoche-Pirsich<br \/>\nKammerchor Wilhelmshaven der NAK, Leitung Gerrit Junge<br \/>\nThe Tw\u00e4ng, Leitung Anna-Rabea Pacheco<br \/>\nGrace Notes, NGW Chor, Leitung Christiane Meyer-Rasche<br \/>\n #citykirche #konzert #heimathaven #christusundgarnison #Heppenserkirche #chriustusundgarnisonkirche #havenkirche<\/a><\/p>\n","protected":false},"excerpt":{"rendered":"<p>Die erste \u201eNacht der Ch\u00f6re\u201c in Wilhelmshaven startet am 27. 9. um 18 Uhr an drei verschiedenen Orten (27. September, 18 \u2013 22.45 Uhr ) Zeitgleich an drei verschiedenen Orten (Christus- und Garnisonkirche, Nordseepassage und Stadtbibliothek) finden Kurzkonzerte von Wilhelmshavener Ch\u00f6ren am 27. September von 18 \u2013 22.45 Uhr statt. Jeweils 20 Minuten lang pr\u00e4sentieren sich die Ensembles dann auf den unterschiedlichen B\u00fchnen und bieten Chormusik in ihrer ganzen Vielfalt. 10 verschiedene Ch\u00f6re aus der Stadt sind dabei. Das Publikum kann an einem Veranstaltungsort verweilen, oder mit den Ch\u00f6ren wandern. Die Veranstaltung schlie\u00dft mit \u201eLiedern zur Nacht\u201c in der Christus-&#8230;<\/p>\n","protected":false},"author":6,"featured_media":0,"comment_status":"false","ping_status":"open","sticky":false,"template":"","format":"standard","meta":{"footnotes":""},"categories":[75],"tags":[76],"class_list":["post-27822","post","type-post","status-publish","format-standard","hentry","category-havenkirche","tag-havenkirche"],"_links":{"self":[{"href":"https:\/\/christusnews.de\/site\/wp-json\/wp\/v2\/posts\/27822","targetHints":{"allow":["GET"]}}],"collection":[{"href":"https:\/\/christusnews.de\/site\/wp-json\/wp\/v2\/posts"}],"about":[{"href":"https:\/\/christusnews.de\/site\/wp-json\/wp\/v2\/types\/post"}],"author":[{"embeddable":true,"href":"https:\/\/christusnews.de\/site\/wp-json\/wp\/v2\/users\/6"}],"replies":[{"embeddable":true,"href":"https:\/\/christusnews.de\/site\/wp-json\/wp\/v2\/comments?post=27822"}],"version-history":[{"count":1,"href":"https:\/\/christusnews.de\/site\/wp-json\/wp\/v2\/posts\/27822\/revisions"}],"predecessor-version":[{"id":27823,"href":"https:\/\/christusnews.de\/site\/wp-json\/wp\/v2\/posts\/27822\/revisions\/27823"}],"wp:attachment":[{"href":"https:\/\/christusnews.de\/site\/wp-json\/wp\/v2\/media?parent=27822"}],"wp:term":[{"taxonomy":"category","embeddable":true,"href":"https:\/\/christusnews.de\/site\/wp-json\/wp\/v2\/categories?post=27822"},{"taxonomy":"post_tag","embeddable":true,"href":"https:\/\/christusnews.de\/site\/wp-json\/wp\/v2\/tags?post=27822"}],"curies":[{"name":"wp","href":"https:\/\/api.w.org\/{rel}","templated":true}]}}