{"id":27826,"date":"2025-09-25T19:03:03","date_gmt":"2025-09-25T17:03:03","guid":{"rendered":"https:\/\/christusnews.de\/site\/con-fuoco-mit-feuer-zauber-der-klassischen-gitarreabendklang-mit-klaus-wladar-am-28-septemberdie-zuhoerer-erwartet-am-28-september-im-abendklang-18-uhr-in-der-christus-und-g\/"},"modified":"2025-09-25T23:17:20","modified_gmt":"2025-09-25T21:17:20","slug":"con-fuoco-mit-feuer-zauber-der-klassischen-gitarreabendklang-mit-klaus-wladar-am-28-septemberdie-zuhoerer-erwartet-am-28-september-im-abendklang-18-uhr-in-der-christus-und-g","status":"publish","type":"post","link":"https:\/\/christusnews.de\/site\/con-fuoco-mit-feuer-zauber-der-klassischen-gitarreabendklang-mit-klaus-wladar-am-28-septemberdie-zuhoerer-erwartet-am-28-september-im-abendklang-18-uhr-in-der-christus-und-g\/","title":{"rendered":"\u201eCon Fuoco!-mit Feuer!-Zauber der klassischen Gitarre\u201c\nAbendklang mit Klaus Wladar am 28. September,\nDie Zuh\u00f6rer erwartet am 28 September im Abendklang (18 Uhr) in der Christus- und Garnisonkirche ein virtuoser Klangreigen mit allem was die klassische Gitarre mit ihrem Zauber zu bieten hat!\nFlamencoinspirierte spanische Klassiker sind an diesem Abend ebenso zu h\u00f6ren wie argentinische Tangos und brasilianische Sambas und jazzig-groovige Crossovermusik. Dieses abwechslungsreiche Programm pr\u00e4sentiert Klaus Wladar auf seiner klassischen Gitarre, unverst\u00e4rkt\nund pur! Der aus Wien stammende Gitarrist der in der ganzen Welt Konzerte gibt, ist mehrfacher Preistr\u00e4ger internationaler Gitarrenwettbewerbe und unterrichtet am Leopold-Mozart-College of Music der Universit\u00e4t Augsburg eine Gitarrenklasse. Klaus Wladar der in diesem Konzert St\u00fccke von J. Turina, M. Giuliani, M.D. Pujol u.a. spielt, f\u00fchrt mit interessanten und am\u00fcsanten Anekdoten zur gespielten Musik durch diesen kurzweiligen Abend voller Klangfarben, vielf\u00e4ltiger Rhythmen und spritziger Virtuosit\u00e4t!\nDer Eintritt ist frei, um eine Kollekte wird gebeten. \n #citykirche #Heppenserkirche #heimathaven #christusundgarnison #chriustusundgarnisonkirche #konzert #kirche-am-meer #lutherkirchewhv #abendklang #klauswladar"},"content":{"rendered":"<p>\u201eCon Fuoco!-mit Feuer!-Zauber der klassischen Gitarre\u201c<br \/>\nAbendklang mit Klaus Wladar am 28. September,<br \/>\nDie Zuh\u00f6rer erwartet am 28 September im Abendklang (18 Uhr) in der Christus- und Garnisonkirche ein virtuoser Klangreigen mit allem was die klassische Gitarre mit ihrem Zauber zu bieten hat!<br \/>\nFlamencoinspirierte spanische Klassiker sind an diesem Abend ebenso zu h\u00f6ren wie argentinische Tangos und brasilianische Sambas und jazzig-groovige Crossovermusik. Dieses abwechslungsreiche Programm pr\u00e4sentiert Klaus Wladar auf seiner klassischen Gitarre, unverst\u00e4rkt<br \/>\nund pur! Der aus Wien stammende Gitarrist der in der ganzen Welt Konzerte gibt, ist mehrfacher Preistr\u00e4ger internationaler Gitarrenwettbewerbe und unterrichtet am Leopold-Mozart-College of Music der Universit\u00e4t Augsburg eine Gitarrenklasse. Klaus Wladar der in diesem Konzert St\u00fccke von J. Turina, M. Giuliani, M.D. Pujol u.a. spielt, f\u00fchrt mit interessanten und am\u00fcsanten Anekdoten zur gespielten Musik durch diesen kurzweiligen Abend voller Klangfarben, vielf\u00e4ltiger Rhythmen und spritziger Virtuosit\u00e4t!<br \/>\nDer Eintritt ist frei, um eine Kollekte wird gebeten.<br \/>\n #citykirche #Heppenserkirche #heimathaven #christusundgarnison #chriustusundgarnisonkirche #konzert #kirche-am-meer #lutherkirchewhv #abendklang #klauswladar<br \/>\nHAVENKIRCHE@FB<br \/>\n<a href=\"https:\/\/www.facebook.com\/396185572708352\/posts\/1114172930909609\" target=\"_blank\">\u201eCon Fuoco!-mit Feuer!-Zauber der klassischen Gitarre\u201c<br \/>\nAbendklang mit Klaus Wladar am 28. September,<br \/>\nDie Zuh\u00f6rer erwartet am 28 September im Abendklang (18 Uhr) in der Christus- und Garnisonkirche ein virtuoser Klangreigen mit allem was die klassische Gitarre mit ihrem Zauber zu bieten hat!<br \/>\nFlamencoinspirierte spanische Klassiker sind an diesem Abend ebenso zu h\u00f6ren wie argentinische Tangos und brasilianische Sambas und jazzig-groovige Crossovermusik. Dieses abwechslungsreiche Programm pr\u00e4sentiert Klaus Wladar auf seiner klassischen Gitarre, unverst\u00e4rkt<br \/>\nund pur! Der aus Wien stammende Gitarrist der in der ganzen Welt Konzerte gibt, ist mehrfacher Preistr\u00e4ger internationaler Gitarrenwettbewerbe und unterrichtet am Leopold-Mozart-College of Music der Universit\u00e4t Augsburg eine Gitarrenklasse. Klaus Wladar der in diesem Konzert St\u00fccke von J. Turina, M. Giuliani, M.D. Pujol u.a. spielt, f\u00fchrt mit interessanten und am\u00fcsanten Anekdoten zur gespielten Musik durch diesen kurzweiligen Abend voller Klangfarben, vielf\u00e4ltiger Rhythmen und spritziger Virtuosit\u00e4t!<br \/>\nDer Eintritt ist frei, um eine Kollekte wird gebeten.<br \/>\n #citykirche #Heppenserkirche #heimathaven #christusundgarnison #chriustusundgarnisonkirche #konzert #kirche-am-meer #lutherkirchewhv #abendklang #klauswladar<\/a><\/p>\n","protected":false},"excerpt":{"rendered":"<p>\u201eCon Fuoco!-mit Feuer!-Zauber der klassischen Gitarre\u201c Abendklang mit Klaus Wladar am 28. September, Die Zuh\u00f6rer erwartet am 28 September im Abendklang (18 Uhr) in der Christus- und Garnisonkirche ein virtuoser Klangreigen mit allem was die klassische Gitarre mit ihrem Zauber zu bieten hat! Flamencoinspirierte spanische Klassiker sind an diesem Abend ebenso zu h\u00f6ren wie argentinische Tangos und brasilianische Sambas und jazzig-groovige Crossovermusik. Dieses abwechslungsreiche Programm pr\u00e4sentiert Klaus Wladar auf seiner klassischen Gitarre, unverst\u00e4rkt und pur! Der aus Wien stammende Gitarrist der in der ganzen Welt Konzerte gibt, ist mehrfacher Preistr\u00e4ger internationaler Gitarrenwettbewerbe und unterrichtet am Leopold-Mozart-College of Music der Universit\u00e4t&#8230;<\/p>\n","protected":false},"author":6,"featured_media":0,"comment_status":"false","ping_status":"open","sticky":false,"template":"","format":"standard","meta":{"footnotes":""},"categories":[75],"tags":[76],"class_list":["post-27826","post","type-post","status-publish","format-standard","hentry","category-havenkirche","tag-havenkirche"],"_links":{"self":[{"href":"https:\/\/christusnews.de\/site\/wp-json\/wp\/v2\/posts\/27826","targetHints":{"allow":["GET"]}}],"collection":[{"href":"https:\/\/christusnews.de\/site\/wp-json\/wp\/v2\/posts"}],"about":[{"href":"https:\/\/christusnews.de\/site\/wp-json\/wp\/v2\/types\/post"}],"author":[{"embeddable":true,"href":"https:\/\/christusnews.de\/site\/wp-json\/wp\/v2\/users\/6"}],"replies":[{"embeddable":true,"href":"https:\/\/christusnews.de\/site\/wp-json\/wp\/v2\/comments?post=27826"}],"version-history":[{"count":1,"href":"https:\/\/christusnews.de\/site\/wp-json\/wp\/v2\/posts\/27826\/revisions"}],"predecessor-version":[{"id":27827,"href":"https:\/\/christusnews.de\/site\/wp-json\/wp\/v2\/posts\/27826\/revisions\/27827"}],"wp:attachment":[{"href":"https:\/\/christusnews.de\/site\/wp-json\/wp\/v2\/media?parent=27826"}],"wp:term":[{"taxonomy":"category","embeddable":true,"href":"https:\/\/christusnews.de\/site\/wp-json\/wp\/v2\/categories?post=27826"},{"taxonomy":"post_tag","embeddable":true,"href":"https:\/\/christusnews.de\/site\/wp-json\/wp\/v2\/tags?post=27826"}],"curies":[{"name":"wp","href":"https:\/\/api.w.org\/{rel}","templated":true}]}}