{"id":27846,"date":"2025-10-06T23:26:00","date_gmt":"2025-10-06T21:26:00","guid":{"rendered":"https:\/\/christusnews.de\/site\/fortbildungstag-gleichstellung-der-oldenburgischen-kirche\/"},"modified":"2025-10-07T23:17:33","modified_gmt":"2025-10-07T21:17:33","slug":"fortbildungstag-gleichstellung-der-oldenburgischen-kirche","status":"publish","type":"post","link":"https:\/\/christusnews.de\/site\/fortbildungstag-gleichstellung-der-oldenburgischen-kirche\/","title":{"rendered":"Fortbildungstag Gleichstellung der oldenburgischen Kirche"},"content":{"rendered":"<h3>Empathie statt Ignoranz \u2013 ein Training f\u00fcr ein solidarisches Miteinander<\/h3>\n<p>Unter dem Titel \u201eEmpathie statt Ignoranz \u2013 Training f\u00fcr ein solidarisches Miteinander\u201c fand am Montag, 6. Oktober, der Fortbildungstag Gleichstellung im Gemeindehaus Oldenburg-Bloherfelde statt. In verschiedenen Workshops konnten sich die Teilnehmenden in zwei Runden zu den Themen Rassismus, Sexismus, Stereotype und Diskriminierung im Arbeitskontext der ELKiO austauschen. Eingeladen waren Eingeladen alle Mitarbeitenden der oldenburgischen Kirche: aus Verwaltung und Kirchenb\u00fcros, Pfarrpersonen; Diakon*innen und Kirchenmusiker*innen.<\/p>\n<p>Die unterschiedlichen Workshops luden laut Vorbereitungs-Team dazu ein, genau hinzusehen, zuzuh\u00f6ren und andere ernst zu nehmen \u2013 ohne sich selbst zu verlieren. \u201eMit Klartext, Impulsen und \u00dcbungen wollen wir Raum f\u00fcr ehrliche Fragen und echte Haltung schaffen\u201c, so die Einladung. \u201eVielfalt ist \u00fcberall \u2013 wir m\u00fcssen nur hinsehen. Respekt beginnt beim Zuh\u00f6ren. Und Solidarit\u00e4t? Die kann man \u00fcben!\u201c Es ging um Fragen wie: \u201eWo beginnt Ignoranz \u2013 und wie wird aus Mitgef\u00fchl echte Haltung?\u201c Der Fortbildungstag wollte Klartext, Impulse, \u00dcbungen \u2013 und Platz f\u00fcr ehrliche Fragen anbieten.<\/p>\n<p>\u201eWas bleibt, sind die Herausforderungen das Erlernte nun auch im (Arbeits-)Alltag umzusetzen und sichtbar werden zulassen\u201c, so das Fazit von Doris Vogel-Grunwald, Gleichstellungsbeauftragte der oldenburgischen Kirche. Das Planungsteam rund um die Gleichstellungsbeauftragte schaut zufrieden auf den Tag zur\u00fcck und kann schon heute Anregungen f\u00fcr das n\u00e4chste Jahr mitnehmen. &nbsp;<\/p>\n<ul class=\"list-normal\">\n<li>Es gab folgende Workshops:<br \/><strong>\u201ePerspektivwechsel wagen \u2013 Rassismus verlernen\u201c<\/strong> \u2013 mit Sura\u0135 Mailitafi, Chemiestudent, Content Creator und Multiplikator f\u00fcr antirassistische und politische Bildung<\/li>\n<li><strong>\u201eStereotype auf dem Pr\u00fcfstand: Warum gibt es sie und wie gehen wird damit um? (Selbst)Erkenntnis garantiert!\u201c<\/strong> \u2013 mit Helga B. Gundlach, Training, Beratung, Moderation, Inter-\/Transkulturelle Kompetenz, Diversity, Migration und Flucht, Interkulturelle \u00d6ffnung\/Vielfaltsorientierte u.v.m.<\/li>\n<li><strong>\u201eWas ihr einem meiner geringsten&#8230; \u2013 Umgang mit Sexismus im Alltag\u201c<\/strong> \u2013 mit Bj\u00f6rn Kraemer, Bildungsreferent f\u00fcr Pr\u00e4vention von sexualisierter Gewalt, Koordination Multiplikator*innen Programm Pr\u00e4vention sex. Gewalt<\/li>\n<li><strong>\u201eUmfrage trifft Verantwortung: Ergebnisse h\u00f6ren und Konsequenzen ziehen\u201c<\/strong> \u2013 mit Kim K\u00f6nig, Bildungsreferentin f\u00fcr Politische Bildung im Landesjugendpfarramt Oldenburg, und Doris Vogel-Grunwald, Gleichstellungsbeauftragte und AGG-Beschwerdestelle der oldenburgischen Kirche<\/li>\n<\/ul>\n<p>Zum Vorbereitungs-Team geh\u00f6rten: Pfarrerin Barbara Bockentin, Marcel Hackler, Kim K\u00f6nig, Volker Pickrun und die Gleichstellungsbeauftragte der oldenburgischen Kirche Doris Vogel-Grunwald<\/p>\n<p>BU<br \/>Vorbereitungs-Team des Fortbildungstages Gleichstellung (von links nach rechts): Pfarrerin Barbara Bockentin, Kim K\u00f6nig, Volker Pickrun und die Gleichstellungsbeauftragte der oldenburgischen Kirche Doris Vogel-Grunwald. Nicht auf dem Foto: Marcel Hackler.<br \/>ELKiO\/Dirk-Michael Gr\u00f6tzsch<br \/>&nbsp;<\/p>\n<p>Kirche-Oldenburg<br \/>\n<a href=\"https:\/\/www.kirche-oldenburg.de\/aktuelles\/detail\/fortbildungstag-gleichstellung-der-oldenburgischen-kirche\" target=\"_blank\">Fortbildungstag Gleichstellung der oldenburgischen Kirche<\/a><\/p>\n","protected":false},"excerpt":{"rendered":"<p>Empathie statt Ignoranz \u2013 ein Training f\u00fcr ein solidarisches Miteinander Unter dem Titel \u201eEmpathie statt Ignoranz \u2013 Training f\u00fcr ein solidarisches Miteinander\u201c fand am Montag, 6. Oktober, der Fortbildungstag Gleichstellung im Gemeindehaus Oldenburg-Bloherfelde statt. In verschiedenen Workshops konnten sich die Teilnehmenden in zwei Runden zu den Themen Rassismus, Sexismus, Stereotype und Diskriminierung im Arbeitskontext der ELKiO austauschen. Eingeladen waren Eingeladen alle Mitarbeitenden der oldenburgischen Kirche: aus Verwaltung und Kirchenb\u00fcros, Pfarrpersonen; Diakon*innen und Kirchenmusiker*innen. Die unterschiedlichen Workshops luden laut Vorbereitungs-Team dazu ein, genau hinzusehen, zuzuh\u00f6ren und andere ernst zu nehmen \u2013 ohne sich selbst zu verlieren. \u201eMit Klartext, Impulsen und \u00dcbungen&#8230;<\/p>\n","protected":false},"author":7,"featured_media":0,"comment_status":"false","ping_status":"open","sticky":false,"template":"","format":"standard","meta":{"footnotes":""},"categories":[43],"tags":[44],"class_list":["post-27846","post","type-post","status-publish","format-standard","hentry","category-kirche-oldenburg","tag-kirche-oldenburg"],"_links":{"self":[{"href":"https:\/\/christusnews.de\/site\/wp-json\/wp\/v2\/posts\/27846","targetHints":{"allow":["GET"]}}],"collection":[{"href":"https:\/\/christusnews.de\/site\/wp-json\/wp\/v2\/posts"}],"about":[{"href":"https:\/\/christusnews.de\/site\/wp-json\/wp\/v2\/types\/post"}],"author":[{"embeddable":true,"href":"https:\/\/christusnews.de\/site\/wp-json\/wp\/v2\/users\/7"}],"replies":[{"embeddable":true,"href":"https:\/\/christusnews.de\/site\/wp-json\/wp\/v2\/comments?post=27846"}],"version-history":[{"count":1,"href":"https:\/\/christusnews.de\/site\/wp-json\/wp\/v2\/posts\/27846\/revisions"}],"predecessor-version":[{"id":27847,"href":"https:\/\/christusnews.de\/site\/wp-json\/wp\/v2\/posts\/27846\/revisions\/27847"}],"wp:attachment":[{"href":"https:\/\/christusnews.de\/site\/wp-json\/wp\/v2\/media?parent=27846"}],"wp:term":[{"taxonomy":"category","embeddable":true,"href":"https:\/\/christusnews.de\/site\/wp-json\/wp\/v2\/categories?post=27846"},{"taxonomy":"post_tag","embeddable":true,"href":"https:\/\/christusnews.de\/site\/wp-json\/wp\/v2\/tags?post=27846"}],"curies":[{"name":"wp","href":"https:\/\/api.w.org\/{rel}","templated":true}]}}