{"id":27848,"date":"2025-10-02T13:38:00","date_gmt":"2025-10-02T11:38:00","guid":{"rendered":"https:\/\/christusnews.de\/site\/kirchen-wuerdigen-einsatz-der-ddr-buergerinnen-fuer-deutsche-einheit\/"},"modified":"2025-10-07T23:17:34","modified_gmt":"2025-10-07T21:17:34","slug":"kirchen-wuerdigen-einsatz-der-ddr-buergerinnen-fuer-deutsche-einheit","status":"publish","type":"post","link":"https:\/\/christusnews.de\/site\/kirchen-wuerdigen-einsatz-der-ddr-buergerinnen-fuer-deutsche-einheit\/","title":{"rendered":"Kirchen w\u00fcrdigen Einsatz der DDR-B\u00fcrger*innen f\u00fcr deutsche Einheit"},"content":{"rendered":"<p>Zum 35. Jahrestag der deutschen Einheit mahnen die beiden gro\u00dfen Kirchen, neben der Freude \u00fcber die Wiedervereinigung auch die Jahrzehnte der Teilung im gemeinsamen Ged\u00e4chtnis zu bewahren und als Auftrag f\u00fcr gesellschaftlichen Zusammenhalt zu begreifen. Es sei gut, \u201ewenn wir uns als Volk gemeinsam an die Zeit der Trennung, an die Wiedervereinigung und auch an die dabei gemachten Fehler erinnern\u201c, erkl\u00e4rten am Mittwoch die Ratsvorsitzende der Evangelischen Kirche in Deutschland (EKD), die Hamburger Bisch\u00f6fin Kirsten Fehrs, und der Vorsitzende der katholischen Deutschen Bischofskonferenz, der Limburger Bischof Georg B\u00e4tzing: \u201eSeit 35 Jahren w\u00e4chst zusammen, was zusammengeh\u00f6rt.\u201c<\/p>\n<p>Sie w\u00fcrdigten vor allem das Verdienst der Menschen in Ostdeutschland f\u00fcr die deutsche Einheit: \u201eMa\u00dfgeblich erreicht wurde die \u00dcberwindung der jahrzehntelangen Trennung nach dem Zweiten Weltkrieg durch den mutigen Einsatz vieler Menschen in der damaligen DDR. Mit ihrer Friedlichen Revolution gegen ein diktatorisches Regime l\u00f6sten sie 1989 die Ereignisse aus, die ein Jahr sp\u00e4ter in die Deutsche Einheit m\u00fcndeten.\u201c Vielfach seien die Impulse von Christinnen und Christen ausgegangen, die mit Friedensgebeten und mutigem Engagement gegen das Unrecht und f\u00fcr Demokratie anderen ein Beispiel gegeben h\u00e4tten.<\/p>\n<p>Die Menschen in zwei durch Mauern, Stacheldraht, Minenfelder und Panzersperren getrennten L\u00e4ndern h\u00e4tten gewaltlos erreicht, wonach sich viele in der Welt sehnen: Frieden, Freiheit und Einheit. \u201eDie deutsche Gesellschaft kann stolz und dankbar sein, dass die Menschen im geeinten Deutschland in vielfacher Hinsicht wieder zusammengefunden haben. Menschen in Deutschland sind aufeinander zugegangen, haben voneinander gelernt und miteinander Vorurteile abgebaut\u201c, erkl\u00e4rten Fehrs und B\u00e4tzing.<\/p>\n<p>Zwar sei Deutschland in 35 Jahren wieder zusammengewachsen, die Wunden der Spaltung seien jedoch noch immer sp\u00fcrbar: \u201eSie zeigen sich in fortbestehenden wirtschaftlichen und sozialen Unterschieden zwischen Ost und West, in den Br\u00fcchen pers\u00f6nlicher Biographien und im anhaltenden Gef\u00fchl vieler Menschen, nicht in gleicher Weise anerkannt oder geh\u00f6rt zu werden\u201c, erkl\u00e4rten die evangelische Hamburger Bisch\u00f6fin und der katholische Bischof von Limburg. Zugleich entst\u00fcnden neue Trennungen zwischen Stadt und Land, zwischen Arm und Reich sowie \u201ezwischen Menschen, die der Demokratie vertrauen und jenen, die ihr zutiefst misstrauen oder sie sogar bek\u00e4mpfen\u201c.<\/p>\n<p><i>Ein Beitrag des Evangelischen Pressedienstes (epd).<\/i><\/p>\n<p>&nbsp;<\/p>\n<p>Kirche-Oldenburg<br \/>\n<a href=\"https:\/\/www.kirche-oldenburg.de\/aktuelles\/detail\/kirchen-wuerdigen-einsatz-der-ddr-buergerinnen-fuer-deutsche-einheit\" target=\"_blank\">Kirchen w\u00fcrdigen Einsatz der DDR-B\u00fcrger*innen f\u00fcr deutsche Einheit<\/a><\/p>\n","protected":false},"excerpt":{"rendered":"<p>Zum 35. Jahrestag der deutschen Einheit mahnen die beiden gro\u00dfen Kirchen, neben der Freude \u00fcber die Wiedervereinigung auch die Jahrzehnte der Teilung im gemeinsamen Ged\u00e4chtnis zu bewahren und als Auftrag f\u00fcr gesellschaftlichen Zusammenhalt zu begreifen. Es sei gut, \u201ewenn wir uns als Volk gemeinsam an die Zeit der Trennung, an die Wiedervereinigung und auch an die dabei gemachten Fehler erinnern\u201c, erkl\u00e4rten am Mittwoch die Ratsvorsitzende der Evangelischen Kirche in Deutschland (EKD), die Hamburger Bisch\u00f6fin Kirsten Fehrs, und der Vorsitzende der katholischen Deutschen Bischofskonferenz, der Limburger Bischof Georg B\u00e4tzing: \u201eSeit 35 Jahren w\u00e4chst zusammen, was zusammengeh\u00f6rt.\u201c Sie w\u00fcrdigten vor allem das&#8230;<\/p>\n","protected":false},"author":7,"featured_media":0,"comment_status":"false","ping_status":"open","sticky":false,"template":"","format":"standard","meta":{"footnotes":""},"categories":[43],"tags":[44],"class_list":["post-27848","post","type-post","status-publish","format-standard","hentry","category-kirche-oldenburg","tag-kirche-oldenburg"],"_links":{"self":[{"href":"https:\/\/christusnews.de\/site\/wp-json\/wp\/v2\/posts\/27848","targetHints":{"allow":["GET"]}}],"collection":[{"href":"https:\/\/christusnews.de\/site\/wp-json\/wp\/v2\/posts"}],"about":[{"href":"https:\/\/christusnews.de\/site\/wp-json\/wp\/v2\/types\/post"}],"author":[{"embeddable":true,"href":"https:\/\/christusnews.de\/site\/wp-json\/wp\/v2\/users\/7"}],"replies":[{"embeddable":true,"href":"https:\/\/christusnews.de\/site\/wp-json\/wp\/v2\/comments?post=27848"}],"version-history":[{"count":1,"href":"https:\/\/christusnews.de\/site\/wp-json\/wp\/v2\/posts\/27848\/revisions"}],"predecessor-version":[{"id":27849,"href":"https:\/\/christusnews.de\/site\/wp-json\/wp\/v2\/posts\/27848\/revisions\/27849"}],"wp:attachment":[{"href":"https:\/\/christusnews.de\/site\/wp-json\/wp\/v2\/media?parent=27848"}],"wp:term":[{"taxonomy":"category","embeddable":true,"href":"https:\/\/christusnews.de\/site\/wp-json\/wp\/v2\/categories?post=27848"},{"taxonomy":"post_tag","embeddable":true,"href":"https:\/\/christusnews.de\/site\/wp-json\/wp\/v2\/tags?post=27848"}],"curies":[{"name":"wp","href":"https:\/\/api.w.org\/{rel}","templated":true}]}}