{"id":27856,"date":"2025-10-02T23:10:00","date_gmt":"2025-10-02T21:10:00","guid":{"rendered":"https:\/\/christusnews.de\/site\/fachtag-fuer-kita-leitungen\/"},"modified":"2025-10-09T11:17:20","modified_gmt":"2025-10-09T09:17:20","slug":"fachtag-fuer-kita-leitungen","status":"publish","type":"post","link":"https:\/\/christusnews.de\/site\/fachtag-fuer-kita-leitungen\/","title":{"rendered":"Fachtag f\u00fcr Kita-Leitungen"},"content":{"rendered":"<h3>\u201emutig &#8211; stark &#8211; beherzt\u201c<\/h3>\n<p>Unter dem Motto \u201emutig &#8211; stark &#8211; beherzt\u201c versammelten sich am 24. September mehr als 50 Kita-Leitungen aus dem Bereich der oldenburgischen Kirche zum j\u00e4hrlichen Fachtag f\u00fcr Leitungskr\u00e4fte der Fachstelle Kindergartenarbeit. In diesem Jahr fand die Veranstaltung im hallig hanken in Oldenburg statt \u2013 einer au\u00dfergew\u00f6hnlichen Location mit industriellem Flair. Auf den diversen Event- und Workshopfl\u00e4chen konnten die Teilnehmenden vieles \u00fcber Auftreten und Kommunikation in der Kita lernen.<\/p>\n<p>Der Tag startete mit einer Andacht und musikalischen Beitr\u00e4gen der Oldenburger Popkantorin Sarina Lal. Im anschlie\u00dfenden Vortrag veranschaulichte die Kommunikationstrainerin und Schauspielerin Stephanie Trapp, wie man mit Sprache und K\u00f6rpersprache souver\u00e4n auftreten und eigene Werte in schwierigen Situationen durchsetzen kann.<\/p>\n<p>Nach einer Mittagspause und Zeit zum Netzwerken ging es f\u00fcr die Leitungskr\u00e4fte in die verschiedenen Workshops. W\u00e4hrend einige die Inhalte des Vortrags mit Stephanie Trapp vertiefen und praktisch ausprobieren konnten, lernten andere unter der Leitung von Bj\u00f6rn Kraemer die Welt von LEGO\u00ae SERIOUS PLAY\u00ae und deren M\u00f6glichkeiten f\u00fcr die Arbeit im Team kennen. In weiteren Workshops erarbeiteten die Kita-Leitungen gemeinsam mit Janine Rux, wie das Etablieren einer Feedbackkultur gelingen kann oder bekamen von Jona Schmidt Anregungen zu Kommunikation und \u00d6ffentlichkeitsarbeit in den sozialen Medien. Wer lieber drau\u00dfen sein wollte, traf sich zu einem Zwiegespr\u00e4ch im Gr\u00fcnen. Dort zeigte Nadine Sch\u00f6nherr, wie die Natur helfen kann, wieder in Kontakt mit sich selbst zu kommen und kreative L\u00f6sungsans\u00e4tze zu entwickeln.<\/p>\n<p>Zum Abschluss kamen schlie\u00dflich noch einmal alle zusammen, bevor sie mit einem Segen verabschiedet wurden. Die Fachstelle Kindergartenarbeit freut sich bereits auf den n\u00e4chsten Fachtag, der im kommenden Jahr stattfinden wird.<\/p>\n<p><i>Ein Beitrag von Lea Piklaps, FSJlerin.<\/i><br \/>&nbsp;<\/p>\n<p>Kirche-Oldenburg<br \/>\n<a href=\"https:\/\/www.kirche-oldenburg.de\/aktuelles\/detail\/fachtag-fuer-kita-leitungen\" target=\"_blank\">Fachtag f\u00fcr Kita-Leitungen<\/a><\/p>\n","protected":false},"excerpt":{"rendered":"<p>\u201emutig &#8211; stark &#8211; beherzt\u201c Unter dem Motto \u201emutig &#8211; stark &#8211; beherzt\u201c versammelten sich am 24. September mehr als 50 Kita-Leitungen aus dem Bereich der oldenburgischen Kirche zum j\u00e4hrlichen Fachtag f\u00fcr Leitungskr\u00e4fte der Fachstelle Kindergartenarbeit. In diesem Jahr fand die Veranstaltung im hallig hanken in Oldenburg statt \u2013 einer au\u00dfergew\u00f6hnlichen Location mit industriellem Flair. Auf den diversen Event- und Workshopfl\u00e4chen konnten die Teilnehmenden vieles \u00fcber Auftreten und Kommunikation in der Kita lernen. Der Tag startete mit einer Andacht und musikalischen Beitr\u00e4gen der Oldenburger Popkantorin Sarina Lal. Im anschlie\u00dfenden Vortrag veranschaulichte die Kommunikationstrainerin und Schauspielerin Stephanie Trapp, wie man mit&#8230;<\/p>\n","protected":false},"author":7,"featured_media":0,"comment_status":"false","ping_status":"open","sticky":false,"template":"","format":"standard","meta":{"footnotes":""},"categories":[43],"tags":[44],"class_list":["post-27856","post","type-post","status-publish","format-standard","hentry","category-kirche-oldenburg","tag-kirche-oldenburg"],"_links":{"self":[{"href":"https:\/\/christusnews.de\/site\/wp-json\/wp\/v2\/posts\/27856","targetHints":{"allow":["GET"]}}],"collection":[{"href":"https:\/\/christusnews.de\/site\/wp-json\/wp\/v2\/posts"}],"about":[{"href":"https:\/\/christusnews.de\/site\/wp-json\/wp\/v2\/types\/post"}],"author":[{"embeddable":true,"href":"https:\/\/christusnews.de\/site\/wp-json\/wp\/v2\/users\/7"}],"replies":[{"embeddable":true,"href":"https:\/\/christusnews.de\/site\/wp-json\/wp\/v2\/comments?post=27856"}],"version-history":[{"count":1,"href":"https:\/\/christusnews.de\/site\/wp-json\/wp\/v2\/posts\/27856\/revisions"}],"predecessor-version":[{"id":27857,"href":"https:\/\/christusnews.de\/site\/wp-json\/wp\/v2\/posts\/27856\/revisions\/27857"}],"wp:attachment":[{"href":"https:\/\/christusnews.de\/site\/wp-json\/wp\/v2\/media?parent=27856"}],"wp:term":[{"taxonomy":"category","embeddable":true,"href":"https:\/\/christusnews.de\/site\/wp-json\/wp\/v2\/categories?post=27856"},{"taxonomy":"post_tag","embeddable":true,"href":"https:\/\/christusnews.de\/site\/wp-json\/wp\/v2\/tags?post=27856"}],"curies":[{"name":"wp","href":"https:\/\/api.w.org\/{rel}","templated":true}]}}