{"id":27860,"date":"2025-10-11T22:07:00","date_gmt":"2025-10-11T20:07:00","guid":{"rendered":"https:\/\/christusnews.de\/site\/ein-ort-voll-schoener-erinnerungen\/"},"modified":"2025-10-12T11:17:32","modified_gmt":"2025-10-12T09:17:32","slug":"ein-ort-voll-schoener-erinnerungen","status":"publish","type":"post","link":"https:\/\/christusnews.de\/site\/ein-ort-voll-schoener-erinnerungen\/","title":{"rendered":"Ein Ort voll sch\u00f6ner Erinnerungen"},"content":{"rendered":"<h3>\u00d6kumenisches Team informiert Brautpaare auf der Hochzeitsmesse in Oldenburg<\/h3>\n<p>Viele kleine Momente schaffen das, was auch Jahrzehnte sp\u00e4ter im Blick zur\u00fcck z\u00e4hlt: ein Leben voller Erinnerungen. Auch die Kirche ist ein Ort, in dem traumhaft sch\u00f6ne Momente wahr werden und ein Leben lang in wohlwollendem Gedenken begleiten \u2013 selbstverst\u00e4ndlich auch eine Trauung, in der jedes Paar seine Liebe auf eine einzigartige Art und Weise zelebriert. Kein Wunder, dass am Samstag, 11. Oktober, zahlreiche Besucherinnen und Besucher der Hochzeitsmesse in den Oldenburger Weser-Ems-Hallen den Weg an den \u00f6kumenischen Stand der evangelischen und der katholischen Kirche im Oldenburger Land finden. Schon von weitem ist dieser zu erkennen: ein farbenfroher Schirm in Regenbogenfarben weist in luftiger H\u00f6he die Richtung. \u201eIhr habt den Traum \u2013 wir haben die Location\u201c lautet auch in diesem Jahr das Motto. \u201eDie Kirche ist ein Ort, an dem wir von klein auf Erinnerungen schaffen. Und darum geht es auch bei einer Hochzeit: neue, unvergessliche Erinnerungen\u201c, sagt Patrizia Mandel-Birajdar, Vikarin in Rastede (Kreis Ammerland).<\/p>\n<p><strong>Mit Gottes Segen<\/strong><br \/>Oftmals sind die Brautpaare sich schon sehr fr\u00fch einig dar\u00fcber, ob f\u00fcr sie Gottes Segen zu ihrer Hochzeit dazugeh\u00f6rt oder nicht \u2013 manchmal braucht es aber auch ein wenig Bedenkzeit. F\u00fcr die Oldenburger Celina Hecht und Hauke von Brocken ist die kirchliche Trauung jedenfalls von gro\u00dfer Bedeutung. \u201eKirche spielt in unserer Familie eine gro\u00dfe Rolle, wir sind dadurch gepr\u00e4gt worden\u201c, so das Paar, das sich eine ganz klassische Zeremonie, bei der die Braut vom Vater oder aber der Familie begleitet wird, sehr gut vorstellen k\u00f6nnte. \u201eUm eine Trauung nach eigenen Vorstellungen mitgestalten zu k\u00f6nnen, ist es sicher gut, wenn die Chemie mit dem Pfarrer oder der Pfarrerin stimmt.\u201c Direkt am Messestand lassen sich auch Thea und Alexander Braick \u00fcber die genauen Abl\u00e4ufe einer kirchlichen Trauung beraten. Zwar haben die beiden schon im April standesamtlich \u201eJa\u201c gesagt, und jetzt freuen sie sich auf den kirchlichen Segen im kommenden Jahr \u2013 und zwar am gleichen Datum. \u201eWir wohnen zwar jetzt in Duisburg, mir war es aber sehr wichtig, in meinem Heimatort Nikolausdorf zu heiraten. Mit der Kirche dort verbindet mich sehr viel: die Taufe, die Erstkommunion, die Firmung, die Kirchengemeinde an sich \u2013 und ich mag auch einfach die sch\u00f6ne Atmosph\u00e4re\u201c, so Thea Braick.<\/p>\n<p><strong>Herzensw\u00fcnsche erf\u00fcllen<\/strong><br \/>Gut gelaunt und voller Vorfreude auf das gro\u00dfe Ereignis sind nicht nur die Besucherinnen und Besucher der Hochzeitsmesse \u2013 auch das Team am \u00f6kumenischen Stand, der \u00fcbrigens zum 32. Mal auf der Hochzeitsmesse vertreten ist, freut sich \u00fcber die guten Gespr\u00e4che und darauf, den Brautpaaren ein paar wertvolle Tipps und Ideen mit an die Hand zu geben. Was Sabine Schl\u00f6sser, Referentin f\u00fcr \u00d6ffentlichkeitsarbeit der Ev.-Luth. Kirche in Oldenburg, immer wieder feststellt: \u201eGerade im l\u00e4ndlichen Bereich finden kirchliche Trauungen h\u00e4ufiger statt als in St\u00e4dten.\u201c Umso wichtiger sei Flexibilit\u00e4t, um auf die W\u00fcnsche der Brautpaare reagieren zu k\u00f6nnen. \u201eUnsere Kirchent\u00fcren stehen offen f\u00fcr individuelle Trauungen. Beide Brautleute sollen zufrieden sein, gerade wenn es sich um die Erf\u00fcllung von Herzensw\u00fcnschen handelt. Letztendlich geht es um den Segen Gottes, den k\u00f6nnen wir als Menschen niemandem verwehren\u201c, so Patrizia Mandel-Birajdar. \u201eUnd je individueller die pers\u00f6nliche Ansprache, desto positiver bleibt die Trauung in Erinnerung.\u201c Und Sabine Schl\u00f6sser, die mit dem gesamten Messeteam gerne ausf\u00fchrlich ber\u00e4t und brennende Fragen beantwortet, erg\u00e4nzt: \u201eEs ist uns sehr wichtig, zeitgem\u00e4\u00dfe Angebote zu machen.\u201c<\/p>\n<p><strong>Individuelle Vorstellungen<\/strong><br \/>Zu zeitgem\u00e4\u00dfen Angeboten und einer individuellen Gestaltung der Zeremonie z\u00e4hlen die unterschiedlichsten Dinge: Von der gew\u00fcnschten Musik bis hin zur tierischen Begleitung ist inzwischen vieles m\u00f6glich. Das freut auch Lea-Sophie Eilts, die sich im kommenden Jahr in der kleinen Kreuzkirche in Marcardsmoor (Landkreis Aurich) trauen lassen wird. \u201eMit dabei sein soll auch unser Hund Frieda, er geh\u00f6rt einfach mit dazu\u201c, erz\u00e4hlt die 21-J\u00e4hrige, die bereits seit mehreren Jahren mit ihrem Partner zusammen ist. \u201eMir ist die Verbindung zur Kirche und damit auch der Segen sehr wichtig.\u201c Dem kann ihre Mutter Ilona Eilts nur zustimmen: \u201eWir haben uns nach 26 Ehejahren am Strand von Bensersiel noch einmal kirchlich segnen lassen. Das war sehr sch\u00f6n.\u201c<\/p>\n<p><strong>Trauspruch und Stimmungsbarometer<\/strong><br \/>Und nat\u00fcrlich hat der Messestand noch einiges mehr zu bieten. Gerade l\u00e4sst Sabine Orth vom Bisch\u00f6flich M\u00fcnsterschen Offizialat in Vechta ein Brautpaar aus dem ostfriesischen Larrelt einen Trauspruch aus dem h\u00f6lzernen Glockenturm ziehen. \u201eMir ist der Segen von Gott sehr wichtig, und nicht vom Staat\u201c, sagt Pia Flessner, die mit dem gezogenen Spruch sehr zufrieden ist. Wer mag, kann \u00fcbrigens einen QR-Code mitnehmen und sich weitere Segensspr\u00fcche t\u00e4glich aufs Handy schicken lassen. Selbstverst\u00e4ndlich nicht fehlen darf das Stimmungsbarometer: \u201eWas w\u00fcnsche ich mir f\u00fcr meine kirchliche Trauung?\u201c Die Antwort erfolgt mit kleinen B\u00e4llen, wobei die \u201ePers\u00f6nliche Predigt\u201c und der \u201eSegen\u201c eindeutig die meisten Punkte f\u00fcr sich verbuchen k\u00f6nnen.<\/p>\n<p>Auch am Sonntag, 12. Oktober, kann der gemeinsame Stand der evangelischen und katholischen Kirche im Oldenburger Land besucht werden. Von 10 bis 17 Uhr bietet die Hochzeitsmesse in den Oldenburger Weser-Ems-Hallen dazu die Gelegenheit.<\/p>\n<p><strong>Weitere Informationen zur Hochzeitsmesse finden Sie unter: <\/strong><a href=\"https:\/\/www.hochzeitsmesse-oldenburg.de\" target=\"_blank\" rel=\"noreferrer\"><strong>https:\/\/www.hochzeitsmesse-oldenburg.de<\/strong><\/a><strong>&nbsp;<\/strong><\/p>\n<p>&nbsp;<\/p>\n<p>&nbsp;<\/p>\n<p>Kirche-Oldenburg<br \/>\n<a href=\"https:\/\/www.kirche-oldenburg.de\/aktuelles\/detail\/ein-ort-voll-schoener-erinnerungen\" target=\"_blank\">Ein Ort voll sch\u00f6ner Erinnerungen<\/a><\/p>\n","protected":false},"excerpt":{"rendered":"<p>\u00d6kumenisches Team informiert Brautpaare auf der Hochzeitsmesse in Oldenburg Viele kleine Momente schaffen das, was auch Jahrzehnte sp\u00e4ter im Blick zur\u00fcck z\u00e4hlt: ein Leben voller Erinnerungen. Auch die Kirche ist ein Ort, in dem traumhaft sch\u00f6ne Momente wahr werden und ein Leben lang in wohlwollendem Gedenken begleiten \u2013 selbstverst\u00e4ndlich auch eine Trauung, in der jedes Paar seine Liebe auf eine einzigartige Art und Weise zelebriert. Kein Wunder, dass am Samstag, 11. Oktober, zahlreiche Besucherinnen und Besucher der Hochzeitsmesse in den Oldenburger Weser-Ems-Hallen den Weg an den \u00f6kumenischen Stand der evangelischen und der katholischen Kirche im Oldenburger Land finden. Schon von&#8230;<\/p>\n","protected":false},"author":7,"featured_media":0,"comment_status":"false","ping_status":"open","sticky":false,"template":"","format":"standard","meta":{"footnotes":""},"categories":[43],"tags":[44],"class_list":["post-27860","post","type-post","status-publish","format-standard","hentry","category-kirche-oldenburg","tag-kirche-oldenburg"],"_links":{"self":[{"href":"https:\/\/christusnews.de\/site\/wp-json\/wp\/v2\/posts\/27860","targetHints":{"allow":["GET"]}}],"collection":[{"href":"https:\/\/christusnews.de\/site\/wp-json\/wp\/v2\/posts"}],"about":[{"href":"https:\/\/christusnews.de\/site\/wp-json\/wp\/v2\/types\/post"}],"author":[{"embeddable":true,"href":"https:\/\/christusnews.de\/site\/wp-json\/wp\/v2\/users\/7"}],"replies":[{"embeddable":true,"href":"https:\/\/christusnews.de\/site\/wp-json\/wp\/v2\/comments?post=27860"}],"version-history":[{"count":1,"href":"https:\/\/christusnews.de\/site\/wp-json\/wp\/v2\/posts\/27860\/revisions"}],"predecessor-version":[{"id":27861,"href":"https:\/\/christusnews.de\/site\/wp-json\/wp\/v2\/posts\/27860\/revisions\/27861"}],"wp:attachment":[{"href":"https:\/\/christusnews.de\/site\/wp-json\/wp\/v2\/media?parent=27860"}],"wp:term":[{"taxonomy":"category","embeddable":true,"href":"https:\/\/christusnews.de\/site\/wp-json\/wp\/v2\/categories?post=27860"},{"taxonomy":"post_tag","embeddable":true,"href":"https:\/\/christusnews.de\/site\/wp-json\/wp\/v2\/tags?post=27860"}],"curies":[{"name":"wp","href":"https:\/\/api.w.org\/{rel}","templated":true}]}}