{"id":27876,"date":"2025-10-22T00:23:00","date_gmt":"2025-10-21T22:23:00","guid":{"rendered":"https:\/\/christusnews.de\/site\/oekumenische-festveranstaltung-zum-reformationstag-2025-in-westerstede\/"},"modified":"2025-10-22T11:17:26","modified_gmt":"2025-10-22T09:17:26","slug":"oekumenische-festveranstaltung-zum-reformationstag-2025-in-westerstede","status":"publish","type":"post","link":"https:\/\/christusnews.de\/site\/oekumenische-festveranstaltung-zum-reformationstag-2025-in-westerstede\/","title":{"rendered":"\u00d6kumenische Festveranstaltung zum Reformationstag 2025 in Westerstede"},"content":{"rendered":"<h3>Reformation neu feiern: Mutig, stark und beherzt handeln<\/h3>\n<p>Unter dem Motto \u201eReformation neu feiern: Mutig, stark, beherzt als Christinnen und Christen in Westerstede beten und handeln\u201c laden die Evangelisch-Lutherische Kirche in Oldenburg und die katholische Kirche im Oldenburger Land in \u00f6kumenischer Zusammenarbeit mit der Arbeitsgemeinschaft Christlicher Kirchen (ACK) Westerstede zu einer Festveranstaltung zum Reformationstag 2025 nach Westerstede ein. Am Reformationstag, 31. Oktober, findet um 17 Uhr ein \u00f6kumenischer Gottesdienst mit sich anschlie\u00dfendem Podiumsgespr\u00e4ch in der St. Petri-Kirche (Am Markt 3) in Westerstede statt.<\/p>\n<p>Den \u00f6kumenischen Gottesdienst gestalten der oldenburgische Bischof Thomas Adomeit und Weihbischof Wilfried Theising, Bisch\u00f6flicher Offizial im Oldenburger Land, gemeinsam mit Mitwirkenden aus der \u00d6kumene. Musikalisch gestaltet wird der Gottesdienst von der Kantorei St. Petri Westerstede unter der Leitung von Kantorin Karin Gastell und dem Posaunenchor St. Petri Westerstede unter der Leitung von Tammo Feller.&nbsp;<\/p>\n<p>Dr\u00e4ngende gesellschaftliche, politische und theologische Fragestellungen bestimmen das Leben und den Glauben der Menschen. Sich ihnen mutig, stark und beherzt zu stellen, dazu m\u00f6chte die Veranstaltung am Reformationstag in Westerstede anregen. Die dortige ACK Westerstede m\u00f6chte au\u00dferdem zeigen, wie mutig, stark, beherzt Christinnen und Christen in Westerstede beten und handeln.&nbsp;<\/p>\n<p>In dem Podiumsgespr\u00e4ch nach dem Gottesdienst unter dem Titel: \u201eChristliches Handeln in Westerstede\u201c stellen Initiativen aus Westerstede wie: Ambulanter Hospizdienst, Eine-Welt-Laden \u00c4quator, Ostergarten und Friedensgebet ihre Arbeit vor. Bischof Thomas Adomeit und Weihbischof Wilfried Theising werden ihre Positionen einbringen. Das Gespr\u00e4ch wird moderiert von J\u00f6rg St\u00fcbig, Pastor der Evangelisch-Freikirchlichen Gemeinde. Im Anschluss wird zu einem Empfang eingeladen.<\/p>\n<p><strong>Es wird Anmeldung gebeten unter: <\/strong><a href=\"mailto:bischof@kirche-oldenburg.de\"><strong>bischof@kirche-oldenburg.de<\/strong><\/a><strong>&nbsp;<\/strong><\/p>\n<h4>\u201eMutig, stark, beherzt\u201c<\/h4>\n<p>Nachdem bereits der Deutsche Ev. Kirchentag 2025 unter dem Motto \u201eMutig, stark, beherzt\u201c in Hannover gefeiert wurde, hat die Konf\u00f6deration evangelischer Kirchen in Niedersachsen sich das Motto zu eigen gemacht und den Reformationstag am 31. Oktober \u201eReformation neu feiern: Mutig, stark und beherzt handeln\u201c betitelt.<\/p>\n<p>Vom 30. April bis zum 4. Mai 2025 haben 100.000 Menschen in Hannover unter der \u00dcberschrift \u201emutig, stark, beherzt\u201c miteinander \u00fcber dr\u00e4ngende gesellschaftliche, politische und theologische Fragestellungen diskutiert und Gottesdienste und Andachten in unterschiedlichsten Formen gefeiert.<\/p>\n<p>Nach ersten Impulsen und Antworten durch den Kirchentag bietet der Reformationstag nun die Chance, weiterzudenken mit Blick auf die Leitfrage, was es bedeutet, mit Herz, Mut und Kraft zu handeln im Blick auf die politischen und gesellschaftlichen Spaltungen in unserem Land sowie die Rolle und Verantwortung der Kirchen.<br \/>&nbsp;<\/p>\n<p>Kirche-Oldenburg<br \/>\n<a href=\"https:\/\/www.kirche-oldenburg.de\/aktuelles\/detail\/oekumenische-festveranstaltung-zum-reformationstag-2025-in-westerstede\" target=\"_blank\">\u00d6kumenische Festveranstaltung zum Reformationstag 2025 in Westerstede<\/a><\/p>\n","protected":false},"excerpt":{"rendered":"<p>Reformation neu feiern: Mutig, stark und beherzt handeln Unter dem Motto \u201eReformation neu feiern: Mutig, stark, beherzt als Christinnen und Christen in Westerstede beten und handeln\u201c laden die Evangelisch-Lutherische Kirche in Oldenburg und die katholische Kirche im Oldenburger Land in \u00f6kumenischer Zusammenarbeit mit der Arbeitsgemeinschaft Christlicher Kirchen (ACK) Westerstede zu einer Festveranstaltung zum Reformationstag 2025 nach Westerstede ein. Am Reformationstag, 31. Oktober, findet um 17 Uhr ein \u00f6kumenischer Gottesdienst mit sich anschlie\u00dfendem Podiumsgespr\u00e4ch in der St. Petri-Kirche (Am Markt 3) in Westerstede statt. Den \u00f6kumenischen Gottesdienst gestalten der oldenburgische Bischof Thomas Adomeit und Weihbischof Wilfried Theising, Bisch\u00f6flicher Offizial im Oldenburger&#8230;<\/p>\n","protected":false},"author":7,"featured_media":0,"comment_status":"false","ping_status":"open","sticky":false,"template":"","format":"standard","meta":{"footnotes":""},"categories":[43],"tags":[44],"class_list":["post-27876","post","type-post","status-publish","format-standard","hentry","category-kirche-oldenburg","tag-kirche-oldenburg"],"_links":{"self":[{"href":"https:\/\/christusnews.de\/site\/wp-json\/wp\/v2\/posts\/27876","targetHints":{"allow":["GET"]}}],"collection":[{"href":"https:\/\/christusnews.de\/site\/wp-json\/wp\/v2\/posts"}],"about":[{"href":"https:\/\/christusnews.de\/site\/wp-json\/wp\/v2\/types\/post"}],"author":[{"embeddable":true,"href":"https:\/\/christusnews.de\/site\/wp-json\/wp\/v2\/users\/7"}],"replies":[{"embeddable":true,"href":"https:\/\/christusnews.de\/site\/wp-json\/wp\/v2\/comments?post=27876"}],"version-history":[{"count":1,"href":"https:\/\/christusnews.de\/site\/wp-json\/wp\/v2\/posts\/27876\/revisions"}],"predecessor-version":[{"id":27877,"href":"https:\/\/christusnews.de\/site\/wp-json\/wp\/v2\/posts\/27876\/revisions\/27877"}],"wp:attachment":[{"href":"https:\/\/christusnews.de\/site\/wp-json\/wp\/v2\/media?parent=27876"}],"wp:term":[{"taxonomy":"category","embeddable":true,"href":"https:\/\/christusnews.de\/site\/wp-json\/wp\/v2\/categories?post=27876"},{"taxonomy":"post_tag","embeddable":true,"href":"https:\/\/christusnews.de\/site\/wp-json\/wp\/v2\/tags?post=27876"}],"curies":[{"name":"wp","href":"https:\/\/api.w.org\/{rel}","templated":true}]}}