{"id":27894,"date":"2025-10-29T18:00:32","date_gmt":"2025-10-29T17:00:32","guid":{"rendered":"https:\/\/christusnews.de\/site\/abendklang-am-2-november-in-der-christus-und-garnisonkirche-faellt-ausder-abendklang-mit-steffi-baur-simon-kasper-muss-aufgrund-einer-grippe-abgesagt-werden-er-faellt-aus-und-wird-am-1-mae\/"},"modified":"2025-10-29T22:17:23","modified_gmt":"2025-10-29T21:17:23","slug":"abendklang-am-2-november-in-der-christus-und-garnisonkirche-faellt-ausder-abendklang-mit-steffi-baur-simon-kasper-muss-aufgrund-einer-grippe-abgesagt-werden-er-faellt-aus-und-wird-am-1-mae","status":"publish","type":"post","link":"https:\/\/christusnews.de\/site\/abendklang-am-2-november-in-der-christus-und-garnisonkirche-faellt-ausder-abendklang-mit-steffi-baur-simon-kasper-muss-aufgrund-einer-grippe-abgesagt-werden-er-faellt-aus-und-wird-am-1-mae\/","title":{"rendered":"Abendklang am 2. November in der Christus- und Garnisonkirche f\u00e4llt aus!\nDer Abendklang mit Steffi Baur &amp; Simon Kasper muss aufgrund einer Grippe abgesagt werden. Er f\u00e4llt aus und wird am 1. M\u00e4rz 2026 nachgeholt."},"content":{"rendered":"<p>Abendklang am 2. November in der Christus- und Garnisonkirche f\u00e4llt aus!<br \/>\nDer Abendklang mit Steffi Baur &amp; Simon Kasper muss aufgrund einer Grippe abgesagt werden. Er f\u00e4llt aus und wird am 1. M\u00e4rz 2026 nachgeholt.<br \/>\nHAVENKIRCHE@FB<br \/>\n<a href=\"https:\/\/www.facebook.com\/396185572708352\/posts\/1147903294203239\" target=\"_blank\">Abendklang am 2. November in der Christus- und Garnisonkirche f\u00e4llt aus!<br \/>\nDer Abendklang mit Steffi Baur &amp; Simon Kasper muss aufgrund einer Grippe abgesagt werden. Er f\u00e4llt aus und wird am 1. M\u00e4rz 2026 nachgeholt.<\/a><\/p>\n","protected":false},"excerpt":{"rendered":"<p>Abendklang am 2. November in der Christus- und Garnisonkirche f\u00e4llt aus! Der Abendklang mit Steffi Baur &amp; Simon Kasper muss aufgrund einer Grippe abgesagt werden. Er f\u00e4llt aus und wird am 1. M\u00e4rz 2026 nachgeholt. HAVENKIRCHE@FB Abendklang am 2. November in der Christus- und Garnisonkirche f\u00e4llt aus! Der Abendklang mit Steffi Baur &amp; Simon Kasper muss aufgrund einer Grippe abgesagt werden. Er f\u00e4llt aus und wird am 1. M\u00e4rz 2026 nachgeholt.<\/p>\n","protected":false},"author":6,"featured_media":0,"comment_status":"false","ping_status":"open","sticky":false,"template":"","format":"standard","meta":{"footnotes":""},"categories":[75],"tags":[76],"class_list":["post-27894","post","type-post","status-publish","format-standard","hentry","category-havenkirche","tag-havenkirche"],"_links":{"self":[{"href":"https:\/\/christusnews.de\/site\/wp-json\/wp\/v2\/posts\/27894","targetHints":{"allow":["GET"]}}],"collection":[{"href":"https:\/\/christusnews.de\/site\/wp-json\/wp\/v2\/posts"}],"about":[{"href":"https:\/\/christusnews.de\/site\/wp-json\/wp\/v2\/types\/post"}],"author":[{"embeddable":true,"href":"https:\/\/christusnews.de\/site\/wp-json\/wp\/v2\/users\/6"}],"replies":[{"embeddable":true,"href":"https:\/\/christusnews.de\/site\/wp-json\/wp\/v2\/comments?post=27894"}],"version-history":[{"count":1,"href":"https:\/\/christusnews.de\/site\/wp-json\/wp\/v2\/posts\/27894\/revisions"}],"predecessor-version":[{"id":27895,"href":"https:\/\/christusnews.de\/site\/wp-json\/wp\/v2\/posts\/27894\/revisions\/27895"}],"wp:attachment":[{"href":"https:\/\/christusnews.de\/site\/wp-json\/wp\/v2\/media?parent=27894"}],"wp:term":[{"taxonomy":"category","embeddable":true,"href":"https:\/\/christusnews.de\/site\/wp-json\/wp\/v2\/categories?post=27894"},{"taxonomy":"post_tag","embeddable":true,"href":"https:\/\/christusnews.de\/site\/wp-json\/wp\/v2\/tags?post=27894"}],"curies":[{"name":"wp","href":"https:\/\/api.w.org\/{rel}","templated":true}]}}