{"id":27898,"date":"2025-10-31T23:54:51","date_gmt":"2025-10-31T22:54:51","guid":{"rendered":"https:\/\/christusnews.de\/site\/mit-hoffnung-glaube-und-liebe-gegen-kraft-und-mutlosigkeit\/"},"modified":"2025-11-01T10:17:19","modified_gmt":"2025-11-01T09:17:19","slug":"mit-hoffnung-glaube-und-liebe-gegen-kraft-und-mutlosigkeit","status":"publish","type":"post","link":"https:\/\/christusnews.de\/site\/mit-hoffnung-glaube-und-liebe-gegen-kraft-und-mutlosigkeit\/","title":{"rendered":"Mit Hoffnung, Glaube und Liebe gegen Kraft- und Mutlosigkeit"},"content":{"rendered":"<h3>\u00d6kumenische Festveranstaltung zum Reformationstag 2025 in Westerstede&nbsp;<\/h3>\n<p>Unter dem Motto \u201eReformation neu feiern: Mutig, stark, beherzt als Christinnen und Christen in Westerstede beten und handeln\u201c fand am Freitagnachmittag, 31. Oktober, eine Festveranstaltung zum Reformationstag 2025 in der St. Petri-Kirche in Westerstede statt. Auf Einladung der Evangelisch-Lutherischen Kirche in Oldenburg und der katholischen Kirche im Oldenburger Land in \u00f6kumenischer Zusammenarbeit mit der Arbeitsgemeinschaft Christlicher Kirchen (ACK) Westerstede feierten Christinnen und Christen aus dem Oldenburger Land den Reformationstag mit einem \u00f6kumenischen Gottesdienst und einem sich anschlie\u00dfenden Podiumsgespr\u00e4ch.<\/p>\n<p>Der \u00f6kumenische Gottesdienst wurde vom Oldenburger Bischof Thomas Adomeit und Weihbischof Wilfried Theising, Bisch\u00f6flicher Offizial im Oldenburger Land, gemeinsam mit Mitwirkenden aus der \u00d6kumene der ACK Westerstede gefeiert.<\/p>\n<p>Die zahlreichen Probleme, Konflikte und Katastrophen in der Welt, machten die Menschen oft kraft- und mutlos, so Bischof Thomas Adomeit in seiner Begr\u00fc\u00dfung. Vor diesem Hintergrund sei es die Aufgabe von Christinnen und Christen, mit Hoffnung, Glaube und Liebe dagegenzuhalten. Gott schenke den Menschen Gemeinschaft und sei ihnen Zuflucht, Kraft und Helfer, so Adomeit. \u201eMag auch wanken die Erde, wir bangen nicht\u201c, habe Martin Luther im Psalm 46 gedichtet. \u201eWie gut, dass Christinnen und Christen sich daran erinnern und durch diese machtvollen Worte zu Kraft und Mut kommen\u201c, betonte der Bischof der Ev.-Luth. Kirche in Oldenburg.<\/p>\n<p>Besonders freue er sich, so Adomeit, dass der Reformationstag im Oldenburger Land seit 2018 \u00f6kumenisch bedacht werde, in diesem Jahr bereits zum achten Mal. Es sei f\u00fcr die oldenburgische Kirche eine besondere Freude \u2013 und dies empfinde er als zukunftweisend \u2013 \u201edass wir den Reformationstag seit dem gro\u00dfen Jubil\u00e4um 2017 gemeinsam feiern.\u201c<\/p>\n<p>In seiner Predigt ging Weihbischof Wilfried Theising auf den Text \u201ePerspektivwechsel\u201c des Theologen und Religionssoziologen Paul Zulehner ein, der eine besondere Form der Lesung darstellte. Der Text sei zun\u00e4chst eine negative Zukunftsvision von Glaube, Kirche und Gemeinschaft, die sich komplett ins Positive kehre, wenn der Text vom Ende her r\u00fcckw\u00e4rts gelesen werde. \u201eDas ist witzig und zugleich sehr beeindruckend,\u201c so Theising. Wenn man jedoch die Lesung der Seligpreisungen danebenhielte, erkenne man, dass diese grundlegend positiv seien: \u201eDie Seligpreisungen sind durch und durch frohe Botschaft Jesu,\u201c betonte Weihbischof Theising. Auf dieser Basis lohne es sich, in schwierigen Zeiten weiter zu hoffen und mutig zu handeln.<\/p>\n<p>Musikalisch gestaltet wurde der Gottesdienst von der Kantorei St. Petri Westerstede unter der Leitung von Kantorin Karin Gastell und dem Posaunenchor St. Petri Westerstede unter der Leitung von Tammo Feller.<\/p>\n<p><strong>\u201eMutig, stark und beherzt handeln\u201c<\/strong><br \/>Das Thema der Festveranstaltung lehnte sich an das diesj\u00e4hrige Motto zum Reformationstag der Konf\u00f6deration evangelischer Kirchen in Niedersachsen an: \u201eMutig, stark und beherzt handeln\u201c. Dieses Motto nimmt die Losung des Deutschen Evangelischen Kirchentages 2025 in Hannover auf: \u201emutig, stark, beherzt\u201c. In der Vorbereitung der Festveranstaltung in Westerstede hat die Arbeitsgemeinschaft Christlicher Kirchen laut Bischof Adomeit noch einmal daran gearbeitet, wodurch der heutige Titel entstanden ist: \u201eMutig, stark, beherzt als Christinnen und Christen in Westerstede beten und handeln.\u201c<\/p>\n<p><strong>Podiumsgespr\u00e4ch \u201eChristliches Handeln in Westerstede\u201c&nbsp;<\/strong><br \/>Im Anschluss an den Gottesdienst fand in der Westersteder St. Petri-Kirche ein Podiumsgespr\u00e4ch zum Thema: \u201eChristliches Handeln in Westerstede\u201c statt. Initiativen aus Westerstede wie: Ambulanter Hospizdienst, Eine-Welt-Laden \u00c4quator, Ostergarten und Friedensgebet stellten ihre Arbeit vor und machten deutlich, dass es wichtig sei, sich mutig, stark und beherzt den dr\u00e4ngenden gesellschaftlichen, politischen und theologischen Fragen unserer Zeit zu stellen. Das Gespr\u00e4ch wurde von J\u00f6rg St\u00fcbig, Pastor der Evangelisch-Freikirchlichen Gemeinde, moderiert.<\/p>\n<p>Im Anschluss war zu einem Empfang eingeladen.<\/p>\n<p>Weitere Informationen zum Reformationstag 2025 finden Sie unter: <a href=\"https:\/\/www.reformation-neu-feiern.de\/\" target=\"_blank\" rel=\"noreferrer\">https:\/\/www.reformation-neu-feiern.de\/<\/a> &nbsp;<br \/>&nbsp;<\/p>\n<p>Kirche-Oldenburg<br \/>\n<a href=\"https:\/\/www.kirche-oldenburg.de\/aktuelles\/detail\/mit-hoffnung-glaube-und-liebe-gegen-kraft-und-mutlosigkeit\" target=\"_blank\">Mit Hoffnung, Glaube und Liebe gegen Kraft- und Mutlosigkeit<\/a><\/p>\n","protected":false},"excerpt":{"rendered":"<p>\u00d6kumenische Festveranstaltung zum Reformationstag 2025 in Westerstede&nbsp; Unter dem Motto \u201eReformation neu feiern: Mutig, stark, beherzt als Christinnen und Christen in Westerstede beten und handeln\u201c fand am Freitagnachmittag, 31. Oktober, eine Festveranstaltung zum Reformationstag 2025 in der St. Petri-Kirche in Westerstede statt. Auf Einladung der Evangelisch-Lutherischen Kirche in Oldenburg und der katholischen Kirche im Oldenburger Land in \u00f6kumenischer Zusammenarbeit mit der Arbeitsgemeinschaft Christlicher Kirchen (ACK) Westerstede feierten Christinnen und Christen aus dem Oldenburger Land den Reformationstag mit einem \u00f6kumenischen Gottesdienst und einem sich anschlie\u00dfenden Podiumsgespr\u00e4ch. Der \u00f6kumenische Gottesdienst wurde vom Oldenburger Bischof Thomas Adomeit und Weihbischof Wilfried Theising, Bisch\u00f6flicher Offizial&#8230;<\/p>\n","protected":false},"author":7,"featured_media":0,"comment_status":"false","ping_status":"open","sticky":false,"template":"","format":"standard","meta":{"footnotes":""},"categories":[43],"tags":[44],"class_list":["post-27898","post","type-post","status-publish","format-standard","hentry","category-kirche-oldenburg","tag-kirche-oldenburg"],"_links":{"self":[{"href":"https:\/\/christusnews.de\/site\/wp-json\/wp\/v2\/posts\/27898","targetHints":{"allow":["GET"]}}],"collection":[{"href":"https:\/\/christusnews.de\/site\/wp-json\/wp\/v2\/posts"}],"about":[{"href":"https:\/\/christusnews.de\/site\/wp-json\/wp\/v2\/types\/post"}],"author":[{"embeddable":true,"href":"https:\/\/christusnews.de\/site\/wp-json\/wp\/v2\/users\/7"}],"replies":[{"embeddable":true,"href":"https:\/\/christusnews.de\/site\/wp-json\/wp\/v2\/comments?post=27898"}],"version-history":[{"count":1,"href":"https:\/\/christusnews.de\/site\/wp-json\/wp\/v2\/posts\/27898\/revisions"}],"predecessor-version":[{"id":27899,"href":"https:\/\/christusnews.de\/site\/wp-json\/wp\/v2\/posts\/27898\/revisions\/27899"}],"wp:attachment":[{"href":"https:\/\/christusnews.de\/site\/wp-json\/wp\/v2\/media?parent=27898"}],"wp:term":[{"taxonomy":"category","embeddable":true,"href":"https:\/\/christusnews.de\/site\/wp-json\/wp\/v2\/categories?post=27898"},{"taxonomy":"post_tag","embeddable":true,"href":"https:\/\/christusnews.de\/site\/wp-json\/wp\/v2\/tags?post=27898"}],"curies":[{"name":"wp","href":"https:\/\/api.w.org\/{rel}","templated":true}]}}