{"id":27904,"date":"2025-11-05T21:32:01","date_gmt":"2025-11-05T20:32:01","guid":{"rendered":"https:\/\/christusnews.de\/site\/verloren-verschollen-vergessen-kunst-im-exil-erinnern-statt-schweigen-eine-ausstellung-gegen-das-vergessen-vom-9-bis-zum-23-november-2025-zeigt-die-christus-und-garnisonkirche-wilhelmshaven\/"},"modified":"2025-11-05T22:17:28","modified_gmt":"2025-11-05T21:17:28","slug":"verloren-verschollen-vergessen-kunst-im-exil-erinnern-statt-schweigen-eine-ausstellung-gegen-das-vergessen-vom-9-bis-zum-23-november-2025-zeigt-die-christus-und-garnisonkirche-wilhelmshaven","status":"publish","type":"post","link":"https:\/\/christusnews.de\/site\/verloren-verschollen-vergessen-kunst-im-exil-erinnern-statt-schweigen-eine-ausstellung-gegen-das-vergessen-vom-9-bis-zum-23-november-2025-zeigt-die-christus-und-garnisonkirche-wilhelmshaven\/","title":{"rendered":"Verloren. Verschollen. Vergessen. Kunst im Exil.\nErinnern, statt schweigen. Eine Ausstellung gegen das Vergessen.\nVom 9. bis zum 23. November 2025 zeigt die Christus- und Garnisonkirche Wilhelmshaven (Havenkirche) die gr\u00f6\u00dfte Ausstellung zur Exilkunst im gesamten Nordwesten. Mit Gottesdienst und  Vernissage geht es am Sonntag um 12 Uhr los. Unter dem Titel \u201eVerloren. Verschollen. Vergessen. Kunst im Exil.\u201c werden mehr als vierzig Werke aus der \u201eSammlung Memoria\u201c des Verlegers Thomas B. Schumann pr\u00e4sentiert. Eine eindrucksvolle Dokumentation \u00fcber K\u00fcnstlerinnen und K\u00fcnstler, deren Leben und Werk durch das NS-Regime ausgel\u00f6scht oder verdr\u00e4ngt wurden.\nEs sind Gesichter, die man nicht mehr kennt. Namen, die aus dem kollektiven Ged\u00e4chtnis verschwunden sind. Und doch blicken sie uns an mit all der Verletzlichkeit, der W\u00fcrde und der Kraft, die bleibt, wenn alles andere verloren ging. Die Ausstellung ist dann f\u00fcr zwei Wochen in der Kirche zu sehen. T\u00e4glich von 11 &#8211; 17 Uhr. \nBegleitveranstaltungen zur Ausstellung \u201eVerloren. Verschollen. Vergessen. Kunst im Exil.\u201c Mehr unter www.havenkirche.de\n #heimathaven #erinnern8mai #gedenken #niewieder #Havenkirche #christusundgarnisonkirchewilhelmshaven #GegenDasVergessen #citykirche \n#kunstimexil #vergessen"},"content":{"rendered":"<p>Verloren. Verschollen. Vergessen. Kunst im Exil.<br \/>\nErinnern, statt schweigen. Eine Ausstellung gegen das Vergessen.<br \/>\nVom 9. bis zum 23. November 2025 zeigt die Christus- und Garnisonkirche Wilhelmshaven (Havenkirche) die gr\u00f6\u00dfte Ausstellung zur Exilkunst im gesamten Nordwesten. Mit Gottesdienst und  Vernissage geht es am Sonntag um 12 Uhr los. Unter dem Titel \u201eVerloren. Verschollen. Vergessen. Kunst im Exil.\u201c werden mehr als vierzig Werke aus der \u201eSammlung Memoria\u201c des Verlegers Thomas B. Schumann pr\u00e4sentiert. Eine eindrucksvolle Dokumentation \u00fcber K\u00fcnstlerinnen und K\u00fcnstler, deren Leben und Werk durch das NS-Regime ausgel\u00f6scht oder verdr\u00e4ngt wurden.<br \/>\nEs sind Gesichter, die man nicht mehr kennt. Namen, die aus dem kollektiven Ged\u00e4chtnis verschwunden sind. Und doch blicken sie uns an mit all der Verletzlichkeit, der W\u00fcrde und der Kraft, die bleibt, wenn alles andere verloren ging. Die Ausstellung ist dann f\u00fcr zwei Wochen in der Kirche zu sehen. T\u00e4glich von 11 &#8211; 17 Uhr.<br \/>\nBegleitveranstaltungen zur Ausstellung \u201eVerloren. Verschollen. Vergessen. Kunst im Exil.\u201c Mehr unter www.havenkirche.de<br \/>\n #heimathaven #erinnern8mai #gedenken #niewieder #Havenkirche #christusundgarnisonkirchewilhelmshaven #GegenDasVergessen #citykirche<br \/>\n#kunstimexil #vergessen<br \/>\nHAVENKIRCHE@FB<br \/>\n<a href=\"https:\/\/www.facebook.com\/396185572708352\/posts\/1154687630191472\" target=\"_blank\">Verloren. Verschollen. Vergessen. Kunst im Exil.<br \/>\nErinnern, statt schweigen. Eine Ausstellung gegen das Vergessen.<br \/>\nVom 9. bis zum 23. November 2025 zeigt die Christus- und Garnisonkirche Wilhelmshaven (Havenkirche) die gr\u00f6\u00dfte Ausstellung zur Exilkunst im gesamten Nordwesten. Mit Gottesdienst und  Vernissage geht es am Sonntag um 12 Uhr los. Unter dem Titel \u201eVerloren. Verschollen. Vergessen. Kunst im Exil.\u201c werden mehr als vierzig Werke aus der \u201eSammlung Memoria\u201c des Verlegers Thomas B. Schumann pr\u00e4sentiert. Eine eindrucksvolle Dokumentation \u00fcber K\u00fcnstlerinnen und K\u00fcnstler, deren Leben und Werk durch das NS-Regime ausgel\u00f6scht oder verdr\u00e4ngt wurden.<br \/>\nEs sind Gesichter, die man nicht mehr kennt. Namen, die aus dem kollektiven Ged\u00e4chtnis verschwunden sind. Und doch blicken sie uns an mit all der Verletzlichkeit, der W\u00fcrde und der Kraft, die bleibt, wenn alles andere verloren ging. Die Ausstellung ist dann f\u00fcr zwei Wochen in der Kirche zu sehen. T\u00e4glich von 11 &#8211; 17 Uhr.<br \/>\nBegleitveranstaltungen zur Ausstellung \u201eVerloren. Verschollen. Vergessen. Kunst im Exil.\u201c Mehr unter www.havenkirche.de<br \/>\n #heimathaven #erinnern8mai #gedenken #niewieder #Havenkirche #christusundgarnisonkirchewilhelmshaven #GegenDasVergessen #citykirche<br \/>\n#kunstimexil #vergessen<\/a><\/p>\n","protected":false},"excerpt":{"rendered":"<p>Verloren. Verschollen. Vergessen. Kunst im Exil. Erinnern, statt schweigen. Eine Ausstellung gegen das Vergessen. Vom 9. bis zum 23. November 2025 zeigt die Christus- und Garnisonkirche Wilhelmshaven (Havenkirche) die gr\u00f6\u00dfte Ausstellung zur Exilkunst im gesamten Nordwesten. Mit Gottesdienst und Vernissage geht es am Sonntag um 12 Uhr los. Unter dem Titel \u201eVerloren. Verschollen. Vergessen. Kunst im Exil.\u201c werden mehr als vierzig Werke aus der \u201eSammlung Memoria\u201c des Verlegers Thomas B. Schumann pr\u00e4sentiert. Eine eindrucksvolle Dokumentation \u00fcber K\u00fcnstlerinnen und K\u00fcnstler, deren Leben und Werk durch das NS-Regime ausgel\u00f6scht oder verdr\u00e4ngt wurden. Es sind Gesichter, die man nicht mehr kennt. Namen, die&#8230;<\/p>\n","protected":false},"author":6,"featured_media":0,"comment_status":"false","ping_status":"open","sticky":false,"template":"","format":"standard","meta":{"footnotes":""},"categories":[75],"tags":[76],"class_list":["post-27904","post","type-post","status-publish","format-standard","hentry","category-havenkirche","tag-havenkirche"],"_links":{"self":[{"href":"https:\/\/christusnews.de\/site\/wp-json\/wp\/v2\/posts\/27904","targetHints":{"allow":["GET"]}}],"collection":[{"href":"https:\/\/christusnews.de\/site\/wp-json\/wp\/v2\/posts"}],"about":[{"href":"https:\/\/christusnews.de\/site\/wp-json\/wp\/v2\/types\/post"}],"author":[{"embeddable":true,"href":"https:\/\/christusnews.de\/site\/wp-json\/wp\/v2\/users\/6"}],"replies":[{"embeddable":true,"href":"https:\/\/christusnews.de\/site\/wp-json\/wp\/v2\/comments?post=27904"}],"version-history":[{"count":1,"href":"https:\/\/christusnews.de\/site\/wp-json\/wp\/v2\/posts\/27904\/revisions"}],"predecessor-version":[{"id":27905,"href":"https:\/\/christusnews.de\/site\/wp-json\/wp\/v2\/posts\/27904\/revisions\/27905"}],"wp:attachment":[{"href":"https:\/\/christusnews.de\/site\/wp-json\/wp\/v2\/media?parent=27904"}],"wp:term":[{"taxonomy":"category","embeddable":true,"href":"https:\/\/christusnews.de\/site\/wp-json\/wp\/v2\/categories?post=27904"},{"taxonomy":"post_tag","embeddable":true,"href":"https:\/\/christusnews.de\/site\/wp-json\/wp\/v2\/tags?post=27904"}],"curies":[{"name":"wp","href":"https:\/\/api.w.org\/{rel}","templated":true}]}}