{"id":27910,"date":"2025-11-12T10:27:42","date_gmt":"2025-11-12T09:27:42","guid":{"rendered":"https:\/\/christusnews.de\/site\/die-anmeldung-ist-offen-fuer-unser-kindercamp-im-naechsten-sommerunter-www-wildflecken-camps-de-koennt-ihr-kinder-von-9-12-jahren-ab-sofort-anmelden-fuer-eine-wunderbare-woche-mit-viel-gemeinschaft\/"},"modified":"2025-11-12T22:17:40","modified_gmt":"2025-11-12T21:17:40","slug":"die-anmeldung-ist-offen-fuer-unser-kindercamp-im-naechsten-sommerunter-www-wildflecken-camps-de-koennt-ihr-kinder-von-9-12-jahren-ab-sofort-anmelden-fuer-eine-wunderbare-woche-mit-viel-gemeinschaft","status":"publish","type":"post","link":"https:\/\/christusnews.de\/site\/die-anmeldung-ist-offen-fuer-unser-kindercamp-im-naechsten-sommerunter-www-wildflecken-camps-de-koennt-ihr-kinder-von-9-12-jahren-ab-sofort-anmelden-fuer-eine-wunderbare-woche-mit-viel-gemeinschaft\/","title":{"rendered":"Die Anmeldung ist offen f\u00fcr unser Kindercamp im n\u00e4chsten Sommer:\nUnter www.wildflecken-camps.de k\u00f6nnt ihr Kinder von 9-12 Jahren ab sofort anmelden f\u00fcr eine wunderbare Woche mit viel Gemeinschaft, Abenteuer und Natur. \nWir freuen uns schon sehr auf Wildflecken 2026!"},"content":{"rendered":"<p>Die Anmeldung ist offen f\u00fcr unser Kindercamp im n\u00e4chsten Sommer:<br \/>\nUnter www.wildflecken-camps.de k\u00f6nnt ihr Kinder von 9-12 Jahren ab sofort anmelden f\u00fcr eine wunderbare Woche mit viel Gemeinschaft, Abenteuer und Natur.<br \/>\nWir freuen uns schon sehr auf Wildflecken 2026!<br \/>\nHAVENKIRCHE@FB<br \/>\n<a href=\"https:\/\/www.facebook.com\/396185572708352\/posts\/1160933926233509\" target=\"_blank\">Die Anmeldung ist offen f\u00fcr unser Kindercamp im n\u00e4chsten Sommer:<br \/>\nUnter www.wildflecken-camps.de k\u00f6nnt ihr Kinder von 9-12 Jahren ab sofort anmelden f\u00fcr eine wunderbare Woche mit viel Gemeinschaft, Abenteuer und Natur.<br \/>\nWir freuen uns schon sehr auf Wildflecken 2026!<\/a><\/p>\n","protected":false},"excerpt":{"rendered":"<p>Die Anmeldung ist offen f\u00fcr unser Kindercamp im n\u00e4chsten Sommer: Unter www.wildflecken-camps.de k\u00f6nnt ihr Kinder von 9-12 Jahren ab sofort anmelden f\u00fcr eine wunderbare Woche mit viel Gemeinschaft, Abenteuer und Natur. Wir freuen uns schon sehr auf Wildflecken 2026! HAVENKIRCHE@FB Die Anmeldung ist offen f\u00fcr unser Kindercamp im n\u00e4chsten Sommer: Unter www.wildflecken-camps.de k\u00f6nnt ihr Kinder von 9-12 Jahren ab sofort anmelden f\u00fcr eine wunderbare Woche mit viel Gemeinschaft, Abenteuer und Natur. Wir freuen uns schon sehr auf Wildflecken 2026!<\/p>\n","protected":false},"author":6,"featured_media":0,"comment_status":"false","ping_status":"open","sticky":false,"template":"","format":"standard","meta":{"footnotes":""},"categories":[75],"tags":[76],"class_list":["post-27910","post","type-post","status-publish","format-standard","hentry","category-havenkirche","tag-havenkirche"],"_links":{"self":[{"href":"https:\/\/christusnews.de\/site\/wp-json\/wp\/v2\/posts\/27910","targetHints":{"allow":["GET"]}}],"collection":[{"href":"https:\/\/christusnews.de\/site\/wp-json\/wp\/v2\/posts"}],"about":[{"href":"https:\/\/christusnews.de\/site\/wp-json\/wp\/v2\/types\/post"}],"author":[{"embeddable":true,"href":"https:\/\/christusnews.de\/site\/wp-json\/wp\/v2\/users\/6"}],"replies":[{"embeddable":true,"href":"https:\/\/christusnews.de\/site\/wp-json\/wp\/v2\/comments?post=27910"}],"version-history":[{"count":1,"href":"https:\/\/christusnews.de\/site\/wp-json\/wp\/v2\/posts\/27910\/revisions"}],"predecessor-version":[{"id":27911,"href":"https:\/\/christusnews.de\/site\/wp-json\/wp\/v2\/posts\/27910\/revisions\/27911"}],"wp:attachment":[{"href":"https:\/\/christusnews.de\/site\/wp-json\/wp\/v2\/media?parent=27910"}],"wp:term":[{"taxonomy":"category","embeddable":true,"href":"https:\/\/christusnews.de\/site\/wp-json\/wp\/v2\/categories?post=27910"},{"taxonomy":"post_tag","embeddable":true,"href":"https:\/\/christusnews.de\/site\/wp-json\/wp\/v2\/tags?post=27910"}],"curies":[{"name":"wp","href":"https:\/\/api.w.org\/{rel}","templated":true}]}}