{"id":27912,"date":"2025-11-13T16:28:53","date_gmt":"2025-11-13T15:28:53","guid":{"rendered":"https:\/\/christusnews.de\/site\/landeskirchliche-visitation-des-kirchenkreises-oldenburger-muensterland\/"},"modified":"2025-11-13T22:17:24","modified_gmt":"2025-11-13T21:17:24","slug":"landeskirchliche-visitation-des-kirchenkreises-oldenburger-muensterland","status":"publish","type":"post","link":"https:\/\/christusnews.de\/site\/landeskirchliche-visitation-des-kirchenkreises-oldenburger-muensterland\/","title":{"rendered":"Landeskirchliche Visitation des Kirchenkreises Oldenburger M\u00fcnsterland"},"content":{"rendered":"<p>Vom 5. Oktober bis zum 13. November dieses Jahres fand die landeskirchliche Visitation des Kirchenkreises Oldenburger M\u00fcnsterland statt. Ein zehn-k\u00f6pfiges synodales Visitationsteam besuchte unter Vorsitz von Bischof Thomas Adomeit den Kirchenkreis, um die Arbeit im Kirchenkreis Oldenburger M\u00fcnsterland kennenzulernen.<\/p>\n<p>Schwerpunkte der insgesamt neun Besuche waren die \u00f6kumenische Arbeit und die Entwicklungsr\u00e4ume im Kirchenkreis. Beeindruckt zeigte sich das Visitations-Team von der Vielfalt und Intensit\u00e4t der \u00d6kumene angefangen von gemeinsamen Festgottesdiensten \u00fcber \u00f6kumenisch verantwortete Einweihungen und Schulfeste bis hin zu regelm\u00e4\u00dfigen Treffen und Absprachen vor Ort.<\/p>\n<p>Die mittlerweile vier Entwicklungsr\u00e4ume im Kirchenkreis wachsen zusammen und gestalten \u00fcber Gemeindegrenzen hinweg die Konfirmanden-, Jugend- und Kirchenmusikarbeit.<\/p>\n<p>Ein Besuch galt Anfang November auch den Verantwortlichen in der Politik der Region. So wurde eine Visitationsdelegation zum intensiven Austausch im Kreishaus Cloppenburg von den Landr\u00e4ten der Landkreise Cloppenburg und Vechta empfangen. Eine vertiefte Zusammenarbeit von Politik und Kirche wurde in den Blick genommen und als ausdr\u00fccklich erw\u00fcnscht bezeichnet.<\/p>\n<p><i>Ein Beitrag von Pfarrer Dr. Stefan Welz.<\/i><\/p>\n<p>&nbsp;<\/p>\n<p>&nbsp;<\/p>\n<p>Kirche-Oldenburg<br \/>\n<a href=\"https:\/\/www.kirche-oldenburg.de\/aktuelles\/detail\/landeskirchliche-visitation-des-kirchenkreises-oldenburger-muensterland\" target=\"_blank\">Landeskirchliche Visitation des Kirchenkreises Oldenburger M\u00fcnsterland<\/a><\/p>\n","protected":false},"excerpt":{"rendered":"<p>Vom 5. Oktober bis zum 13. November dieses Jahres fand die landeskirchliche Visitation des Kirchenkreises Oldenburger M\u00fcnsterland statt. Ein zehn-k\u00f6pfiges synodales Visitationsteam besuchte unter Vorsitz von Bischof Thomas Adomeit den Kirchenkreis, um die Arbeit im Kirchenkreis Oldenburger M\u00fcnsterland kennenzulernen. Schwerpunkte der insgesamt neun Besuche waren die \u00f6kumenische Arbeit und die Entwicklungsr\u00e4ume im Kirchenkreis. Beeindruckt zeigte sich das Visitations-Team von der Vielfalt und Intensit\u00e4t der \u00d6kumene angefangen von gemeinsamen Festgottesdiensten \u00fcber \u00f6kumenisch verantwortete Einweihungen und Schulfeste bis hin zu regelm\u00e4\u00dfigen Treffen und Absprachen vor Ort. Die mittlerweile vier Entwicklungsr\u00e4ume im Kirchenkreis wachsen zusammen und gestalten \u00fcber Gemeindegrenzen hinweg die Konfirmanden-, Jugend-&#8230;<\/p>\n","protected":false},"author":7,"featured_media":0,"comment_status":"false","ping_status":"open","sticky":false,"template":"","format":"standard","meta":{"footnotes":""},"categories":[43],"tags":[44],"class_list":["post-27912","post","type-post","status-publish","format-standard","hentry","category-kirche-oldenburg","tag-kirche-oldenburg"],"_links":{"self":[{"href":"https:\/\/christusnews.de\/site\/wp-json\/wp\/v2\/posts\/27912","targetHints":{"allow":["GET"]}}],"collection":[{"href":"https:\/\/christusnews.de\/site\/wp-json\/wp\/v2\/posts"}],"about":[{"href":"https:\/\/christusnews.de\/site\/wp-json\/wp\/v2\/types\/post"}],"author":[{"embeddable":true,"href":"https:\/\/christusnews.de\/site\/wp-json\/wp\/v2\/users\/7"}],"replies":[{"embeddable":true,"href":"https:\/\/christusnews.de\/site\/wp-json\/wp\/v2\/comments?post=27912"}],"version-history":[{"count":1,"href":"https:\/\/christusnews.de\/site\/wp-json\/wp\/v2\/posts\/27912\/revisions"}],"predecessor-version":[{"id":27913,"href":"https:\/\/christusnews.de\/site\/wp-json\/wp\/v2\/posts\/27912\/revisions\/27913"}],"wp:attachment":[{"href":"https:\/\/christusnews.de\/site\/wp-json\/wp\/v2\/media?parent=27912"}],"wp:term":[{"taxonomy":"category","embeddable":true,"href":"https:\/\/christusnews.de\/site\/wp-json\/wp\/v2\/categories?post=27912"},{"taxonomy":"post_tag","embeddable":true,"href":"https:\/\/christusnews.de\/site\/wp-json\/wp\/v2\/tags?post=27912"}],"curies":[{"name":"wp","href":"https:\/\/api.w.org\/{rel}","templated":true}]}}