{"id":27918,"date":"2025-11-16T12:00:11","date_gmt":"2025-11-16T11:00:11","guid":{"rendered":"https:\/\/christusnews.de\/site\/vor-einem-jahr-auf-einmal-war-alles-anderes-bernhard-starb-und-wir-waren-fassungslos-tieftraurig-und-durchgeschuettelt-gemeinsam-hatten-wir-uns-als-havenkirchen-crew-zusammengetan-da-war-so-viel\/"},"modified":"2025-11-16T22:17:21","modified_gmt":"2025-11-16T21:17:21","slug":"vor-einem-jahr-auf-einmal-war-alles-anderes-bernhard-starb-und-wir-waren-fassungslos-tieftraurig-und-durchgeschuettelt-gemeinsam-hatten-wir-uns-als-havenkirchen-crew-zusammengetan-da-war-so-viel","status":"publish","type":"post","link":"https:\/\/christusnews.de\/site\/vor-einem-jahr-auf-einmal-war-alles-anderes-bernhard-starb-und-wir-waren-fassungslos-tieftraurig-und-durchgeschuettelt-gemeinsam-hatten-wir-uns-als-havenkirchen-crew-zusammengetan-da-war-so-viel\/","title":{"rendered":"Vor einem Jahr.\nAuf einmal war alles anderes.\nBernhard starb und wir waren fassungslos.\nTieftraurig und durchgesch\u00fcttelt.\nGemeinsam hatten wir uns als \nHavenkirchen-Crew zusammengetan.\nDa war so viel Aufbruch und Lust das Neue zu gestalten.\nVor einem Jahr ist Bernhard gestorben.\nUnd es tut immer noch weh.\nFr\u00fcher gab es das Trauerjahr.\nEinmal alles ohne dich erleben.\nWeihnachten feiern, Passionspunkte, Wildflecken Camps. \nSo viele Momente, in denen wir an ihn denken.\nHeute ist sein Todestag.\nWir z\u00fcnden eine Kerze f\u00fcr ihn an in den Gottesdiensten.\nUnd n\u00e4chste Woche,\nam Ewigkeitssonntag wollen wir nach dem Gottesdienst \nvor der Christus-und Garnisonkirche eine Eiche pflanzen. \nAls Erinnerungsbaum f\u00fcr Bernhard.\n23.11.2025 um 13.00 Uhr \n\nDer Herr ist mein Licht und mein Heil.\nVor wem sollte ich mich f\u00fcrchten. \n\nBernhards Konfirmationsspruch hat den Abschied begleitet. \nUnd er leuchtet weiter.\n\nSei beh\u00fctet, Bernhard"},"content":{"rendered":"<p>Vor einem Jahr.<br \/>\nAuf einmal war alles anderes.<br \/>\nBernhard starb und wir waren fassungslos.<br \/>\nTieftraurig und durchgesch\u00fcttelt.<br \/>\nGemeinsam hatten wir uns als<br \/>\nHavenkirchen-Crew zusammengetan.<br \/>\nDa war so viel Aufbruch und Lust das Neue zu gestalten.<br \/>\nVor einem Jahr ist Bernhard gestorben.<br \/>\nUnd es tut immer noch weh.<br \/>\nFr\u00fcher gab es das Trauerjahr.<br \/>\nEinmal alles ohne dich erleben.<br \/>\nWeihnachten feiern, Passionspunkte, Wildflecken Camps.<br \/>\nSo viele Momente, in denen wir an ihn denken.<br \/>\nHeute ist sein Todestag.<br \/>\nWir z\u00fcnden eine Kerze f\u00fcr ihn an in den Gottesdiensten.<br \/>\nUnd n\u00e4chste Woche,<br \/>\nam Ewigkeitssonntag wollen wir nach dem Gottesdienst<br \/>\nvor der Christus-und Garnisonkirche eine Eiche pflanzen.<br \/>\nAls Erinnerungsbaum f\u00fcr Bernhard.<br \/>\n23.11.2025 um 13.00 Uhr <\/p>\n<p>Der Herr ist mein Licht und mein Heil.<br \/>\nVor wem sollte ich mich f\u00fcrchten. <\/p>\n<p>Bernhards Konfirmationsspruch hat den Abschied begleitet.<br \/>\nUnd er leuchtet weiter.<\/p>\n<p>Sei beh\u00fctet, Bernhard<br \/>\nHAVENKIRCHE@FB<br \/>\n<a href=\"https:\/\/www.facebook.com\/396185572708352\/posts\/1164556682537900\" target=\"_blank\">Vor einem Jahr.<br \/>\nAuf einmal war alles anderes.<br \/>\nBernhard starb und wir waren fassungslos.<br \/>\nTieftraurig und durchgesch\u00fcttelt.<br \/>\nGemeinsam hatten wir uns als<br \/>\nHavenkirchen-Crew zusammengetan.<br \/>\nDa war so viel Aufbruch und Lust das Neue zu gestalten.<br \/>\nVor einem Jahr ist Bernhard gestorben.<br \/>\nUnd es tut immer noch weh.<br \/>\nFr\u00fcher gab es das Trauerjahr.<br \/>\nEinmal alles ohne dich erleben.<br \/>\nWeihnachten feiern, Passionspunkte, Wildflecken Camps.<br \/>\nSo viele Momente, in denen wir an ihn denken.<br \/>\nHeute ist sein Todestag.<br \/>\nWir z\u00fcnden eine Kerze f\u00fcr ihn an in den Gottesdiensten.<br \/>\nUnd n\u00e4chste Woche,<br \/>\nam Ewigkeitssonntag wollen wir nach dem Gottesdienst<br \/>\nvor der Christus-und Garnisonkirche eine Eiche pflanzen.<br \/>\nAls Erinnerungsbaum f\u00fcr Bernhard.<br \/>\n23.11.2025 um 13.00 Uhr <\/p>\n<p>Der Herr ist mein Licht und mein Heil.<br \/>\nVor wem sollte ich mich f\u00fcrchten. <\/p>\n<p>Bernhards Konfirmationsspruch hat den Abschied begleitet.<br \/>\nUnd er leuchtet weiter.<\/p>\n<p>Sei beh\u00fctet, Bernhard<\/a><\/p>\n","protected":false},"excerpt":{"rendered":"<p>Vor einem Jahr. Auf einmal war alles anderes. Bernhard starb und wir waren fassungslos. Tieftraurig und durchgesch\u00fcttelt. Gemeinsam hatten wir uns als Havenkirchen-Crew zusammengetan. Da war so viel Aufbruch und Lust das Neue zu gestalten. Vor einem Jahr ist Bernhard gestorben. Und es tut immer noch weh. Fr\u00fcher gab es das Trauerjahr. Einmal alles ohne dich erleben. Weihnachten feiern, Passionspunkte, Wildflecken Camps. So viele Momente, in denen wir an ihn denken. Heute ist sein Todestag. Wir z\u00fcnden eine Kerze f\u00fcr ihn an in den Gottesdiensten. Und n\u00e4chste Woche, am Ewigkeitssonntag wollen wir nach dem Gottesdienst vor der Christus-und Garnisonkirche eine&#8230;<\/p>\n","protected":false},"author":6,"featured_media":0,"comment_status":"false","ping_status":"open","sticky":false,"template":"","format":"standard","meta":{"footnotes":""},"categories":[75],"tags":[76],"class_list":["post-27918","post","type-post","status-publish","format-standard","hentry","category-havenkirche","tag-havenkirche"],"_links":{"self":[{"href":"https:\/\/christusnews.de\/site\/wp-json\/wp\/v2\/posts\/27918","targetHints":{"allow":["GET"]}}],"collection":[{"href":"https:\/\/christusnews.de\/site\/wp-json\/wp\/v2\/posts"}],"about":[{"href":"https:\/\/christusnews.de\/site\/wp-json\/wp\/v2\/types\/post"}],"author":[{"embeddable":true,"href":"https:\/\/christusnews.de\/site\/wp-json\/wp\/v2\/users\/6"}],"replies":[{"embeddable":true,"href":"https:\/\/christusnews.de\/site\/wp-json\/wp\/v2\/comments?post=27918"}],"version-history":[{"count":1,"href":"https:\/\/christusnews.de\/site\/wp-json\/wp\/v2\/posts\/27918\/revisions"}],"predecessor-version":[{"id":27919,"href":"https:\/\/christusnews.de\/site\/wp-json\/wp\/v2\/posts\/27918\/revisions\/27919"}],"wp:attachment":[{"href":"https:\/\/christusnews.de\/site\/wp-json\/wp\/v2\/media?parent=27918"}],"wp:term":[{"taxonomy":"category","embeddable":true,"href":"https:\/\/christusnews.de\/site\/wp-json\/wp\/v2\/categories?post=27918"},{"taxonomy":"post_tag","embeddable":true,"href":"https:\/\/christusnews.de\/site\/wp-json\/wp\/v2\/tags?post=27918"}],"curies":[{"name":"wp","href":"https:\/\/api.w.org\/{rel}","templated":true}]}}