{"id":27934,"date":"2025-11-21T10:09:41","date_gmt":"2025-11-21T09:09:41","guid":{"rendered":"https:\/\/christusnews.de\/site\/finissage-in-der-exilsausstellungdr-antje-sander-und-klaus-mueller-interpretieren-noch-einmal-die-ausstellungzwei-wochen-bestimmten-bilder-von-exilskuenstlerinnen-das-innere-der-christus-und-garni\/"},"modified":"2025-11-21T22:17:23","modified_gmt":"2025-11-21T21:17:23","slug":"finissage-in-der-exilsausstellungdr-antje-sander-und-klaus-mueller-interpretieren-noch-einmal-die-ausstellungzwei-wochen-bestimmten-bilder-von-exilskuenstlerinnen-das-innere-der-christus-und-garni","status":"publish","type":"post","link":"https:\/\/christusnews.de\/site\/finissage-in-der-exilsausstellungdr-antje-sander-und-klaus-mueller-interpretieren-noch-einmal-die-ausstellungzwei-wochen-bestimmten-bilder-von-exilskuenstlerinnen-das-innere-der-christus-und-garni\/","title":{"rendered":"Finissage in der Exilsausstellung\nDr. Antje Sander und Klaus M\u00fcller interpretieren noch einmal die Ausstellung\nZwei Wochen bestimmten Bilder von Exilsk\u00fcnstlerInnen das Innere der Christus- und Garnisonkirche in Wilhelmshaven. Knapp 40 Gem\u00e4lde aus der Sammlung Memoria waren ausgestellt. Nun endet die Ausstellung. Am Ewigkeitssonntag (23.11., 18 Uhr) findet eine Finissage statt. Die AusstellungsmacherInnen werden da sein. Einen inhaltlichen Impuls wird Dr. Antje Sander vom Schlossmuseum Jever beisteuern. Sie wird von der Wilhelmshavenerin Josefa Egberts berichten, die von den Nazis umgebracht wurde. Au\u00dferdem wird Stadtkantor Klaus M\u00fcller noch einmal drei St\u00fccke von Komponisten, die ins Exil flohen, pr\u00e4sentieren. Herzliche Einladung zum letzten Tag der Ausstellung. Der Eintritt ist frei. \n #erinnern8mai #heimathaven #citykirche #niewieder #GegenDasVergessen #vergessen #Havenkirche #kunstimexil #gedenken #havenkirche #christusundgarnisonkirchewilhelmshaven"},"content":{"rendered":"<p>Finissage in der Exilsausstellung<br \/>\nDr. Antje Sander und Klaus M\u00fcller interpretieren noch einmal die Ausstellung<br \/>\nZwei Wochen bestimmten Bilder von Exilsk\u00fcnstlerInnen das Innere der Christus- und Garnisonkirche in Wilhelmshaven. Knapp 40 Gem\u00e4lde aus der Sammlung Memoria waren ausgestellt. Nun endet die Ausstellung. Am Ewigkeitssonntag (23.11., 18 Uhr) findet eine Finissage statt. Die AusstellungsmacherInnen werden da sein. Einen inhaltlichen Impuls wird Dr. Antje Sander vom Schlossmuseum Jever beisteuern. Sie wird von der Wilhelmshavenerin Josefa Egberts berichten, die von den Nazis umgebracht wurde. Au\u00dferdem wird Stadtkantor Klaus M\u00fcller noch einmal drei St\u00fccke von Komponisten, die ins Exil flohen, pr\u00e4sentieren. Herzliche Einladung zum letzten Tag der Ausstellung. Der Eintritt ist frei.<br \/>\n #erinnern8mai #heimathaven #citykirche #niewieder #GegenDasVergessen #vergessen #Havenkirche #kunstimexil #gedenken #havenkirche #christusundgarnisonkirchewilhelmshaven<br \/>\nHAVENKIRCHE@FB<br \/>\n<a href=\"https:\/\/www.facebook.com\/396185572708352\/posts\/1168860415440860\" target=\"_blank\">Finissage in der Exilsausstellung<br \/>\nDr. Antje Sander und Klaus M\u00fcller interpretieren noch einmal die Ausstellung<br \/>\nZwei Wochen bestimmten Bilder von Exilsk\u00fcnstlerInnen das Innere der Christus- und Garnisonkirche in Wilhelmshaven. Knapp 40 Gem\u00e4lde aus der Sammlung Memoria waren ausgestellt. Nun endet die Ausstellung. Am Ewigkeitssonntag (23.11., 18 Uhr) findet eine Finissage statt. Die AusstellungsmacherInnen werden da sein. Einen inhaltlichen Impuls wird Dr. Antje Sander vom Schlossmuseum Jever beisteuern. Sie wird von der Wilhelmshavenerin Josefa Egberts berichten, die von den Nazis umgebracht wurde. Au\u00dferdem wird Stadtkantor Klaus M\u00fcller noch einmal drei St\u00fccke von Komponisten, die ins Exil flohen, pr\u00e4sentieren. Herzliche Einladung zum letzten Tag der Ausstellung. Der Eintritt ist frei.<br \/>\n #erinnern8mai #heimathaven #citykirche #niewieder #GegenDasVergessen #vergessen #Havenkirche #kunstimexil #gedenken #havenkirche #christusundgarnisonkirchewilhelmshaven<\/a><\/p>\n","protected":false},"excerpt":{"rendered":"<p>Finissage in der Exilsausstellung Dr. Antje Sander und Klaus M\u00fcller interpretieren noch einmal die Ausstellung Zwei Wochen bestimmten Bilder von Exilsk\u00fcnstlerInnen das Innere der Christus- und Garnisonkirche in Wilhelmshaven. Knapp 40 Gem\u00e4lde aus der Sammlung Memoria waren ausgestellt. Nun endet die Ausstellung. Am Ewigkeitssonntag (23.11., 18 Uhr) findet eine Finissage statt. Die AusstellungsmacherInnen werden da sein. Einen inhaltlichen Impuls wird Dr. Antje Sander vom Schlossmuseum Jever beisteuern. Sie wird von der Wilhelmshavenerin Josefa Egberts berichten, die von den Nazis umgebracht wurde. Au\u00dferdem wird Stadtkantor Klaus M\u00fcller noch einmal drei St\u00fccke von Komponisten, die ins Exil flohen, pr\u00e4sentieren. Herzliche Einladung zum&#8230;<\/p>\n","protected":false},"author":6,"featured_media":0,"comment_status":"false","ping_status":"open","sticky":false,"template":"","format":"standard","meta":{"footnotes":""},"categories":[75],"tags":[76],"class_list":["post-27934","post","type-post","status-publish","format-standard","hentry","category-havenkirche","tag-havenkirche"],"_links":{"self":[{"href":"https:\/\/christusnews.de\/site\/wp-json\/wp\/v2\/posts\/27934","targetHints":{"allow":["GET"]}}],"collection":[{"href":"https:\/\/christusnews.de\/site\/wp-json\/wp\/v2\/posts"}],"about":[{"href":"https:\/\/christusnews.de\/site\/wp-json\/wp\/v2\/types\/post"}],"author":[{"embeddable":true,"href":"https:\/\/christusnews.de\/site\/wp-json\/wp\/v2\/users\/6"}],"replies":[{"embeddable":true,"href":"https:\/\/christusnews.de\/site\/wp-json\/wp\/v2\/comments?post=27934"}],"version-history":[{"count":1,"href":"https:\/\/christusnews.de\/site\/wp-json\/wp\/v2\/posts\/27934\/revisions"}],"predecessor-version":[{"id":27935,"href":"https:\/\/christusnews.de\/site\/wp-json\/wp\/v2\/posts\/27934\/revisions\/27935"}],"wp:attachment":[{"href":"https:\/\/christusnews.de\/site\/wp-json\/wp\/v2\/media?parent=27934"}],"wp:term":[{"taxonomy":"category","embeddable":true,"href":"https:\/\/christusnews.de\/site\/wp-json\/wp\/v2\/categories?post=27934"},{"taxonomy":"post_tag","embeddable":true,"href":"https:\/\/christusnews.de\/site\/wp-json\/wp\/v2\/tags?post=27934"}],"curies":[{"name":"wp","href":"https:\/\/api.w.org\/{rel}","templated":true}]}}