{"id":27942,"date":"2025-11-25T06:12:00","date_gmt":"2025-11-25T05:12:00","guid":{"rendered":"https:\/\/christusnews.de\/site\/bischoefe-eroeffnen-gemeinsam-das-neue-kirchenjahr-in-rodenkirchen\/"},"modified":"2025-11-25T10:17:18","modified_gmt":"2025-11-25T09:17:18","slug":"bischoefe-eroeffnen-gemeinsam-das-neue-kirchenjahr-in-rodenkirchen","status":"publish","type":"post","link":"https:\/\/christusnews.de\/site\/bischoefe-eroeffnen-gemeinsam-das-neue-kirchenjahr-in-rodenkirchen\/","title":{"rendered":"Bisch\u00f6fe er\u00f6ffnen gemeinsam das neue Kirchenjahr in Rodenkirchen"},"content":{"rendered":"<h3>\u00d6kumenische Er\u00f6ffnung des Kirchenjahres am 1. Advent in der evangelischen St.-Matth\u00e4us-Kirche in Rodenkirchen<\/h3>\n<p>Am Sonntagabend, 30. November (1. Advent), laden die Evangelisch-Lutherische Kirche in Oldenburg und die katholische Kirche im Oldenburger Land um 18 Uhr zu einem \u00f6kumenischen Gottesdienst in die evangelische St.-Matth\u00e4us-Kirche in Rodenkirchen ein. Bischof Thomas Adomeit (Ev.-Luth. Kirche in Oldenburg) und Weihbischof Wilfried Theising (katholische Kirche im Oldenburger Land) er\u00f6ffnen gemeinsam und in \u00f6kumenischer Verbundenheit das neue Kirchenjahr. Die Predigt h\u00e4lt Weihbischof Wilfried Theising.<\/p>\n<p>In diesem Jahr findet die gemeinsame \u00f6kumenische Er\u00f6ffnung des Advents f\u00fcr Christinnen und Christen im Oldenburger Land bereits zum 17. Mal statt. Den Gottesdienst gestalten beide Bisch\u00f6fe gemeinsam mit Pastorin Birgit Fa\u00df (Ev.-luth. Kirchengemeinde Rodenkirchen) und Diakon Christoph Richter vom Pastoralteam St. Willehad (Katholische Kirche in Nordenham und Butjadingen). Die musikalische Gestaltung \u00fcbernimmt Natalia Gvozdkova (Orgel) aus Berne.<\/p>\n<p>Im Anschluss an den Gottesdienst sind alle Teilnehmenden zu einem Empfang in der St.-Matth\u00e4us-Kirche eingeladen.<\/p>\n<p><i><strong>Seit 2009 fanden die Gottesdienste in folgenden Kirchen statt:<\/strong><\/i><br \/>2009: evangelische Schlosskirche in Varel<br \/>2010: katholische Kirche St. Gorgonius in Goldenstedt<br \/>2011: evangelische Kirche St.-Johannes in Bad Zwischenahn&nbsp;<br \/>2012: katholische Kirche St. Johannes Baptist in Molbergen&nbsp;<br \/>2013: evangelische Kirche St.-Bartholom\u00e4us in Golzwarden&nbsp;<br \/>2014: katholische Kirche St. Catharina in Dinklage&nbsp;<br \/>2015: evangelische Kirche St.-Laurentius in Hasbergen&nbsp;<br \/>2016: katholische Kirche St. Vitus in L\u00f6ningen&nbsp;<br \/>2017: evangelische Kirche zum guten Hirten in Damme<br \/>2018: katholische Forumskirche St. Peter in Oldenburg<br \/>2019: evangelische Kirche St. Pankratius in Stuhr<br \/>2020: katholische Kirche St. Marien zu Schillig<br \/>2021: evangelische Kirche St. Petri in Westerstede<br \/>2022: katholische Kirche St. Johannes Baptist in Molbergen<br \/>2023: evangelische Alexanderkirche in Wildeshausen&nbsp;<br \/>2024: katholische St. Marien-Kirche in Friesoythe<br \/>&nbsp;<\/p>\n<p>Kirche-Oldenburg<br \/>\n<a href=\"https:\/\/www.kirche-oldenburg.de\/aktuelles\/detail\/bischoefe-eroeffnen-gemeinsam-das-neue-kirchenjahr-in-rodenkirchen\" target=\"_blank\">Bisch\u00f6fe er\u00f6ffnen gemeinsam das neue Kirchenjahr in Rodenkirchen<\/a><\/p>\n","protected":false},"excerpt":{"rendered":"<p>\u00d6kumenische Er\u00f6ffnung des Kirchenjahres am 1. Advent in der evangelischen St.-Matth\u00e4us-Kirche in Rodenkirchen Am Sonntagabend, 30. November (1. Advent), laden die Evangelisch-Lutherische Kirche in Oldenburg und die katholische Kirche im Oldenburger Land um 18 Uhr zu einem \u00f6kumenischen Gottesdienst in die evangelische St.-Matth\u00e4us-Kirche in Rodenkirchen ein. Bischof Thomas Adomeit (Ev.-Luth. Kirche in Oldenburg) und Weihbischof Wilfried Theising (katholische Kirche im Oldenburger Land) er\u00f6ffnen gemeinsam und in \u00f6kumenischer Verbundenheit das neue Kirchenjahr. Die Predigt h\u00e4lt Weihbischof Wilfried Theising. In diesem Jahr findet die gemeinsame \u00f6kumenische Er\u00f6ffnung des Advents f\u00fcr Christinnen und Christen im Oldenburger Land bereits zum 17. Mal statt. Den&#8230;<\/p>\n","protected":false},"author":7,"featured_media":0,"comment_status":"false","ping_status":"open","sticky":false,"template":"","format":"standard","meta":{"footnotes":""},"categories":[43],"tags":[44],"class_list":["post-27942","post","type-post","status-publish","format-standard","hentry","category-kirche-oldenburg","tag-kirche-oldenburg"],"_links":{"self":[{"href":"https:\/\/christusnews.de\/site\/wp-json\/wp\/v2\/posts\/27942","targetHints":{"allow":["GET"]}}],"collection":[{"href":"https:\/\/christusnews.de\/site\/wp-json\/wp\/v2\/posts"}],"about":[{"href":"https:\/\/christusnews.de\/site\/wp-json\/wp\/v2\/types\/post"}],"author":[{"embeddable":true,"href":"https:\/\/christusnews.de\/site\/wp-json\/wp\/v2\/users\/7"}],"replies":[{"embeddable":true,"href":"https:\/\/christusnews.de\/site\/wp-json\/wp\/v2\/comments?post=27942"}],"version-history":[{"count":1,"href":"https:\/\/christusnews.de\/site\/wp-json\/wp\/v2\/posts\/27942\/revisions"}],"predecessor-version":[{"id":27943,"href":"https:\/\/christusnews.de\/site\/wp-json\/wp\/v2\/posts\/27942\/revisions\/27943"}],"wp:attachment":[{"href":"https:\/\/christusnews.de\/site\/wp-json\/wp\/v2\/media?parent=27942"}],"wp:term":[{"taxonomy":"category","embeddable":true,"href":"https:\/\/christusnews.de\/site\/wp-json\/wp\/v2\/categories?post=27942"},{"taxonomy":"post_tag","embeddable":true,"href":"https:\/\/christusnews.de\/site\/wp-json\/wp\/v2\/tags?post=27942"}],"curies":[{"name":"wp","href":"https:\/\/api.w.org\/{rel}","templated":true}]}}