{"id":27956,"date":"2025-11-30T16:15:31","date_gmt":"2025-11-30T15:15:31","guid":{"rendered":"https:\/\/christusnews.de\/site\/bischof-adomeit-und-weihbischof-theising-eroeffnen-gemeinsam-das-neue-kirchenjahr-in-rodenkirchen\/"},"modified":"2025-11-30T22:17:31","modified_gmt":"2025-11-30T21:17:31","slug":"bischof-adomeit-und-weihbischof-theising-eroeffnen-gemeinsam-das-neue-kirchenjahr-in-rodenkirchen","status":"publish","type":"post","link":"https:\/\/christusnews.de\/site\/bischof-adomeit-und-weihbischof-theising-eroeffnen-gemeinsam-das-neue-kirchenjahr-in-rodenkirchen\/","title":{"rendered":"Bischof Adomeit und Weihbischof Theising er\u00f6ffnen gemeinsam das neue Kirchenjahr in Rodenkirchen"},"content":{"rendered":"<h3>\u201eGott kommt \u2013 anders als gedacht, n\u00e4her als erhofft, und bereit, unser Leben zu verwandeln\u201c&nbsp;<\/h3>\n<p>Mit einem \u00f6kumenischen Gottesdienst in der evangelischen St.-Matth\u00e4us-Kirche in Rodenkirchen haben Bischof Thomas Adomeit (Ev.-Luth. Kirche in Oldenburg) und Weihbischof Wilfried Theising (katholische Kirche im Oldenburger Land), am Sonntagabend, 30. November, gemeinsam und im \u00f6kumenischen Miteinander das neue Kirchenjahr er\u00f6ffnet. In diesem Jahr fand die gemeinsame \u00f6kumenische Er\u00f6ffnung des Advents f\u00fcr Christinnen und Christen im Oldenburger Land bereits zum 17. Mal statt. Diese Tradition wurde 2009 in der Vareler Schlosskirche begr\u00fcndet.<\/p>\n<p>Weihbischof Theising betonte in seiner Predigt (Matth\u00e4usevangelium 21,1-11), dass mit dem Einzug Jesu in Jerusalem kein Triumphzug der Macht beginne, sondern ein Weg der N\u00e4he. \u201eJesus kommt nicht auf einem Schlachtross, sondern auf einem einfachen Esel \u2013 ein Zeichen daf\u00fcr, wie Gott in unsere Zeit, in unser Kirchenjahr hineintritt: unscheinbar, friedvoll, aber voller Verhei\u00dfung. Wer wie die Menschen am Stra\u00dfenrand seine Sehnsucht nach Heil und Hoffnung vor Gott ausbreitet, macht sein Herz bereit f\u00fcr den K\u00f6nig, der nicht von oben herab regiert, sondern unsere Wege mitgeht. Der Beginn des Kirchenjahres l\u00e4dt uns ein, neu zu erwarten: Gott kommt \u2013 anders als gedacht, n\u00e4her als erhofft, und bereit, unser Leben zu verwandeln\u201c, so Weihbischof Theising laut Redemanuskript.<\/p>\n<p>In seiner Begr\u00fc\u00dfung sagte Bischof Thomas Adomeit, dass Gott nicht von oben herab, sondern mitten hinein in die gef\u00e4hrdete Welt komme. \u201eViele von uns erleben diese Zeit gepr\u00e4gt von Verunsicherung: Der Angriffskrieg Russlands gegen die Ukraine dauert an, im Nahen Osten ersch\u00fcttern uns Gewalt und Not in Israel, Pal\u00e4stina und Gaza; in L\u00e4ndern wie Sudan oder Jemen und in Teilen Afrikas leiden Menschen unter Flucht, Hunger und Perspektivlosigkeit. Gleichzeitig schauen wir auf die Klimakrise. Die Weltklimakonferenz hat Schritte beschlossen, doch bleibt die L\u00fccke gro\u00df zwischen Versprechen und dem, was f\u00fcr die Bewahrung der Sch\u00f6pfung n\u00f6tig w\u00e4re. Wir sp\u00fcren die Folgen: wachsende Ungleichheit, dazu die Sorge um Demokratie und Menschenrechte, ein rauer werdender Ton in unserer Gesellschaft\u201c, so Adomeit.<\/p>\n<p>In dieser Zeit komme \u201eGott in die Welt \u2013 erst recht. Ins Dunkel unserer Not sendet er sein Hoffnungslicht, das Licht des Advents\u201c, betonte Bischof Adomeit. Seit Jahrhunderten feierten Christinnen und Christen Advent in der Erwartung, \u201edass Gottes Friede Gestalt gewinnt \u2013 in unseren Herzen, in unseren Familien, in unseren Kirchen und in dieser Welt.\u201c<\/p>\n<p>Mit Blick auf die traditionell am ersten Advent er\u00f6ffneten bundesweiten Spendenaktionen f\u00fcr die Advents- und Weihnachtzeit des katholischen Lateinamerika-Hilfswerks Adveniat und des evangelischen Hilfswerks \u201eBrot f\u00fcr die Welt\u201c betonte Bischof Adomeit, dass die Hilfswerke die Menschen in den Blick r\u00fccken, \u201ederen Leben durch Hunger, Klimawandel und Zerst\u00f6rung der Sch\u00f6pfung bedroht ist \u2013 und erinnern uns daran, dass Advent auch hei\u00dft, Verantwortung zu \u00fcbernehmen\u201c, so Adomeit. Die Hilfswerke wollten das Hoffnungslicht ganz handfest zu den Menschen bringen.<\/p>\n<p>Den Gottesdienst gestalten beide Bisch\u00f6fe gemeinsam mit Pastorin Birgit Fa\u00df (Ev.-luth. Kirchengemeinde Rodenkirchen) und Diakon Christoph Richter vom Pastoralteam St. Willehad (Katholische Kirche in Nordenham und Butjadingen). Die musikalische Gestaltung hatte Natalia Gvozdkova (Orgel) aus Berne \u00fcbernommen.<\/p>\n<p>Im Anschluss an den Gottesdienst waren alle Teilnehmenden zu einem Empfang in der St.-Matth\u00e4us-Kirche eingeladen.<\/p>\n<p><strong>Seit 2009 fanden die Gottesdienste in folgenden Kirchen statt:<\/strong><br \/>2009: evangelische Schlosskirche in Varel<br \/>2010: katholische Kirche St. Gorgonius in Goldenstedt<br \/>2011: evangelische Kirche St.-Johannes in Bad Zwischenahn&nbsp;<br \/>2012: katholische Kirche St. Johannes Baptist in Molbergen&nbsp;<br \/>2013: evangelische Kirche St.-Bartholom\u00e4us in Golzwarden&nbsp;<br \/>2014: katholische Kirche St. Catharina in Dinklage&nbsp;<br \/>2015: evangelische Kirche St.-Laurentius in Hasbergen&nbsp;<br \/>2016: katholische Kirche St. Vitus in L\u00f6ningen&nbsp;<br \/>2017: evangelische Kirche zum guten Hirten in Damme<br \/>2018: katholische Forumskirche St. Peter in Oldenburg<br \/>2019: evangelische Kirche St. Pankratius in Stuhr<br \/>2020: katholische Kirche St. Marien zu Schillig<br \/>2021: evangelische Kirche St. Petri in Westerstede<br \/>2022: katholische Kirche St. Johannes Baptist in Molbergen<br \/>2023: evangelische Alexanderkirche in Wildeshausen&nbsp;<br \/>2024: katholische St. Marien-Kirche in Friesoythe<br \/>&nbsp;<\/p>\n<p>Kirche-Oldenburg<br \/>\n<a href=\"https:\/\/www.kirche-oldenburg.de\/aktuelles\/detail\/bischof-adomeit-und-weihbischof-theising-eroeffnen-gemeinsam-das-neue-kirchenjahr-in-rodenkirchen\" target=\"_blank\">Bischof Adomeit und Weihbischof Theising er\u00f6ffnen gemeinsam das neue Kirchenjahr in Rodenkirchen<\/a><\/p>\n","protected":false},"excerpt":{"rendered":"<p>\u201eGott kommt \u2013 anders als gedacht, n\u00e4her als erhofft, und bereit, unser Leben zu verwandeln\u201c&nbsp; Mit einem \u00f6kumenischen Gottesdienst in der evangelischen St.-Matth\u00e4us-Kirche in Rodenkirchen haben Bischof Thomas Adomeit (Ev.-Luth. Kirche in Oldenburg) und Weihbischof Wilfried Theising (katholische Kirche im Oldenburger Land), am Sonntagabend, 30. November, gemeinsam und im \u00f6kumenischen Miteinander das neue Kirchenjahr er\u00f6ffnet. In diesem Jahr fand die gemeinsame \u00f6kumenische Er\u00f6ffnung des Advents f\u00fcr Christinnen und Christen im Oldenburger Land bereits zum 17. Mal statt. Diese Tradition wurde 2009 in der Vareler Schlosskirche begr\u00fcndet. Weihbischof Theising betonte in seiner Predigt (Matth\u00e4usevangelium 21,1-11), dass mit dem Einzug Jesu in&#8230;<\/p>\n","protected":false},"author":7,"featured_media":0,"comment_status":"false","ping_status":"open","sticky":false,"template":"","format":"standard","meta":{"footnotes":""},"categories":[43],"tags":[44],"class_list":["post-27956","post","type-post","status-publish","format-standard","hentry","category-kirche-oldenburg","tag-kirche-oldenburg"],"_links":{"self":[{"href":"https:\/\/christusnews.de\/site\/wp-json\/wp\/v2\/posts\/27956","targetHints":{"allow":["GET"]}}],"collection":[{"href":"https:\/\/christusnews.de\/site\/wp-json\/wp\/v2\/posts"}],"about":[{"href":"https:\/\/christusnews.de\/site\/wp-json\/wp\/v2\/types\/post"}],"author":[{"embeddable":true,"href":"https:\/\/christusnews.de\/site\/wp-json\/wp\/v2\/users\/7"}],"replies":[{"embeddable":true,"href":"https:\/\/christusnews.de\/site\/wp-json\/wp\/v2\/comments?post=27956"}],"version-history":[{"count":1,"href":"https:\/\/christusnews.de\/site\/wp-json\/wp\/v2\/posts\/27956\/revisions"}],"predecessor-version":[{"id":27957,"href":"https:\/\/christusnews.de\/site\/wp-json\/wp\/v2\/posts\/27956\/revisions\/27957"}],"wp:attachment":[{"href":"https:\/\/christusnews.de\/site\/wp-json\/wp\/v2\/media?parent=27956"}],"wp:term":[{"taxonomy":"category","embeddable":true,"href":"https:\/\/christusnews.de\/site\/wp-json\/wp\/v2\/categories?post=27956"},{"taxonomy":"post_tag","embeddable":true,"href":"https:\/\/christusnews.de\/site\/wp-json\/wp\/v2\/tags?post=27956"}],"curies":[{"name":"wp","href":"https:\/\/api.w.org\/{rel}","templated":true}]}}