{"id":27962,"date":"2025-12-02T16:16:00","date_gmt":"2025-12-02T15:16:00","guid":{"rendered":"https:\/\/christusnews.de\/site\/mutig-stark-beherzt\/"},"modified":"2025-12-04T22:17:26","modified_gmt":"2025-12-04T21:17:26","slug":"mutig-stark-beherzt","status":"publish","type":"post","link":"https:\/\/christusnews.de\/site\/mutig-stark-beherzt\/","title":{"rendered":"Mutig \u2013 stark \u2013 beherzt"},"content":{"rendered":"<h3>Stiftungspreis Freiraum f\u00fcr Frauen 2025 verliehen<\/h3>\n<p>Die Stiftung \u201eEvangelische Frauen helfen Frauen\u201c hat in diesem Jahr zum dritten Mal den F\u00f6rderpreis \u201eFreiraum f\u00fcr Frauen\u201c f\u00fcr vorbildliche Frauenprojekte ausgeschrieben. Mit dem Freiraum-F\u00f6rderpreis zeichnet die Stiftung beispielhafte Projekte und Initiativen aus, die einen Beitrag zum Abbau der gesellschaftlichen Benachteiligung von Frauen leisten. F\u00fcr den F\u00f6rderpreis stellte die Stiftung eine Summe von 5.000 Euro zur Verf\u00fcgung.<\/p>\n<p>In Anlehnung an das Motto des Evangelischen Kirchentags 2025 \u201eMutig \u2013 stark \u2013 beherzt\u201c, wurden innovative, mutige und ermutigende, mit Herzblut initiierte Projekte insbesondere gegen Einsamkeit sowie aus dem Bereich der Gewaltpr\u00e4vention gesucht.<\/p>\n<p>Die Preisverleihung fand am 28. November \u2013 in der Woche des Internationalen Tages \u201eNein zur Gewalt an Frauen\u201c \u2013 in festlichem Rahmen im Kulturzentrum PFL in Oldenburg statt.<\/p>\n<p>Teilnahmeberechtigt waren evangelische und diakonische Tr\u00e4ger von Einrichtungen sowie Initiativen und Gruppen aus dem Raum der Ev.-Luth. Kirche in Oldenburg.<\/p>\n<p>Zur Jury geh\u00f6rten: Dr. Sarah Maria B\u00fcsing, Diakonie im Oldenburger Land; Anne Janssen, Bundestagsabgeordnete Jever; Hanna Naber, Pr\u00e4sidentin des Nieders\u00e4chsischen Landtag aus Oldenburg; Dr. Andrea Schrimm-Heins, Vorsitzende der Stiftung \u201eEv. Frauen helfen Frauen\u201c; und Renate Vossler, stellvertretende Gleichstellungsbeauftragte der Stadt Oldenburg.<\/p>\n<p>Der Preis wurde auf drei Projekte aufgeteilt:<\/p>\n<p><strong>Mutig<\/strong><br \/>Renate Vossler stellte die ersten Preistr\u00e4ger*innen vor. Der Queerfeministische Chor Oldenburg ist ein Safe_r Space, in dem Frauen* ihre Stimmen austesten und sich gemeinsam st\u00e4rken k\u00f6nnen. Der Chor stellt in vielerlei Weise einen Freiraum dar: einen Freiraum vom Stummsein, vom nicht Geh\u00f6rtwerden, vom Alleinsein. Der Chor ist aus einem Aktionschor entstanden, der anl\u00e4sslich des Internationalen Tages gegen Gewalt an Frauen (25.11.2024) Lieder einge\u00fcbt und diese in der Oldenburger Innenstadt als Flashmob aufgef\u00fchrt hat. Die Teilnehmenden wollten damit auch die Pr\u00e4senz und Stimmen von FLINTA*-Personen zu Geh\u00f6r bringen.&nbsp;<br \/>Da viele so angetan waren von dem gemeinsamen empowernden Singen und davon, die Kraft der eigenen Stimme zu sp\u00fcren und ihr Geh\u00f6r zu verschaffen, kreierten drei Frauen* aus dem Aktionschor einen sich regelm\u00e4\u00dfig treffenden Chor. Gerade auch trans* oder queere Personen freuen sich \u00fcber den Raum, in dem sie sich nicht verstellen m\u00fcssen, sondern einfach akzeptiert werden, wie sie sind.<\/p>\n<p><strong>Stark<\/strong><br \/>Anne Janssen hielt die Laudatio f\u00fcr das Projekt \u201eStarke Tage \u2013 ein Wochenende f\u00fcr dich\u201c. Das von Nicole Dylewski und Beate Schulte verantwortete Projekt ist ein besonderes Angebot f\u00fcr alleinerziehende Frauen mit Kinderbetreuung. Das Kooperationsprojekt des kirchlichen Diensts in der Arbeitswelt und der Evangelischen Frauenarbeit Oldenburg richtet sich gezielt an alleinerziehende Frauen, eine Gruppe, die in besonderem Ma\u00dfe gesellschaftlichen Herausforderungen ausgesetzt ist. Oft fehlt ihnen Zeit und Raum f\u00fcr sich selbst, da famili\u00e4re und berufliche Verpflichtungen kaum Freiraum lassen. Gleichzeitig sind sie \u00fcberdurchschnittlich von Altersarmut bedroht, nicht zuletzt durch h\u00e4ufige Teilzeitarbeit, unterbrochene Erwerbsbiografien und eine eingeschr\u00e4nkte finanzielle Absicherung.&nbsp;<br \/>Das Projekt \u201eStarke Tage\u201c soll alleinerziehenden Frauen einen gesch\u00fctzten Raum er\u00f6ffnen, in dem sie ihre aktuelle Lebenssituation reflektieren, neue Perspektiven entwickeln und Impulse f\u00fcr eine selbstbestimmte Zukunft erhalten k\u00f6nnen. Im Mittelpunkt steht dabei das Thema Altersvorsorge, erg\u00e4nzt durch inhaltliche Beitr\u00e4ge und praxisorientierte Workshops. Ziel ist es, Wissen zu vermitteln, das st\u00e4rkt, Handlungsm\u00f6glichkeiten aufzuzeigen und Selbstvertrauen zu f\u00f6rdern.<\/p>\n<p><strong>Beherzt<\/strong><br \/>Landtagspr\u00e4sidentin Hanna Naber ehrte das Projekt \u201eL\u00e4ndercaf\u00e9 in Apen\u201c. Seit April 2023 ist das L\u00e4ndercaf\u00e9 ein offener Begegnungsort im l\u00e4ndlichen Ammerland. Unter der Tr\u00e4gerschaft des Diakonischen Werkes Ammerland wurde es von der Ehrenamtlichen Mira Duhm initiiert.<br \/>Das L\u00e4ndercaf\u00e9 ist mehr als ein Treffpunkt: Es ist ein lebendiger Ort voller Kreativit\u00e4t, Herzlichkeit und Mitgestaltung. Es wird gemeinsam getanzt, gesungen und gebastelt. Auch lnformationsveranstaltungen (z. B. mit der Polizei oder Beratungsstellen) geh\u00f6ren zum Programm. Das Caf\u00e9 schafft einen Raum f\u00fcr interkulturellen Austausch, Teilhabe und gemeinsames Tun unabh\u00e4ngig von Herkunft, Religion oder Status auf Augenh\u00f6he.&nbsp;<br \/>Der zweimal j\u00e4hrlich stattfindende \u201eFrauenabend\u201c ist f\u00fcr viele Besucherinnen ein Highlight. Er verbindet Kulturen, schafft Freundschaften und zeigt, wie viel Lebensfreude entsteht, wenn Frauen aus aller Welt gemeinsam feiern. Die Frauenabende bieten einen gesch\u00fctzten Raum, einen Freiraum f\u00fcr die Frauen. Hier k\u00f6nnen sie sich ausdr\u00fccken, verbinden und st\u00e4rken. Frei von Druck, frei von m\u00e4nnlichen Blicken und frei von gesellschaftlichen Einschr\u00e4nkungen. Hier k\u00f6nnen die Frauen ganz sie selbst sein \u2013 mutig, stark, beherzt.<\/p>\n<p>Begleitet wurde die Veranstaltung musikalisch von einem hochkar\u00e4tigen Musikduo: Agnes Izdebska-Goraj, Geigerin am Staatstheater Oldenburg und der vielfach international ausgezeichnete Gitarrist Mateusz Goraj begeisterten das Publikum mit ihrer eindr\u00fccklichen Musik.<\/p>\n<p>Auch der Queerfeministische Chor pr\u00e4sentierte ein empowerndes Lied und lud bei einem zweiten Lied alle ein mitzusingen.<\/p>\n<p>Ganz besonders bereicherte auch Theresa Sperling aus Nordhorn, amtierende Poetry-Slam-Europameisterin, das Programm mit drei Poetry-Beitr\u00e4gen. In ihrem ersten Text ging es um h\u00e4usliche Gewalt. Der zweite Beitrag hatte den Titel \u201eWas ich meinen T\u00f6chtern nie sagen w\u00fcrde\u201c (zum Nachh\u00f6ren im Internet zu finden). &nbsp;Zum Schluss pr\u00e4sentierte sie einen ganz neuen Slam-Text \u201eJudging my body?\u201c, in dem es um ein positives Verh\u00e4ltnis zum Alter und zum eigenen) K\u00f6rper geht.<\/p>\n<p>&nbsp;<\/p>\n<p>Ende November wurde der Stiftungspreis \u201eFreiraum f\u00fcr Frauen\u201c 2025 verliehen.<\/p>\n<p>&nbsp;<\/p>\n<p>Stiftung \u201eEvangelische Frauen helfen Frauen\u201c<\/p>\n<p>Stiftung \u201eEvangelische Frauen helfen Frauen\u201c; Stiftungspreis; F\u00f6rderpreis \u201eFreiraum f\u00fcr Frauen\u201c; vorbildliche Frauenprojekte; Freiraum-F\u00f6rderpreis; Freiraum; F\u00f6rderpreis<br \/>&nbsp;<\/p>\n<p>Kirche-Oldenburg<br \/>\n<a href=\"https:\/\/www.kirche-oldenburg.de\/aktuelles\/detail\/mutig-stark-beherzt-1\" target=\"_blank\">Mutig \u2013 stark \u2013 beherzt<\/a><\/p>\n","protected":false},"excerpt":{"rendered":"<p>Stiftungspreis Freiraum f\u00fcr Frauen 2025 verliehen Die Stiftung \u201eEvangelische Frauen helfen Frauen\u201c hat in diesem Jahr zum dritten Mal den F\u00f6rderpreis \u201eFreiraum f\u00fcr Frauen\u201c f\u00fcr vorbildliche Frauenprojekte ausgeschrieben. Mit dem Freiraum-F\u00f6rderpreis zeichnet die Stiftung beispielhafte Projekte und Initiativen aus, die einen Beitrag zum Abbau der gesellschaftlichen Benachteiligung von Frauen leisten. F\u00fcr den F\u00f6rderpreis stellte die Stiftung eine Summe von 5.000 Euro zur Verf\u00fcgung. In Anlehnung an das Motto des Evangelischen Kirchentags 2025 \u201eMutig \u2013 stark \u2013 beherzt\u201c, wurden innovative, mutige und ermutigende, mit Herzblut initiierte Projekte insbesondere gegen Einsamkeit sowie aus dem Bereich der Gewaltpr\u00e4vention gesucht. Die Preisverleihung fand am&#8230;<\/p>\n","protected":false},"author":7,"featured_media":0,"comment_status":"false","ping_status":"open","sticky":false,"template":"","format":"standard","meta":{"footnotes":""},"categories":[43],"tags":[44],"class_list":["post-27962","post","type-post","status-publish","format-standard","hentry","category-kirche-oldenburg","tag-kirche-oldenburg"],"_links":{"self":[{"href":"https:\/\/christusnews.de\/site\/wp-json\/wp\/v2\/posts\/27962","targetHints":{"allow":["GET"]}}],"collection":[{"href":"https:\/\/christusnews.de\/site\/wp-json\/wp\/v2\/posts"}],"about":[{"href":"https:\/\/christusnews.de\/site\/wp-json\/wp\/v2\/types\/post"}],"author":[{"embeddable":true,"href":"https:\/\/christusnews.de\/site\/wp-json\/wp\/v2\/users\/7"}],"replies":[{"embeddable":true,"href":"https:\/\/christusnews.de\/site\/wp-json\/wp\/v2\/comments?post=27962"}],"version-history":[{"count":1,"href":"https:\/\/christusnews.de\/site\/wp-json\/wp\/v2\/posts\/27962\/revisions"}],"predecessor-version":[{"id":27963,"href":"https:\/\/christusnews.de\/site\/wp-json\/wp\/v2\/posts\/27962\/revisions\/27963"}],"wp:attachment":[{"href":"https:\/\/christusnews.de\/site\/wp-json\/wp\/v2\/media?parent=27962"}],"wp:term":[{"taxonomy":"category","embeddable":true,"href":"https:\/\/christusnews.de\/site\/wp-json\/wp\/v2\/categories?post=27962"},{"taxonomy":"post_tag","embeddable":true,"href":"https:\/\/christusnews.de\/site\/wp-json\/wp\/v2\/tags?post=27962"}],"curies":[{"name":"wp","href":"https:\/\/api.w.org\/{rel}","templated":true}]}}