{"id":27972,"date":"2025-12-12T12:00:00","date_gmt":"2025-12-12T11:00:00","guid":{"rendered":"https:\/\/christusnews.de\/site\/diakonie-vorstand-friedrich-ley-wechselt-zur-dachstiftung-diakonie\/"},"modified":"2025-12-12T22:17:21","modified_gmt":"2025-12-12T21:17:21","slug":"diakonie-vorstand-friedrich-ley-wechselt-zur-dachstiftung-diakonie","status":"publish","type":"post","link":"https:\/\/christusnews.de\/site\/diakonie-vorstand-friedrich-ley-wechselt-zur-dachstiftung-diakonie\/","title":{"rendered":"Diakonie-Vorstand Friedrich Ley wechselt zur Dachstiftung Diakonie"},"content":{"rendered":"<h3>Expertise, Klarheit und Engagement haben die Diakonie im Oldenburger Land nachhaltig vorangebracht<\/h3>\n<p>Pfarrer Dr. Friedrich Ley wird die Diakonie im Oldenburger Land zum 1. April 2026 verlassen. Er \u00fcbernimmt eine neue Aufgabe als Vorstand der Dachstiftung Diakonie in Hannover.<\/p>\n<p>\u201eIch habe meine Aufgabe hier mit gro\u00dfer \u00dcberzeugung ausge\u00fcbt. Gleichzeitig wurde der Wunsch immer st\u00e4rker, berufliche Verantwortung und famili\u00e4res Leben wieder an einem Ort vereinen zu k\u00f6nnen. Der Dachstiftung Diakonie f\u00fchle ich mich seit vielen Jahren verbunden. Es ist eine Ehre f\u00fcr mich, bei der Dachstiftung als Theologischer Vorstand Verantwortung \u00fcbernehmen zu d\u00fcrfen\u201c, so Ley, seit Anfang 2024 Theologischer &nbsp;Vorstand des Diakonischen Werks der Evangelisch-Lutherischen Kirche in Oldenburg.<\/p>\n<p>Der Vorsitzende des Aufsichtsrats des Diakonischen Werks im Oldenburger Land, Manfred Szuszies, w\u00fcrdigt die Arbeit von Friedrich Ley: \u201ePfarrer Dr. Ley hat in einer herausfordernden Zeit Verantwortung \u00fcbernommen und das Werk gemeinsam mit seinem Vorstandskollegen Mario Behrends und der gesamten Belegschaft erfolgreich durch wichtige Entwicklungen gef\u00fchrt. Seine Expertise, seine Klarheit und sein Engagement haben die Diakonie im Oldenburger Land nachhaltig vorangebracht. F\u00fcr diese gro\u00dfen Verdienste danken wir ihm sehr herzlich.\u201c<\/p>\n<p>Wie es im Werk nun weitergehe, sei bereits in Vorbereitung. In enger Abstimmung zwischen dem Diakonischen Werk und der Evangelisch-Lutherischen Kirche in Oldenburg werde eine Arbeitsgruppe eingerichtet, die die zuk\u00fcnftige Ausrichtung der Vorstandsstruktur pr\u00fcfe. Dazu geh\u00f6re auch die Frage, ob und in welcher Form die freiwerdende Position nachbesetzt werden soll.<\/p>\n<p>Oberkirchenrat Lars Dede, Mitglied des Aufsichtsrates und bei der oldenburgischen Kirche f\u00fcr den Bereich Diakonie zust\u00e4ndig, betont, \u201ePfarrer Dr. Friedrich Ley hat sich als Theologischer Vorstand gro\u00dfe Verdienste um das Diakonische Werk der Ev.-Luth. Kirche erworben. Seine gro\u00dfe fachliche Kompetenz, seine feste \u00dcberzeugung, dass das Wirken der Diakonie f\u00fcr die Menschen unverzichtbar ist, und nicht zuletzt sein pers\u00f6nlicher Einsatz haben das Diakonische Werk und unsere Kirche gepr\u00e4gt. Ich bedaure seine Entscheidung sehr und w\u00fcnsche ihm von Herzen Gottes Segen f\u00fcr seine neue Aufgabe.\u201c<\/p>\n<p>Friedrich Ley blickt dankbar auf seine Zeit im Oldenburger Land zur\u00fcck: \u201eDie Zusammenarbeit mit den Mitarbeitenden, die Offenheit im Austausch und das gro\u00dfe Engagement f\u00fcr die diakonische Arbeit haben mich tief beeindruckt und gepr\u00e4gt. F\u00fcr das Vertrauen und die vielen wertvollen Begegnungen bin ich sehr dankbar.\u201c<\/p>\n<p>Die Leitung des Diakonischen Werkes im Oldenburger Land wird bis zum 31. M\u00e4rz 2026 in der gewohnten Doppelspitze fortgef\u00fchrt.<\/p>\n<p>&nbsp;<\/p>\n<p>Kirche-Oldenburg<br \/>\n<a href=\"https:\/\/www.kirche-oldenburg.de\/aktuelles\/detail\/diakonie-vorstand-friedrich-ley-wechselt-zur-dachstiftung-diakonie\" target=\"_blank\">Diakonie-Vorstand Friedrich Ley wechselt zur Dachstiftung Diakonie<\/a><\/p>\n","protected":false},"excerpt":{"rendered":"<p>Expertise, Klarheit und Engagement haben die Diakonie im Oldenburger Land nachhaltig vorangebracht Pfarrer Dr. Friedrich Ley wird die Diakonie im Oldenburger Land zum 1. April 2026 verlassen. Er \u00fcbernimmt eine neue Aufgabe als Vorstand der Dachstiftung Diakonie in Hannover. \u201eIch habe meine Aufgabe hier mit gro\u00dfer \u00dcberzeugung ausge\u00fcbt. Gleichzeitig wurde der Wunsch immer st\u00e4rker, berufliche Verantwortung und famili\u00e4res Leben wieder an einem Ort vereinen zu k\u00f6nnen. Der Dachstiftung Diakonie f\u00fchle ich mich seit vielen Jahren verbunden. Es ist eine Ehre f\u00fcr mich, bei der Dachstiftung als Theologischer Vorstand Verantwortung \u00fcbernehmen zu d\u00fcrfen\u201c, so Ley, seit Anfang 2024 Theologischer &nbsp;Vorstand des&#8230;<\/p>\n","protected":false},"author":7,"featured_media":0,"comment_status":"false","ping_status":"open","sticky":false,"template":"","format":"standard","meta":{"footnotes":""},"categories":[43],"tags":[44],"class_list":["post-27972","post","type-post","status-publish","format-standard","hentry","category-kirche-oldenburg","tag-kirche-oldenburg"],"_links":{"self":[{"href":"https:\/\/christusnews.de\/site\/wp-json\/wp\/v2\/posts\/27972","targetHints":{"allow":["GET"]}}],"collection":[{"href":"https:\/\/christusnews.de\/site\/wp-json\/wp\/v2\/posts"}],"about":[{"href":"https:\/\/christusnews.de\/site\/wp-json\/wp\/v2\/types\/post"}],"author":[{"embeddable":true,"href":"https:\/\/christusnews.de\/site\/wp-json\/wp\/v2\/users\/7"}],"replies":[{"embeddable":true,"href":"https:\/\/christusnews.de\/site\/wp-json\/wp\/v2\/comments?post=27972"}],"version-history":[{"count":1,"href":"https:\/\/christusnews.de\/site\/wp-json\/wp\/v2\/posts\/27972\/revisions"}],"predecessor-version":[{"id":27973,"href":"https:\/\/christusnews.de\/site\/wp-json\/wp\/v2\/posts\/27972\/revisions\/27973"}],"wp:attachment":[{"href":"https:\/\/christusnews.de\/site\/wp-json\/wp\/v2\/media?parent=27972"}],"wp:term":[{"taxonomy":"category","embeddable":true,"href":"https:\/\/christusnews.de\/site\/wp-json\/wp\/v2\/categories?post=27972"},{"taxonomy":"post_tag","embeddable":true,"href":"https:\/\/christusnews.de\/site\/wp-json\/wp\/v2\/tags?post=27972"}],"curies":[{"name":"wp","href":"https:\/\/api.w.org\/{rel}","templated":true}]}}