{"id":27976,"date":"2025-12-15T15:24:43","date_gmt":"2025-12-15T14:24:43","guid":{"rendered":"https:\/\/christusnews.de\/site\/ein-funke-mut-den-braucht-es-manchmal-um-einen-ersten-schritt-zu-wagen-um-etwas-neues-zu-probieren-ein-funke-mut-kann-der-anfang-von-etwas-grossem-sein-ein-funke-mut\/"},"modified":"2025-12-15T22:17:20","modified_gmt":"2025-12-15T21:17:20","slug":"ein-funke-mut-den-braucht-es-manchmal-um-einen-ersten-schritt-zu-wagen-um-etwas-neues-zu-probieren-ein-funke-mut-kann-der-anfang-von-etwas-grossem-sein-ein-funke-mut","status":"publish","type":"post","link":"https:\/\/christusnews.de\/site\/ein-funke-mut-den-braucht-es-manchmal-um-einen-ersten-schritt-zu-wagen-um-etwas-neues-zu-probieren-ein-funke-mut-kann-der-anfang-von-etwas-grossem-sein-ein-funke-mut\/","title":{"rendered":"Ein Funke Mut \u2013 den braucht es manchmal. Um einen ersten Schritt zu wagen. Um etwas Neues zu probieren. Ein Funke Mut kann der Anfang von etwas Gro\u00dfem sein.\n\n&quot;Ein Funke Mut&quot; \u2013 das ist in diesem Jahr das Motto f\u00fcr das Friedenslicht aus Bethlehem. Von Hand zu Hand geben wir es weiter. Als Mutmach-Zeichen in dunklen Zeiten: Auch du tr\u00e4gst etwas dazu bei, dass unsere Welt ein St\u00fcck heller wird. Weil jeder Funke z\u00e4hlt.\n\nAm Mittwoch in der Abendstille k\u00f6nnt ihr das Friedenslicht mitnehmen. Bringt daf\u00fcr am besten eine Laterne mit, in der ihr die Flamme weitertragt."},"content":{"rendered":"<p>Ein Funke Mut \u2013 den braucht es manchmal. Um einen ersten Schritt zu wagen. Um etwas Neues zu probieren. Ein Funke Mut kann der Anfang von etwas Gro\u00dfem sein.<\/p>\n<p>&#8220;Ein Funke Mut&#8221; \u2013 das ist in diesem Jahr das Motto f\u00fcr das Friedenslicht aus Bethlehem. Von Hand zu Hand geben wir es weiter. Als Mutmach-Zeichen in dunklen Zeiten: Auch du tr\u00e4gst etwas dazu bei, dass unsere Welt ein St\u00fcck heller wird. Weil jeder Funke z\u00e4hlt.<\/p>\n<p>Am Mittwoch in der Abendstille k\u00f6nnt ihr das Friedenslicht mitnehmen. Bringt daf\u00fcr am besten eine Laterne mit, in der ihr die Flamme weitertragt.<br \/>\nHAVENKIRCHE@FB<br \/>\n<a href=\"https:\/\/www.facebook.com\/396185572708352\/posts\/1189370483389853\" target=\"_blank\">Ein Funke Mut \u2013 den braucht es manchmal. Um einen ersten Schritt zu wagen. Um etwas Neues zu probieren. Ein Funke Mut kann der Anfang von etwas Gro\u00dfem sein.<\/p>\n<p>&quot;Ein Funke Mut&quot; \u2013 das ist in diesem Jahr das Motto f\u00fcr das Friedenslicht aus Bethlehem. Von Hand zu Hand geben wir es weiter. Als Mutmach-Zeichen in dunklen Zeiten: Auch du tr\u00e4gst etwas dazu bei, dass unsere Welt ein St\u00fcck heller wird. Weil jeder Funke z\u00e4hlt.<\/p>\n<p>Am Mittwoch in der Abendstille k\u00f6nnt ihr das Friedenslicht mitnehmen. Bringt daf\u00fcr am besten eine Laterne mit, in der ihr die Flamme weitertragt.<\/a><\/p>\n","protected":false},"excerpt":{"rendered":"<p>Ein Funke Mut \u2013 den braucht es manchmal. Um einen ersten Schritt zu wagen. Um etwas Neues zu probieren. Ein Funke Mut kann der Anfang von etwas Gro\u00dfem sein. &#8220;Ein Funke Mut&#8221; \u2013 das ist in diesem Jahr das Motto f\u00fcr das Friedenslicht aus Bethlehem. Von Hand zu Hand geben wir es weiter. Als Mutmach-Zeichen in dunklen Zeiten: Auch du tr\u00e4gst etwas dazu bei, dass unsere Welt ein St\u00fcck heller wird. Weil jeder Funke z\u00e4hlt. Am Mittwoch in der Abendstille k\u00f6nnt ihr das Friedenslicht mitnehmen. Bringt daf\u00fcr am besten eine Laterne mit, in der ihr die Flamme weitertragt. HAVENKIRCHE@FB Ein&#8230;<\/p>\n","protected":false},"author":6,"featured_media":0,"comment_status":"false","ping_status":"open","sticky":false,"template":"","format":"standard","meta":{"footnotes":""},"categories":[75],"tags":[76],"class_list":["post-27976","post","type-post","status-publish","format-standard","hentry","category-havenkirche","tag-havenkirche"],"_links":{"self":[{"href":"https:\/\/christusnews.de\/site\/wp-json\/wp\/v2\/posts\/27976","targetHints":{"allow":["GET"]}}],"collection":[{"href":"https:\/\/christusnews.de\/site\/wp-json\/wp\/v2\/posts"}],"about":[{"href":"https:\/\/christusnews.de\/site\/wp-json\/wp\/v2\/types\/post"}],"author":[{"embeddable":true,"href":"https:\/\/christusnews.de\/site\/wp-json\/wp\/v2\/users\/6"}],"replies":[{"embeddable":true,"href":"https:\/\/christusnews.de\/site\/wp-json\/wp\/v2\/comments?post=27976"}],"version-history":[{"count":1,"href":"https:\/\/christusnews.de\/site\/wp-json\/wp\/v2\/posts\/27976\/revisions"}],"predecessor-version":[{"id":27977,"href":"https:\/\/christusnews.de\/site\/wp-json\/wp\/v2\/posts\/27976\/revisions\/27977"}],"wp:attachment":[{"href":"https:\/\/christusnews.de\/site\/wp-json\/wp\/v2\/media?parent=27976"}],"wp:term":[{"taxonomy":"category","embeddable":true,"href":"https:\/\/christusnews.de\/site\/wp-json\/wp\/v2\/categories?post=27976"},{"taxonomy":"post_tag","embeddable":true,"href":"https:\/\/christusnews.de\/site\/wp-json\/wp\/v2\/tags?post=27976"}],"curies":[{"name":"wp","href":"https:\/\/api.w.org\/{rel}","templated":true}]}}