{"id":27992,"date":"2025-12-24T23:08:00","date_gmt":"2025-12-24T22:08:00","guid":{"rendered":"https:\/\/christusnews.de\/site\/weihnachtspredigt-von-bischof-thomas-adomeit-gottes-naehe-stiftet-frieden\/"},"modified":"2025-12-25T10:17:19","modified_gmt":"2025-12-25T09:17:19","slug":"weihnachtspredigt-von-bischof-thomas-adomeit-gottes-naehe-stiftet-frieden","status":"publish","type":"post","link":"https:\/\/christusnews.de\/site\/weihnachtspredigt-von-bischof-thomas-adomeit-gottes-naehe-stiftet-frieden\/","title":{"rendered":"Weihnachtspredigt von Bischof Thomas Adomeit: Gottes N\u00e4he stiftet Frieden"},"content":{"rendered":"<h3>Gott hat sich aufgemacht zu den Menschen<\/h3>\n<p>Gott habe sich aufgemacht zu den Menschen, er bleibe nicht auf Distanz, sondern sei zum Anfassen nah, betonte Bischof Thomas Adomeit in seiner Weihnachtspredigt. Das sei der Kern der Heiligen Nacht. \u201eGott kommt nicht als Idee. Nicht als moralischer Appell. Sondern als Kind. In Windeln. In einer Krippe. Verletzlich. Angewiesen. Zum Anfassen nah\u201c, so der Bischof der Ev.-Luth. Kirche in Oldenburg in der Christnacht in der Oldenburger St. Lamberti-Kirche.<\/p>\n<p>Die Weihnachtsbotschaft ruf laut Bischof Adomeit dazu auf, sich zu freuen \u2013 mitten in einer Welt, die so laut sei in ihren Konflikten, in ihren Sorgen, in ihrer H\u00e4rte \u2013 mitten in einer Gesellschaft, in der der Ton rauer werde. Mit Gott beginne eine andere Wirklichkeit als die, \u201edie wir uns gegenseitig einreden: dass am Ende doch die Lauten gewinnen, die R\u00fccksichtslosen, die Zyniker, die Menschenver\u00e4chter.\u201c<\/p>\n<p><strong>Es bietet sich an, einander zuzuh\u00f6ren, Meinungen zu h\u00f6ren<\/strong><br \/>Das Miteinander der Menschen stehe unter Druck. Gespr\u00e4che kippten, Worte w\u00fcrden hart, Menschen z\u00f6gen sich zur\u00fcck \u2013 aus Angst, aus M\u00fcdigkeit, aus Trotz. Gerade an Heiligabend und den folgenden Feiertagen b\u00f6te es sich an, einander zuzuh\u00f6ren, Meinungen zu h\u00f6ren. \u201eUnser gemeinsames Haus braucht Pflege\u201c, so Adomeit.<\/p>\n<p>Christinnen und Christen d\u00fcrften nicht verstummen und seien gefragt \u2013 am K\u00fcchentisch, in der Nachbarschaft, im Verein, im Kollegenkreis, auch in der \u00d6ffentlichkeit. \u201eNicht mit erhobenem Zeigefinger, sondern mit Haltung: klar gegen Menschenverachtung, Ausgrenzung, klar positioniert f\u00fcr unsere Ordnungen, die uns den Frieden der letzten Jahre erm\u00f6glicht haben \u2013 und offen f\u00fcr das Gespr\u00e4ch\u201c, sagte Bischof Thomas Adomeit in seiner Weihnachtspredigt.<\/p>\n<p><strong>Gott kommt den Menschen entgegen und seine N\u00e4he stiftet Frieden<\/strong><br \/>Weihnachten sei der Moment, in dem sich die Menschen neu zusagen lassen k\u00f6nnten: \u201eNicht alles liegt in unserer Hand. Aber wir sind nicht allein. Nicht wir m\u00fcssen die Welt retten. Aber wir d\u00fcrfen Licht weitergeben.\u201c Gott komme den Menschen entgegen und seine N\u00e4he stifte Frieden\u201c, so der Oldenburger Bischof.<\/p>\n<p>Musikalisch gestaltet wurde der Gottesdienst vom Auswahlchor des Posaunenwerkes der Ev.-Luth. Kirche in Oldenburg unter Leitung von Landesposaunenwart Christian Strohmann und Dr. Michael Jonas (Orgel).<\/p>\n<p><strong>Hier &nbsp;finden Sie den vollen <\/strong><a href=\"https:\/\/www.kirche-oldenburg.de\/fileadmin\/elkio\/presse\/2025\/downloads\/2025-12-24-Christmette-Adomeit.pdf\"><strong>Wortlaut der Weihnachtspredigt<\/strong><\/a><strong> von Bischof Thomas Adomeit im Format PDF.<\/strong><br \/>&nbsp;<\/p>\n<p>Kirche-Oldenburg<br \/>\n<a href=\"https:\/\/www.kirche-oldenburg.de\/aktuelles\/detail\/weihnachtspredigt-von-bischof-thomas-adomeit-gottes-naehe-stiftet-frieden\" target=\"_blank\">Weihnachtspredigt von Bischof Thomas Adomeit: Gottes N\u00e4he stiftet Frieden<\/a><\/p>\n","protected":false},"excerpt":{"rendered":"<p>Gott hat sich aufgemacht zu den Menschen Gott habe sich aufgemacht zu den Menschen, er bleibe nicht auf Distanz, sondern sei zum Anfassen nah, betonte Bischof Thomas Adomeit in seiner Weihnachtspredigt. Das sei der Kern der Heiligen Nacht. \u201eGott kommt nicht als Idee. Nicht als moralischer Appell. Sondern als Kind. In Windeln. In einer Krippe. Verletzlich. Angewiesen. Zum Anfassen nah\u201c, so der Bischof der Ev.-Luth. Kirche in Oldenburg in der Christnacht in der Oldenburger St. Lamberti-Kirche. Die Weihnachtsbotschaft ruf laut Bischof Adomeit dazu auf, sich zu freuen \u2013 mitten in einer Welt, die so laut sei in ihren Konflikten, in&#8230;<\/p>\n","protected":false},"author":7,"featured_media":0,"comment_status":"false","ping_status":"open","sticky":false,"template":"","format":"standard","meta":{"footnotes":""},"categories":[43],"tags":[44],"class_list":["post-27992","post","type-post","status-publish","format-standard","hentry","category-kirche-oldenburg","tag-kirche-oldenburg"],"_links":{"self":[{"href":"https:\/\/christusnews.de\/site\/wp-json\/wp\/v2\/posts\/27992","targetHints":{"allow":["GET"]}}],"collection":[{"href":"https:\/\/christusnews.de\/site\/wp-json\/wp\/v2\/posts"}],"about":[{"href":"https:\/\/christusnews.de\/site\/wp-json\/wp\/v2\/types\/post"}],"author":[{"embeddable":true,"href":"https:\/\/christusnews.de\/site\/wp-json\/wp\/v2\/users\/7"}],"replies":[{"embeddable":true,"href":"https:\/\/christusnews.de\/site\/wp-json\/wp\/v2\/comments?post=27992"}],"version-history":[{"count":1,"href":"https:\/\/christusnews.de\/site\/wp-json\/wp\/v2\/posts\/27992\/revisions"}],"predecessor-version":[{"id":27993,"href":"https:\/\/christusnews.de\/site\/wp-json\/wp\/v2\/posts\/27992\/revisions\/27993"}],"wp:attachment":[{"href":"https:\/\/christusnews.de\/site\/wp-json\/wp\/v2\/media?parent=27992"}],"wp:term":[{"taxonomy":"category","embeddable":true,"href":"https:\/\/christusnews.de\/site\/wp-json\/wp\/v2\/categories?post=27992"},{"taxonomy":"post_tag","embeddable":true,"href":"https:\/\/christusnews.de\/site\/wp-json\/wp\/v2\/tags?post=27992"}],"curies":[{"name":"wp","href":"https:\/\/api.w.org\/{rel}","templated":true}]}}