{"id":28014,"date":"2026-01-09T15:21:50","date_gmt":"2026-01-09T14:21:50","guid":{"rendered":"https:\/\/christusnews.de\/site\/heute-haben-wir-abschied-genommen-von-pastor-ralf-feesche-mit-einer-trauerfeier-in-der-heppenser-kirche-hier-begann-sein-weg-zum-pastor-mit-seiner-ausbildung-vikariat-1984-anschliessend-fuehrt-se\/"},"modified":"2026-01-09T22:17:31","modified_gmt":"2026-01-09T21:17:31","slug":"heute-haben-wir-abschied-genommen-von-pastor-ralf-feesche-mit-einer-trauerfeier-in-der-heppenser-kirche-hier-begann-sein-weg-zum-pastor-mit-seiner-ausbildung-vikariat-1984-anschliessend-fuehrt-se","status":"publish","type":"post","link":"https:\/\/christusnews.de\/site\/heute-haben-wir-abschied-genommen-von-pastor-ralf-feesche-mit-einer-trauerfeier-in-der-heppenser-kirche-hier-begann-sein-weg-zum-pastor-mit-seiner-ausbildung-vikariat-1984-anschliessend-fuehrt-se\/","title":{"rendered":"Heute haben wir Abschied genommen von Pastor Ralf Feesche mit einer Trauerfeier in der Heppenser Kirche. \nHier begann sein Weg zum Pastor mit seiner Ausbildung (Vikariat) 1984. Anschlie\u00dfend f\u00fchrt sein Weg nach Fedderwardergroden. \u00dcber vier Jahrzehnte wirkte er dort segensreich. Eng verbunden mit den Menschen, dem Stadtteil und besonders der Friedenkirche. Bischof Thomas Adomeit w\u00fcrdigte ihn als  einen Pastor, der sich Zeit f\u00fcr die Menschen genommen hat und der als Seelsorger mit gro\u00dfer Herzlichkeit und Humor in Erinnerung bleiben wird. \nZum Abschied spielte Weggef\u00e4hrte und Havenkirchenorganist Florian Bargen: &quot;F\u00fcr mich solls rote Rosen regnen.&quot; Das war der Wunsch von Ralf, dem Rosenliebhaber und Fan von Hildegard Knef. 35 Rosen erinnerten an die Jahre mit seinem Ehemann Udo. \nPastorin Meike von Fintel erinnerte daran, dass Rosen bl\u00fchen und f\u00fcr das Sch\u00f6ne im Leben stehen. Aber auch Dornen tragen. Besonders die letzten Jahre h\u00e4tten an Leib und Seele gekratzt. Nach einem Sturz 2021 war Ralf Feesche pflegebed\u00fcrftig und lebte in einem Heim. Am 9. Dezember verstarb er im Alter von 67 Jahren. \n\nDas Pfarrteam der Havenkirche trauert um einen gesch\u00e4tzten Weggef\u00e4hrten aus dem Stadtnorden und w\u00fcnscht dem hinterbliebenen Ehemann viel Kraft und Trost. \n\n#abschied #trauer #kircheoldenburg #kircheammeer"},"content":{"rendered":"<p>Heute haben wir Abschied genommen von Pastor Ralf Feesche mit einer Trauerfeier in der Heppenser Kirche.<br \/>\nHier begann sein Weg zum Pastor mit seiner Ausbildung (Vikariat) 1984. Anschlie\u00dfend f\u00fchrt sein Weg nach Fedderwardergroden. \u00dcber vier Jahrzehnte wirkte er dort segensreich. Eng verbunden mit den Menschen, dem Stadtteil und besonders der Friedenkirche. Bischof Thomas Adomeit w\u00fcrdigte ihn als  einen Pastor, der sich Zeit f\u00fcr die Menschen genommen hat und der als Seelsorger mit gro\u00dfer Herzlichkeit und Humor in Erinnerung bleiben wird.<br \/>\nZum Abschied spielte Weggef\u00e4hrte und Havenkirchenorganist Florian Bargen: &#8220;F\u00fcr mich solls rote Rosen regnen.&#8221; Das war der Wunsch von Ralf, dem Rosenliebhaber und Fan von Hildegard Knef. 35 Rosen erinnerten an die Jahre mit seinem Ehemann Udo.<br \/>\nPastorin Meike von Fintel erinnerte daran, dass Rosen bl\u00fchen und f\u00fcr das Sch\u00f6ne im Leben stehen. Aber auch Dornen tragen. Besonders die letzten Jahre h\u00e4tten an Leib und Seele gekratzt. Nach einem Sturz 2021 war Ralf Feesche pflegebed\u00fcrftig und lebte in einem Heim. Am 9. Dezember verstarb er im Alter von 67 Jahren. <\/p>\n<p>Das Pfarrteam der Havenkirche trauert um einen gesch\u00e4tzten Weggef\u00e4hrten aus dem Stadtnorden und w\u00fcnscht dem hinterbliebenen Ehemann viel Kraft und Trost. <\/p>\n<p>#abschied #trauer #kircheoldenburg #kircheammeer<br \/>\nHAVENKIRCHE@FB<br \/>\n<a href=\"https:\/\/www.facebook.com\/396185572708352\/posts\/1210320484628186\" target=\"_blank\">Heute haben wir Abschied genommen von Pastor Ralf Feesche mit einer Trauerfeier in der Heppenser Kirche.<br \/>\nHier begann sein Weg zum Pastor mit seiner Ausbildung (Vikariat) 1984. Anschlie\u00dfend f\u00fchrt sein Weg nach Fedderwardergroden. \u00dcber vier Jahrzehnte wirkte er dort segensreich. Eng verbunden mit den Menschen, dem Stadtteil und besonders der Friedenkirche. Bischof Thomas Adomeit w\u00fcrdigte ihn als  einen Pastor, der sich Zeit f\u00fcr die Menschen genommen hat und der als Seelsorger mit gro\u00dfer Herzlichkeit und Humor in Erinnerung bleiben wird.<br \/>\nZum Abschied spielte Weggef\u00e4hrte und Havenkirchenorganist Florian Bargen: &quot;F\u00fcr mich solls rote Rosen regnen.&quot; Das war der Wunsch von Ralf, dem Rosenliebhaber und Fan von Hildegard Knef. 35 Rosen erinnerten an die Jahre mit seinem Ehemann Udo.<br \/>\nPastorin Meike von Fintel erinnerte daran, dass Rosen bl\u00fchen und f\u00fcr das Sch\u00f6ne im Leben stehen. Aber auch Dornen tragen. Besonders die letzten Jahre h\u00e4tten an Leib und Seele gekratzt. Nach einem Sturz 2021 war Ralf Feesche pflegebed\u00fcrftig und lebte in einem Heim. Am 9. Dezember verstarb er im Alter von 67 Jahren. <\/p>\n<p>Das Pfarrteam der Havenkirche trauert um einen gesch\u00e4tzten Weggef\u00e4hrten aus dem Stadtnorden und w\u00fcnscht dem hinterbliebenen Ehemann viel Kraft und Trost. <\/p>\n<p>#abschied #trauer #kircheoldenburg #kircheammeer<\/a><\/p>\n","protected":false},"excerpt":{"rendered":"<p>Heute haben wir Abschied genommen von Pastor Ralf Feesche mit einer Trauerfeier in der Heppenser Kirche. Hier begann sein Weg zum Pastor mit seiner Ausbildung (Vikariat) 1984. Anschlie\u00dfend f\u00fchrt sein Weg nach Fedderwardergroden. \u00dcber vier Jahrzehnte wirkte er dort segensreich. Eng verbunden mit den Menschen, dem Stadtteil und besonders der Friedenkirche. Bischof Thomas Adomeit w\u00fcrdigte ihn als einen Pastor, der sich Zeit f\u00fcr die Menschen genommen hat und der als Seelsorger mit gro\u00dfer Herzlichkeit und Humor in Erinnerung bleiben wird. Zum Abschied spielte Weggef\u00e4hrte und Havenkirchenorganist Florian Bargen: &#8220;F\u00fcr mich solls rote Rosen regnen.&#8221; Das war der Wunsch von Ralf,&#8230;<\/p>\n","protected":false},"author":6,"featured_media":0,"comment_status":"false","ping_status":"open","sticky":false,"template":"","format":"standard","meta":{"footnotes":""},"categories":[75],"tags":[76],"class_list":["post-28014","post","type-post","status-publish","format-standard","hentry","category-havenkirche","tag-havenkirche"],"_links":{"self":[{"href":"https:\/\/christusnews.de\/site\/wp-json\/wp\/v2\/posts\/28014","targetHints":{"allow":["GET"]}}],"collection":[{"href":"https:\/\/christusnews.de\/site\/wp-json\/wp\/v2\/posts"}],"about":[{"href":"https:\/\/christusnews.de\/site\/wp-json\/wp\/v2\/types\/post"}],"author":[{"embeddable":true,"href":"https:\/\/christusnews.de\/site\/wp-json\/wp\/v2\/users\/6"}],"replies":[{"embeddable":true,"href":"https:\/\/christusnews.de\/site\/wp-json\/wp\/v2\/comments?post=28014"}],"version-history":[{"count":1,"href":"https:\/\/christusnews.de\/site\/wp-json\/wp\/v2\/posts\/28014\/revisions"}],"predecessor-version":[{"id":28015,"href":"https:\/\/christusnews.de\/site\/wp-json\/wp\/v2\/posts\/28014\/revisions\/28015"}],"wp:attachment":[{"href":"https:\/\/christusnews.de\/site\/wp-json\/wp\/v2\/media?parent=28014"}],"wp:term":[{"taxonomy":"category","embeddable":true,"href":"https:\/\/christusnews.de\/site\/wp-json\/wp\/v2\/categories?post=28014"},{"taxonomy":"post_tag","embeddable":true,"href":"https:\/\/christusnews.de\/site\/wp-json\/wp\/v2\/tags?post=28014"}],"curies":[{"name":"wp","href":"https:\/\/api.w.org\/{rel}","templated":true}]}}