{"id":28032,"date":"2026-01-22T19:00:11","date_gmt":"2026-01-22T18:00:11","guid":{"rendered":"https:\/\/christusnews.de\/site\/demonstration-und-gedenken-an-die-opfer-staatliche-gewalt-im-iran-am-samstag-24-januar-2026-um-1600-uhr-findet-auf-dem-valoisplatz-eine-kundgebung-mit-anschliessenden-schweigemomenten-statt-mens\/"},"modified":"2026-01-22T22:17:21","modified_gmt":"2026-01-22T21:17:21","slug":"demonstration-und-gedenken-an-die-opfer-staatliche-gewalt-im-iran-am-samstag-24-januar-2026-um-1600-uhr-findet-auf-dem-valoisplatz-eine-kundgebung-mit-anschliessenden-schweigemomenten-statt-mens","status":"publish","type":"post","link":"https:\/\/christusnews.de\/site\/demonstration-und-gedenken-an-die-opfer-staatliche-gewalt-im-iran-am-samstag-24-januar-2026-um-1600-uhr-findet-auf-dem-valoisplatz-eine-kundgebung-mit-anschliessenden-schweigemomenten-statt-mens\/","title":{"rendered":"Demonstration und Gedenken an die Opfer staatliche Gewalt im Iran.\nAm Samstag, 24. Januar 2026 um 16:00 Uhr findet auf dem Valoisplatz eine  Kundgebung mit anschlie\u00dfenden Schweigemomenten statt. Menschen iranischer Herkunft laden ein, die schon lange in Wilhelmshaven leben. Sie alle haben Menschen im Iran, die im Augenblick von der Gewalt betroffen sind. Alle haben Angst und Bef\u00fcrchtungen um ihre Angeh\u00f6rigen.\nMit dieser Solidarit\u00e4tskundgebung  soll auch daran erinnert werden, dass schon seit 47 Jahren das iranische Volk unter diesem Regime leidet.\nSeit 47 Jahren unterst\u00fctzt das Regime die Erschaffung terroristischer Gruppen in verschiedenen Teilen der Welt.\nBei den derzeitigen Protesten und Kundgebungen im Iran sind wahrscheinlich mehrere 10.000 Menschen umgebracht und hingerichtet worden. Die Organisatoren sagen, Schweigen gegen\u00fcber Unterdr\u00fcckung ist selbst eine Form der Unterdr\u00fcckung. Deswegen laden sie zu dieser Demonstration ein"},"content":{"rendered":"<p>Demonstration und Gedenken an die Opfer staatliche Gewalt im Iran.<br \/>\nAm Samstag, 24. Januar 2026 um 16:00 Uhr findet auf dem Valoisplatz eine  Kundgebung mit anschlie\u00dfenden Schweigemomenten statt. Menschen iranischer Herkunft laden ein, die schon lange in Wilhelmshaven leben. Sie alle haben Menschen im Iran, die im Augenblick von der Gewalt betroffen sind. Alle haben Angst und Bef\u00fcrchtungen um ihre Angeh\u00f6rigen.<br \/>\nMit dieser Solidarit\u00e4tskundgebung  soll auch daran erinnert werden, dass schon seit 47 Jahren das iranische Volk unter diesem Regime leidet.<br \/>\nSeit 47 Jahren unterst\u00fctzt das Regime die Erschaffung terroristischer Gruppen in verschiedenen Teilen der Welt.<br \/>\nBei den derzeitigen Protesten und Kundgebungen im Iran sind wahrscheinlich mehrere 10.000 Menschen umgebracht und hingerichtet worden. Die Organisatoren sagen, Schweigen gegen\u00fcber Unterdr\u00fcckung ist selbst eine Form der Unterdr\u00fcckung. Deswegen laden sie zu dieser Demonstration ein<br \/>\nHAVENKIRCHE@FB<br \/>\n<a href=\"https:\/\/www.facebook.com\/396185572708352\/posts\/1221652593494975\" target=\"_blank\">Demonstration und Gedenken an die Opfer staatliche Gewalt im Iran.<br \/>\nAm Samstag, 24. Januar 2026 um 16:00 Uhr findet auf dem Valoisplatz eine  Kundgebung mit anschlie\u00dfenden Schweigemomenten statt. Menschen iranischer Herkunft laden ein, die schon lange in Wilhelmshaven leben. Sie alle haben Menschen im Iran, die im Augenblick von der Gewalt betroffen sind. Alle haben Angst und Bef\u00fcrchtungen um ihre Angeh\u00f6rigen.<br \/>\nMit dieser Solidarit\u00e4tskundgebung  soll auch daran erinnert werden, dass schon seit 47 Jahren das iranische Volk unter diesem Regime leidet.<br \/>\nSeit 47 Jahren unterst\u00fctzt das Regime die Erschaffung terroristischer Gruppen in verschiedenen Teilen der Welt.<br \/>\nBei den derzeitigen Protesten und Kundgebungen im Iran sind wahrscheinlich mehrere 10.000 Menschen umgebracht und hingerichtet worden. Die Organisatoren sagen, Schweigen gegen\u00fcber Unterdr\u00fcckung ist selbst eine Form der Unterdr\u00fcckung. Deswegen laden sie zu dieser Demonstration ein<\/a><\/p>\n","protected":false},"excerpt":{"rendered":"<p>Demonstration und Gedenken an die Opfer staatliche Gewalt im Iran. Am Samstag, 24. Januar 2026 um 16:00 Uhr findet auf dem Valoisplatz eine Kundgebung mit anschlie\u00dfenden Schweigemomenten statt. Menschen iranischer Herkunft laden ein, die schon lange in Wilhelmshaven leben. Sie alle haben Menschen im Iran, die im Augenblick von der Gewalt betroffen sind. Alle haben Angst und Bef\u00fcrchtungen um ihre Angeh\u00f6rigen. Mit dieser Solidarit\u00e4tskundgebung soll auch daran erinnert werden, dass schon seit 47 Jahren das iranische Volk unter diesem Regime leidet. Seit 47 Jahren unterst\u00fctzt das Regime die Erschaffung terroristischer Gruppen in verschiedenen Teilen der Welt. Bei den derzeitigen Protesten&#8230;<\/p>\n","protected":false},"author":6,"featured_media":0,"comment_status":"false","ping_status":"open","sticky":false,"template":"","format":"standard","meta":{"footnotes":""},"categories":[75],"tags":[76],"class_list":["post-28032","post","type-post","status-publish","format-standard","hentry","category-havenkirche","tag-havenkirche"],"_links":{"self":[{"href":"https:\/\/christusnews.de\/site\/wp-json\/wp\/v2\/posts\/28032","targetHints":{"allow":["GET"]}}],"collection":[{"href":"https:\/\/christusnews.de\/site\/wp-json\/wp\/v2\/posts"}],"about":[{"href":"https:\/\/christusnews.de\/site\/wp-json\/wp\/v2\/types\/post"}],"author":[{"embeddable":true,"href":"https:\/\/christusnews.de\/site\/wp-json\/wp\/v2\/users\/6"}],"replies":[{"embeddable":true,"href":"https:\/\/christusnews.de\/site\/wp-json\/wp\/v2\/comments?post=28032"}],"version-history":[{"count":1,"href":"https:\/\/christusnews.de\/site\/wp-json\/wp\/v2\/posts\/28032\/revisions"}],"predecessor-version":[{"id":28033,"href":"https:\/\/christusnews.de\/site\/wp-json\/wp\/v2\/posts\/28032\/revisions\/28033"}],"wp:attachment":[{"href":"https:\/\/christusnews.de\/site\/wp-json\/wp\/v2\/media?parent=28032"}],"wp:term":[{"taxonomy":"category","embeddable":true,"href":"https:\/\/christusnews.de\/site\/wp-json\/wp\/v2\/categories?post=28032"},{"taxonomy":"post_tag","embeddable":true,"href":"https:\/\/christusnews.de\/site\/wp-json\/wp\/v2\/tags?post=28032"}],"curies":[{"name":"wp","href":"https:\/\/api.w.org\/{rel}","templated":true}]}}