{"id":28036,"date":"2026-01-22T02:06:00","date_gmt":"2026-01-22T01:06:00","guid":{"rendered":"https:\/\/christusnews.de\/site\/dirk-von-jutrczenka-uebernimmt-pfarrstelle-fuer-oekumene-ethik-und-weltanschauung\/"},"modified":"2026-01-23T22:17:46","modified_gmt":"2026-01-23T21:17:46","slug":"dirk-von-jutrczenka-uebernimmt-pfarrstelle-fuer-oekumene-ethik-und-weltanschauung","status":"publish","type":"post","link":"https:\/\/christusnews.de\/site\/dirk-von-jutrczenka-uebernimmt-pfarrstelle-fuer-oekumene-ethik-und-weltanschauung\/","title":{"rendered":"Dirk von Jutrczenka \u00fcbernimmt Pfarrstelle f\u00fcr \u00d6kumene, Ethik und Weltanschauung"},"content":{"rendered":"<p>Seit Anfang des Jahres hat Pfarrer Dirk von Jutrczenka die Pfarrstelle f\u00fcr \u00d6kumene, Ethik und Weltanschauung der Evangelisch-Lutherischen Kirche in Oldenburg inne. Die Pfarrstelle ist dem B\u00fcro von Bischof Thomas Adomeit zugeordnet. Dirk von Jutrczenka ist Nachfolger von Pfarrer Olaf Grobleben, der im April 2024 in den Ruhestand verabschiedet worden ist.<\/p>\n<p>\u201eWir befinden uns mitten in vielf\u00e4ltigen und tiefgreifenden Ver\u00e4nderungsprozessen\u201c, betont von Jutrczenka. Er freue sich auf die neue Stelle, die unterschiedliche Arbeitsfelder gesellschaftsbezogenen kirchlichen Handelns verbinde. Zum Aufgabenbereich geh\u00f6ren auch interreligi\u00f6ser Dialog, Friedensethik und Kirchenasyl. Dies sei spannend und interessant.<\/p>\n<p>Angesichts massiver Verunsicherungen und Turbulenzen, die Kirche und Gesellschaft ersch\u00fcttern, ist es f\u00fcr Pfarrer von Jutrczenka wichtig, dass \u201edie evangelische Kirche in der \u00d6ffentlichkeit profiliert erkennbar bleibt, positioniert und zugleich offen f\u00fcr Debatten.\u201c Kirche k\u00f6nne R\u00e4ume bieten f\u00fcr Auseinandersetzungen, Sprachf\u00e4higkeit f\u00f6rdern und engagiert daf\u00fcr streiten, dass sich Gerechtigkeit und Menschenw\u00fcrde, Frieden und \u00f6kologisches Gleichgewicht als wahrnehmbare Orientierungspunkte gegen Rassismus und Antisemitismus, zunehmenden Rechtsextremismus und Populismus durchsetzen.<\/p>\n<p><strong>Pfarrer Dirk von Jutrczenka <\/strong>(61) ist in Hannover aufgewachsen und hat nach dem Abitur Evangelische Theologie und zus\u00e4tzlich Sozialwissenschaften\/P\u00e4dagogik (Magisterpr\u00fcfung) in G\u00f6ttingen und Birmingham (GB) studiert. Nach dem Vikariat in der Kirchengemeinde Heiligenrode war er ab 1994 Pfarrer in der Kirchengemeinde Seckenhausen (Landeskirche Hannovers) und ab 2008 in der St. Remberti Gemeinde Bremen (Bremische Ev. Kirche). Von 2019 bis 2025 war er Leiter des forum Kirche, des Hauses kirchlicher Dienste der Bremischen Evangelischen Kirche, sowie Leiter der dortigen Fachstelle Religionsp\u00e4dagogik und Medien.<\/p>\n<p>In Bremen war er unter anderem f\u00fcr den Podcast \u201eforum Kirche \u2013 Bremer Gespr\u00e4che \u00fcber Gott und die Welt\u201c verantwortlich. Seit vielen Jahren ist er in der kirchlichen Filmarbeit (Arbeitskreis Kirche &amp; Kino, Interfilm Deutschland) engagiert. Im Projekt FilmZuFlucht produzierte er gemeinsam mit Gefl\u00fcchteten den Spielfilm \u201eDeutschkurs\u201c (2019, Regie: Nehad Hussein).<\/p>\n<p>Pfarrer Dirk von Jutrczenka ist verheiratet und hat zwei erwachsene S\u00f6hne.<\/p>\n<p>&nbsp;<\/p>\n<p>Kirche-Oldenburg<br \/>\n<a href=\"https:\/\/www.kirche-oldenburg.de\/aktuelles\/detail\/dirk-von-jutrczenka-uebernimmt-pfarrstelle-fuer-oekumene-ethik-und-weltanschauung\" target=\"_blank\">Dirk von Jutrczenka \u00fcbernimmt Pfarrstelle f\u00fcr \u00d6kumene, Ethik und Weltanschauung<\/a><\/p>\n","protected":false},"excerpt":{"rendered":"<p>Seit Anfang des Jahres hat Pfarrer Dirk von Jutrczenka die Pfarrstelle f\u00fcr \u00d6kumene, Ethik und Weltanschauung der Evangelisch-Lutherischen Kirche in Oldenburg inne. Die Pfarrstelle ist dem B\u00fcro von Bischof Thomas Adomeit zugeordnet. Dirk von Jutrczenka ist Nachfolger von Pfarrer Olaf Grobleben, der im April 2024 in den Ruhestand verabschiedet worden ist. \u201eWir befinden uns mitten in vielf\u00e4ltigen und tiefgreifenden Ver\u00e4nderungsprozessen\u201c, betont von Jutrczenka. Er freue sich auf die neue Stelle, die unterschiedliche Arbeitsfelder gesellschaftsbezogenen kirchlichen Handelns verbinde. Zum Aufgabenbereich geh\u00f6ren auch interreligi\u00f6ser Dialog, Friedensethik und Kirchenasyl. Dies sei spannend und interessant. Angesichts massiver Verunsicherungen und Turbulenzen, die Kirche und Gesellschaft&#8230;<\/p>\n","protected":false},"author":7,"featured_media":0,"comment_status":"false","ping_status":"open","sticky":false,"template":"","format":"standard","meta":{"footnotes":""},"categories":[43],"tags":[44],"class_list":["post-28036","post","type-post","status-publish","format-standard","hentry","category-kirche-oldenburg","tag-kirche-oldenburg"],"_links":{"self":[{"href":"https:\/\/christusnews.de\/site\/wp-json\/wp\/v2\/posts\/28036","targetHints":{"allow":["GET"]}}],"collection":[{"href":"https:\/\/christusnews.de\/site\/wp-json\/wp\/v2\/posts"}],"about":[{"href":"https:\/\/christusnews.de\/site\/wp-json\/wp\/v2\/types\/post"}],"author":[{"embeddable":true,"href":"https:\/\/christusnews.de\/site\/wp-json\/wp\/v2\/users\/7"}],"replies":[{"embeddable":true,"href":"https:\/\/christusnews.de\/site\/wp-json\/wp\/v2\/comments?post=28036"}],"version-history":[{"count":1,"href":"https:\/\/christusnews.de\/site\/wp-json\/wp\/v2\/posts\/28036\/revisions"}],"predecessor-version":[{"id":28037,"href":"https:\/\/christusnews.de\/site\/wp-json\/wp\/v2\/posts\/28036\/revisions\/28037"}],"wp:attachment":[{"href":"https:\/\/christusnews.de\/site\/wp-json\/wp\/v2\/media?parent=28036"}],"wp:term":[{"taxonomy":"category","embeddable":true,"href":"https:\/\/christusnews.de\/site\/wp-json\/wp\/v2\/categories?post=28036"},{"taxonomy":"post_tag","embeddable":true,"href":"https:\/\/christusnews.de\/site\/wp-json\/wp\/v2\/tags?post=28036"}],"curies":[{"name":"wp","href":"https:\/\/api.w.org\/{rel}","templated":true}]}}