{"id":28044,"date":"2026-01-26T18:00:03","date_gmt":"2026-01-26T17:00:03","guid":{"rendered":"https:\/\/christusnews.de\/site\/holocaust-gedenktag-statement-von-bischof-thomas-adomeit\/"},"modified":"2026-01-26T22:17:21","modified_gmt":"2026-01-26T21:17:21","slug":"holocaust-gedenktag-statement-von-bischof-thomas-adomeit","status":"publish","type":"post","link":"https:\/\/christusnews.de\/site\/holocaust-gedenktag-statement-von-bischof-thomas-adomeit\/","title":{"rendered":"Holocaust-Gedenktag: Statement von Bischof Thomas Adomeit"},"content":{"rendered":"<p>Der Ratsvorsitzende der Konf\u00f6deration evangelischer Kirchen in Niedersachsen, Bischof Thomas Adomeit (Oldenburg), sagt anl\u00e4sslich des Holocaust-Gedenktags am 27. Januar 2026:<br \/>\u201eAm 27. Januar gedenken wir der Millionen von Opfern des Holocausts und des Nationalsozialismus. Gemeinsam mit anderen zivilgesellschaftlichen Akteurinnen und Akteuren werden wir weiter dem aktuell in Deutschland wieder st\u00e4rker werdenden Antisemitismus in all seinen Formen entschlossen entgegentreten.<\/p>\n<p>Wir beziehen dabei ausdr\u00fccklich auch die Sinti und Roma ein, die ebenfalls zu den Verfolgten des Naziregimes geh\u00f6rt haben. Auch Antiziganismus verleugnet die Ebenbildlichkeit Gottes und die Menschenw\u00fcrde aller Menschen.<\/p>\n<p>Die Gerechtigkeit unter allen Menschen geh\u00f6rt zu den wesentlichen biblischen Grund\u00fcberzeugungen. Deshalb setzen wir uns als evangelische Kirchen in Niedersachsen an diesem Gedenktag besonders daf\u00fcr ein.\u201c<\/p>\n<h3>Internationaler Tag des Gedenkens an die Opfer des Holocaust<\/h3>\n<p>Der Gedenktag f\u00fcr die Opfer des Nationalsozialismus wurde 1996 vom damaligen Bundespr\u00e4sidenten Roman Herzog proklamiert und auf den 27. Januar festgelegt. An diesem Tag war 1945 das Vernichtungslager Auschwitz im heutigen Polen von sowjetischen Truppen befreit worden. Die Vereinten Nationen riefen 2005 den 27. Januar als \u00abInternationalen Tag des Gedenkens an die Opfer des Holocaust\u00bb aus.<\/p>\n<p>Bis Kriegsende wurden rund sechs Millionen Juden ermordet. In Auschwitz starben rund 1,1 Millionen Menschen. Weltweit leben nach Angaben der Claims Conference sch\u00e4tzungsweise noch 196.600 Holocaust-\u00dcberlebende in mehr als 90 L\u00e4ndern.<\/p>\n<h3>Bisch\u00f6fin Fehrs zum Holocaust-Gedenktag: \u00abNie wieder\u00bb bleibt Aufgabe&nbsp;<\/h3>\n<p>Die EKD-Ratsvorsitzende Kirsten Fehrs hat zum Holocaust-Gedenktag am 27. Januar zu wachsamem Widerstand gegen Judenhass und Menschenverachtung aufgerufen. Das \u00abNie wieder\u00bb sei f\u00fcr Christinnen und Christen eine t\u00e4gliche Aufgabe.<\/p>\n<p>Hannover (epd). Die Ratsvorsitzende der Evangelischen Kirche in Deutschland (EKD), Bisch\u00f6fin Kirsten Fehrs, hat anl\u00e4sslich der Befreiung des Konzentrationslagers von Auschwitz an diesem Dienstag vor 81 Jahren zum Widerstand gegen Judenhass und Menschenverachtung aufgerufen. Das \u00abNie wieder\u00bb bleibe f\u00fcr Christinnen und Christen eine t\u00e4gliche Aufgabe, erkl\u00e4rte die Hamburger Bisch\u00f6fin am Montag. Die Erinnerung an das millionenfache Leid rufe zugleich zur Verantwortung auf.<\/p>\n<p>Der 27. Januar sei ein Gedenktag, den man nicht einfach \u00abbegeht\u00bb, f\u00fcgte Fehrs hinzu: \u00abJedes Jahr aufs Neue drohen diese unvorstellbaren Zahlen, mich sprachlos zu machen, ringe ich um Worte f\u00fcr dieses unfassbare Leid. Wir trauern um Millionen Menschen &#8211; in dem Wissen: Mit jedem erloschenen Leben stirbt eine Welt.\u00bb Sie forderte, H\u00fcter der Namen der Ermordeten und der Geschichten zu sein, \u00abdie die Menschlichkeit bewahrten\u00bb. Vielleicht sei auch dies eine Form des Widerstands: hinzusehen, zuzuh\u00f6ren und nicht abzustumpfen.<\/p>\n<p><strong>\u00abJudenhass tr\u00e4gt viele Masken\u00bb<\/strong><br \/>Judenhass und Menschenverachtung tragen laut Fehrs heute \u00abalte, aber auch andere Masken, rufen alte und neue Parolen, nutzen andere Plattformen. In all dem arbeiten sie noch immer mit denselben Mitteln: Entmenschlichung, Abwertung und Ausgrenzung.\u00bb Gott jedoch sage: \u00abIch habe dich bei deinem Namen gerufen. Du bist mein.\u00bb Er meine damit ausnahmslos jeden Menschen. F\u00fcr sie sei das Trost und Auftrag zugleich, damit Leben gesch\u00fctzt werde.<\/p>\n<p>&nbsp;<\/p>\n<p>&nbsp;<\/p>\n<p>Kirche-Oldenburg<br \/>\n<a href=\"https:\/\/www.kirche-oldenburg.de\/aktuelles\/detail\/holocaust-gedenktag-statement-von-bischof-thomas-adomeit\" target=\"_blank\">Holocaust-Gedenktag: Statement von Bischof Thomas Adomeit<\/a><\/p>\n","protected":false},"excerpt":{"rendered":"<p>Der Ratsvorsitzende der Konf\u00f6deration evangelischer Kirchen in Niedersachsen, Bischof Thomas Adomeit (Oldenburg), sagt anl\u00e4sslich des Holocaust-Gedenktags am 27. Januar 2026:\u201eAm 27. Januar gedenken wir der Millionen von Opfern des Holocausts und des Nationalsozialismus. Gemeinsam mit anderen zivilgesellschaftlichen Akteurinnen und Akteuren werden wir weiter dem aktuell in Deutschland wieder st\u00e4rker werdenden Antisemitismus in all seinen Formen entschlossen entgegentreten. Wir beziehen dabei ausdr\u00fccklich auch die Sinti und Roma ein, die ebenfalls zu den Verfolgten des Naziregimes geh\u00f6rt haben. Auch Antiziganismus verleugnet die Ebenbildlichkeit Gottes und die Menschenw\u00fcrde aller Menschen. Die Gerechtigkeit unter allen Menschen geh\u00f6rt zu den wesentlichen biblischen Grund\u00fcberzeugungen. Deshalb setzen&#8230;<\/p>\n","protected":false},"author":7,"featured_media":0,"comment_status":"false","ping_status":"open","sticky":false,"template":"","format":"standard","meta":{"footnotes":""},"categories":[43],"tags":[44],"class_list":["post-28044","post","type-post","status-publish","format-standard","hentry","category-kirche-oldenburg","tag-kirche-oldenburg"],"_links":{"self":[{"href":"https:\/\/christusnews.de\/site\/wp-json\/wp\/v2\/posts\/28044","targetHints":{"allow":["GET"]}}],"collection":[{"href":"https:\/\/christusnews.de\/site\/wp-json\/wp\/v2\/posts"}],"about":[{"href":"https:\/\/christusnews.de\/site\/wp-json\/wp\/v2\/types\/post"}],"author":[{"embeddable":true,"href":"https:\/\/christusnews.de\/site\/wp-json\/wp\/v2\/users\/7"}],"replies":[{"embeddable":true,"href":"https:\/\/christusnews.de\/site\/wp-json\/wp\/v2\/comments?post=28044"}],"version-history":[{"count":1,"href":"https:\/\/christusnews.de\/site\/wp-json\/wp\/v2\/posts\/28044\/revisions"}],"predecessor-version":[{"id":28045,"href":"https:\/\/christusnews.de\/site\/wp-json\/wp\/v2\/posts\/28044\/revisions\/28045"}],"wp:attachment":[{"href":"https:\/\/christusnews.de\/site\/wp-json\/wp\/v2\/media?parent=28044"}],"wp:term":[{"taxonomy":"category","embeddable":true,"href":"https:\/\/christusnews.de\/site\/wp-json\/wp\/v2\/categories?post=28044"},{"taxonomy":"post_tag","embeddable":true,"href":"https:\/\/christusnews.de\/site\/wp-json\/wp\/v2\/tags?post=28044"}],"curies":[{"name":"wp","href":"https:\/\/api.w.org\/{rel}","templated":true}]}}