{"id":28054,"date":"2026-02-03T10:07:00","date_gmt":"2026-02-03T09:07:00","guid":{"rendered":"https:\/\/christusnews.de\/site\/es-ist-noch-platz-in-der-huette-ueber-80-kinder-sind-schon-angemeldet-fuer-unser-kindercamp-in-diesem-sommer-aber-ein-paar-plaetze-sind-noch-frei-wir-freuen-uns-auf-alle-zwischen-9-und-12-jahren\/"},"modified":"2026-02-03T10:17:39","modified_gmt":"2026-02-03T09:17:39","slug":"es-ist-noch-platz-in-der-huette-ueber-80-kinder-sind-schon-angemeldet-fuer-unser-kindercamp-in-diesem-sommer-aber-ein-paar-plaetze-sind-noch-frei-wir-freuen-uns-auf-alle-zwischen-9-und-12-jahren","status":"publish","type":"post","link":"https:\/\/christusnews.de\/site\/es-ist-noch-platz-in-der-huette-ueber-80-kinder-sind-schon-angemeldet-fuer-unser-kindercamp-in-diesem-sommer-aber-ein-paar-plaetze-sind-noch-frei-wir-freuen-uns-auf-alle-zwischen-9-und-12-jahren\/","title":{"rendered":"Es ist noch Platz in der H\u00fctte. \u00dcber 80 Kinder sind schon angemeldet f\u00fcr unser Kindercamp in diesem Sommer. Aber ein paar Pl\u00e4tze sind noch frei. \n\nWir freuen uns auf alle zwischen 9 und 12 Jahren, die Lust auf eine bunte Wildflecken-Woche haben.\n\nMitten in der Natur, am Fu\u00dfe des Kreuzbergs in der Rh\u00f6n. In gem\u00fctlichen Holzh\u00fctten f\u00fcr jeweils 6-7 Kinder. Auf der riesigen Wiese mit viel Platz f\u00fcr Spiel und Gemeinschaft. Im Wildflecken-Zelt mit Musik, Theater und ruhigen Momenten. Mit einem gro\u00dfen Team voller Ideen und Energie f\u00fcr ein wunderbares Camp.\n\nInfos und Anmeldung unter wildflecken-camps.de\/kindercamp"},"content":{"rendered":"<p>Es ist noch Platz in der H\u00fctte. \u00dcber 80 Kinder sind schon angemeldet f\u00fcr unser Kindercamp in diesem Sommer. Aber ein paar Pl\u00e4tze sind noch frei. <\/p>\n<p>Wir freuen uns auf alle zwischen 9 und 12 Jahren, die Lust auf eine bunte Wildflecken-Woche haben.<\/p>\n<p>Mitten in der Natur, am Fu\u00dfe des Kreuzbergs in der Rh\u00f6n. In gem\u00fctlichen Holzh\u00fctten f\u00fcr jeweils 6-7 Kinder. Auf der riesigen Wiese mit viel Platz f\u00fcr Spiel und Gemeinschaft. Im Wildflecken-Zelt mit Musik, Theater und ruhigen Momenten. Mit einem gro\u00dfen Team voller Ideen und Energie f\u00fcr ein wunderbares Camp.<\/p>\n<p>Infos und Anmeldung unter wildflecken-camps.de\/kindercamp<br \/>\nHAVENKIRCHE@FB<br \/>\n<a href=\"https:\/\/www.facebook.com\/396185572708352\/posts\/1232419375751630\" target=\"_blank\">Es ist noch Platz in der H\u00fctte. \u00dcber 80 Kinder sind schon angemeldet f\u00fcr unser Kindercamp in diesem Sommer. Aber ein paar Pl\u00e4tze sind noch frei. <\/p>\n<p>Wir freuen uns auf alle zwischen 9 und 12 Jahren, die Lust auf eine bunte Wildflecken-Woche haben.<\/p>\n<p>Mitten in der Natur, am Fu\u00dfe des Kreuzbergs in der Rh\u00f6n. In gem\u00fctlichen Holzh\u00fctten f\u00fcr jeweils 6-7 Kinder. Auf der riesigen Wiese mit viel Platz f\u00fcr Spiel und Gemeinschaft. Im Wildflecken-Zelt mit Musik, Theater und ruhigen Momenten. Mit einem gro\u00dfen Team voller Ideen und Energie f\u00fcr ein wunderbares Camp.<\/p>\n<p>Infos und Anmeldung unter wildflecken-camps.de\/kindercamp<\/a><\/p>\n","protected":false},"excerpt":{"rendered":"<p>Es ist noch Platz in der H\u00fctte. \u00dcber 80 Kinder sind schon angemeldet f\u00fcr unser Kindercamp in diesem Sommer. Aber ein paar Pl\u00e4tze sind noch frei. Wir freuen uns auf alle zwischen 9 und 12 Jahren, die Lust auf eine bunte Wildflecken-Woche haben. Mitten in der Natur, am Fu\u00dfe des Kreuzbergs in der Rh\u00f6n. In gem\u00fctlichen Holzh\u00fctten f\u00fcr jeweils 6-7 Kinder. Auf der riesigen Wiese mit viel Platz f\u00fcr Spiel und Gemeinschaft. Im Wildflecken-Zelt mit Musik, Theater und ruhigen Momenten. Mit einem gro\u00dfen Team voller Ideen und Energie f\u00fcr ein wunderbares Camp. Infos und Anmeldung unter wildflecken-camps.de\/kindercamp HAVENKIRCHE@FB Es ist&#8230;<\/p>\n","protected":false},"author":6,"featured_media":0,"comment_status":"false","ping_status":"open","sticky":false,"template":"","format":"standard","meta":{"footnotes":""},"categories":[75],"tags":[76],"class_list":["post-28054","post","type-post","status-publish","format-standard","hentry","category-havenkirche","tag-havenkirche"],"_links":{"self":[{"href":"https:\/\/christusnews.de\/site\/wp-json\/wp\/v2\/posts\/28054","targetHints":{"allow":["GET"]}}],"collection":[{"href":"https:\/\/christusnews.de\/site\/wp-json\/wp\/v2\/posts"}],"about":[{"href":"https:\/\/christusnews.de\/site\/wp-json\/wp\/v2\/types\/post"}],"author":[{"embeddable":true,"href":"https:\/\/christusnews.de\/site\/wp-json\/wp\/v2\/users\/6"}],"replies":[{"embeddable":true,"href":"https:\/\/christusnews.de\/site\/wp-json\/wp\/v2\/comments?post=28054"}],"version-history":[{"count":1,"href":"https:\/\/christusnews.de\/site\/wp-json\/wp\/v2\/posts\/28054\/revisions"}],"predecessor-version":[{"id":28055,"href":"https:\/\/christusnews.de\/site\/wp-json\/wp\/v2\/posts\/28054\/revisions\/28055"}],"wp:attachment":[{"href":"https:\/\/christusnews.de\/site\/wp-json\/wp\/v2\/media?parent=28054"}],"wp:term":[{"taxonomy":"category","embeddable":true,"href":"https:\/\/christusnews.de\/site\/wp-json\/wp\/v2\/categories?post=28054"},{"taxonomy":"post_tag","embeddable":true,"href":"https:\/\/christusnews.de\/site\/wp-json\/wp\/v2\/tags?post=28054"}],"curies":[{"name":"wp","href":"https:\/\/api.w.org\/{rel}","templated":true}]}}