{"id":28056,"date":"2026-02-02T23:42:17","date_gmt":"2026-02-02T22:42:17","guid":{"rendered":"https:\/\/christusnews.de\/site\/zum-vormerken-fuer-eure-kalender-ja-es-gibt-in-den-herbstferien-wieder-eine-fahrt-nach-taize-ab-15-jahren-vom-11-18-oktober-fahren-wir-zu-den-internationalen-jugendtreffen-im-burgund-frankre\/"},"modified":"2026-02-03T10:17:39","modified_gmt":"2026-02-03T09:17:39","slug":"zum-vormerken-fuer-eure-kalender-ja-es-gibt-in-den-herbstferien-wieder-eine-fahrt-nach-taize-ab-15-jahren-vom-11-18-oktober-fahren-wir-zu-den-internationalen-jugendtreffen-im-burgund-frankre","status":"publish","type":"post","link":"https:\/\/christusnews.de\/site\/zum-vormerken-fuer-eure-kalender-ja-es-gibt-in-den-herbstferien-wieder-eine-fahrt-nach-taize-ab-15-jahren-vom-11-18-oktober-fahren-wir-zu-den-internationalen-jugendtreffen-im-burgund-frankre\/","title":{"rendered":"Zum Vormerken f\u00fcr eure Kalender: \nJa, es gibt in den Herbstferien wieder eine Fahrt nach Taiz\u00e9 (ab 15 Jahren). Vom 11.-18. Oktober fahren wir zu den internationalen Jugendtreffen im Burgund \/ Frankreich.\n\nZu Gast sein in einem \u00f6kumenischen Kloster. Einfaches Leben und besondere Gemeinschaft. Ruhe und Gebete mit wundersch\u00f6ner Musik. Gute Gespr\u00e4che und viel Spa\u00df in einer tollen Umgebung. \n\nLust bekommen? Ab 1. M\u00e4rz kannst Du Dich anmelden unter wildflecken-camps.de\/taize. Dort gibt es auch weitere Infos."},"content":{"rendered":"<p>Zum Vormerken f\u00fcr eure Kalender:<br \/>\nJa, es gibt in den Herbstferien wieder eine Fahrt nach Taiz\u00e9 (ab 15 Jahren). Vom 11.-18. Oktober fahren wir zu den internationalen Jugendtreffen im Burgund \/ Frankreich.<\/p>\n<p>Zu Gast sein in einem \u00f6kumenischen Kloster. Einfaches Leben und besondere Gemeinschaft. Ruhe und Gebete mit wundersch\u00f6ner Musik. Gute Gespr\u00e4che und viel Spa\u00df in einer tollen Umgebung. <\/p>\n<p>Lust bekommen? Ab 1. M\u00e4rz kannst Du Dich anmelden unter wildflecken-camps.de\/taize. Dort gibt es auch weitere Infos.<br \/>\nHAVENKIRCHE@FB<br \/>\n<a href=\"https:\/\/www.facebook.com\/396185572708352\/posts\/1232043282455906\" target=\"_blank\">Zum Vormerken f\u00fcr eure Kalender:<br \/>\nJa, es gibt in den Herbstferien wieder eine Fahrt nach Taiz\u00e9 (ab 15 Jahren). Vom 11.-18. Oktober fahren wir zu den internationalen Jugendtreffen im Burgund \/ Frankreich.<\/p>\n<p>Zu Gast sein in einem \u00f6kumenischen Kloster. Einfaches Leben und besondere Gemeinschaft. Ruhe und Gebete mit wundersch\u00f6ner Musik. Gute Gespr\u00e4che und viel Spa\u00df in einer tollen Umgebung. <\/p>\n<p>Lust bekommen? Ab 1. M\u00e4rz kannst Du Dich anmelden unter wildflecken-camps.de\/taize. Dort gibt es auch weitere Infos.<\/a><\/p>\n","protected":false},"excerpt":{"rendered":"<p>Zum Vormerken f\u00fcr eure Kalender: Ja, es gibt in den Herbstferien wieder eine Fahrt nach Taiz\u00e9 (ab 15 Jahren). Vom 11.-18. Oktober fahren wir zu den internationalen Jugendtreffen im Burgund \/ Frankreich. Zu Gast sein in einem \u00f6kumenischen Kloster. Einfaches Leben und besondere Gemeinschaft. Ruhe und Gebete mit wundersch\u00f6ner Musik. Gute Gespr\u00e4che und viel Spa\u00df in einer tollen Umgebung. Lust bekommen? Ab 1. M\u00e4rz kannst Du Dich anmelden unter wildflecken-camps.de\/taize. Dort gibt es auch weitere Infos. HAVENKIRCHE@FB Zum Vormerken f\u00fcr eure Kalender: Ja, es gibt in den Herbstferien wieder eine Fahrt nach Taiz\u00e9 (ab 15 Jahren). Vom 11.-18. Oktober fahren&#8230;<\/p>\n","protected":false},"author":6,"featured_media":0,"comment_status":"false","ping_status":"open","sticky":false,"template":"","format":"standard","meta":{"footnotes":""},"categories":[75],"tags":[76],"class_list":["post-28056","post","type-post","status-publish","format-standard","hentry","category-havenkirche","tag-havenkirche"],"_links":{"self":[{"href":"https:\/\/christusnews.de\/site\/wp-json\/wp\/v2\/posts\/28056","targetHints":{"allow":["GET"]}}],"collection":[{"href":"https:\/\/christusnews.de\/site\/wp-json\/wp\/v2\/posts"}],"about":[{"href":"https:\/\/christusnews.de\/site\/wp-json\/wp\/v2\/types\/post"}],"author":[{"embeddable":true,"href":"https:\/\/christusnews.de\/site\/wp-json\/wp\/v2\/users\/6"}],"replies":[{"embeddable":true,"href":"https:\/\/christusnews.de\/site\/wp-json\/wp\/v2\/comments?post=28056"}],"version-history":[{"count":1,"href":"https:\/\/christusnews.de\/site\/wp-json\/wp\/v2\/posts\/28056\/revisions"}],"predecessor-version":[{"id":28057,"href":"https:\/\/christusnews.de\/site\/wp-json\/wp\/v2\/posts\/28056\/revisions\/28057"}],"wp:attachment":[{"href":"https:\/\/christusnews.de\/site\/wp-json\/wp\/v2\/media?parent=28056"}],"wp:term":[{"taxonomy":"category","embeddable":true,"href":"https:\/\/christusnews.de\/site\/wp-json\/wp\/v2\/categories?post=28056"},{"taxonomy":"post_tag","embeddable":true,"href":"https:\/\/christusnews.de\/site\/wp-json\/wp\/v2\/tags?post=28056"}],"curies":[{"name":"wp","href":"https:\/\/api.w.org\/{rel}","templated":true}]}}