{"id":28058,"date":"2026-02-04T12:16:06","date_gmt":"2026-02-04T11:16:06","guid":{"rendered":"https:\/\/christusnews.de\/site\/ordination-von-pfarrerin-christine-oppermann\/"},"modified":"2026-02-04T22:17:33","modified_gmt":"2026-02-04T21:17:33","slug":"ordination-von-pfarrerin-christine-oppermann","status":"publish","type":"post","link":"https:\/\/christusnews.de\/site\/ordination-von-pfarrerin-christine-oppermann\/","title":{"rendered":"Ordination von Pfarrerin Christine Oppermann"},"content":{"rendered":"<h3>Gottesdienst mit Bischof Adomeit am Sonntag in der Oldenburger St.-Lamberti-Kirche<\/h3>\n<p>Am kommenden Sonntag, 8. Februar, wird Pfarrerin Christine Oppermann in der Oldenburger St.-Lamberti-Kirche von Bischof Thomas Adomeit ordiniert. Der Gottesdienst beginnt um 14 Uhr. Mit der Ordination werden Pfarrerinnen und Pfarrer \u00f6ffentlich dazu berufen, zu predigen, zu taufen und das Abendmahl auszuteilen. Die Ordination ist somit zugleich Berufung, Segnung und Sendung zum Dienst der \u00f6ffentlichen Wortverk\u00fcndigung und Sakramentsverwaltung.<\/p>\n<p><strong>Pfarrerin Christine Oppermann <\/strong>(57) wurde 1968 in Leer geboren und hat Philosophie, Psychologie, Religionswissenschaften und Ethnologie in G\u00f6ttingen und Gie\u00dfen studiert (Magister-Zwischenpr\u00fcfung 1990 in Philosophie und Diplom-Hauptpr\u00fcfung 1994 in Psychologie).&nbsp;<\/p>\n<p>Berufliche Stationen waren: Das Projekt \u201eEvaluation\u201c der Deutschen Forschungsgesellschaft (1993 \u2013 1995), die Psychotherapeutische Klinik Bad Liebenwerda (1995 \u2013 1997, die Suchtberatungsstelle der Caritas Mecklenburg e.V. (1997 \u2013 1998), die Erziehungsberatungsstelle der Caritas Mecklenburg e.V. (1997 \u2013 2000), die Kinder- und Jugendpsychiatrie Holzminden (2000 \u2013 2003) und die Psychologische Beratungsstelle der Stadt Oldenburg (2003 \u2013 2022).<\/p>\n<p>Von 2019 bis 2022 hat Oppermann berufsbegleitend Evangelische Theologie in Marburg studiert und 2022 den Master of Theology abgelegt. Ihr Vikariat hat Oppermann von 2022 bis 2024 in der Evangelisch-reformierten Kirchengemeinde Loga absolviert und 2024 die Zweite Theologische Pr\u00fcfung abgelegt. Von April 2024 bis Juni 2025 war Oppermann im Pfarramtlichen Hilfsdienst in der Ev.-ref. Kirchengemeinde Leer. Seit Juli 2025 ist sie Pfarrerin auf Probe in der Ev.-luth. Kirchengemeinde Oldenburg.<\/p>\n<p>Im Anschluss an den Gottesdienst findet ein Empfang in der St.-Lamberti-Kirche statt.<\/p>\n<p>Kirche-Oldenburg<br \/>\n<a href=\"https:\/\/www.kirche-oldenburg.de\/aktuelles\/detail\/ordination-von-pfarrerin-christine-oppermann\" target=\"_blank\">Ordination von Pfarrerin Christine Oppermann<\/a><\/p>\n","protected":false},"excerpt":{"rendered":"<p>Gottesdienst mit Bischof Adomeit am Sonntag in der Oldenburger St.-Lamberti-Kirche Am kommenden Sonntag, 8. Februar, wird Pfarrerin Christine Oppermann in der Oldenburger St.-Lamberti-Kirche von Bischof Thomas Adomeit ordiniert. Der Gottesdienst beginnt um 14 Uhr. Mit der Ordination werden Pfarrerinnen und Pfarrer \u00f6ffentlich dazu berufen, zu predigen, zu taufen und das Abendmahl auszuteilen. Die Ordination ist somit zugleich Berufung, Segnung und Sendung zum Dienst der \u00f6ffentlichen Wortverk\u00fcndigung und Sakramentsverwaltung. Pfarrerin Christine Oppermann (57) wurde 1968 in Leer geboren und hat Philosophie, Psychologie, Religionswissenschaften und Ethnologie in G\u00f6ttingen und Gie\u00dfen studiert (Magister-Zwischenpr\u00fcfung 1990 in Philosophie und Diplom-Hauptpr\u00fcfung 1994 in Psychologie).&nbsp; Berufliche Stationen&#8230;<\/p>\n","protected":false},"author":7,"featured_media":0,"comment_status":"false","ping_status":"open","sticky":false,"template":"","format":"standard","meta":{"footnotes":""},"categories":[43],"tags":[44],"class_list":["post-28058","post","type-post","status-publish","format-standard","hentry","category-kirche-oldenburg","tag-kirche-oldenburg"],"_links":{"self":[{"href":"https:\/\/christusnews.de\/site\/wp-json\/wp\/v2\/posts\/28058","targetHints":{"allow":["GET"]}}],"collection":[{"href":"https:\/\/christusnews.de\/site\/wp-json\/wp\/v2\/posts"}],"about":[{"href":"https:\/\/christusnews.de\/site\/wp-json\/wp\/v2\/types\/post"}],"author":[{"embeddable":true,"href":"https:\/\/christusnews.de\/site\/wp-json\/wp\/v2\/users\/7"}],"replies":[{"embeddable":true,"href":"https:\/\/christusnews.de\/site\/wp-json\/wp\/v2\/comments?post=28058"}],"version-history":[{"count":1,"href":"https:\/\/christusnews.de\/site\/wp-json\/wp\/v2\/posts\/28058\/revisions"}],"predecessor-version":[{"id":28059,"href":"https:\/\/christusnews.de\/site\/wp-json\/wp\/v2\/posts\/28058\/revisions\/28059"}],"wp:attachment":[{"href":"https:\/\/christusnews.de\/site\/wp-json\/wp\/v2\/media?parent=28058"}],"wp:term":[{"taxonomy":"category","embeddable":true,"href":"https:\/\/christusnews.de\/site\/wp-json\/wp\/v2\/categories?post=28058"},{"taxonomy":"post_tag","embeddable":true,"href":"https:\/\/christusnews.de\/site\/wp-json\/wp\/v2\/tags?post=28058"}],"curies":[{"name":"wp","href":"https:\/\/api.w.org\/{rel}","templated":true}]}}