{"id":28060,"date":"2026-02-03T16:43:00","date_gmt":"2026-02-03T15:43:00","guid":{"rendered":"https:\/\/christusnews.de\/site\/veranstaltungsreihe-gemeinsam-sicher-in-oldenburg\/"},"modified":"2026-02-05T22:17:18","modified_gmt":"2026-02-05T21:17:18","slug":"veranstaltungsreihe-gemeinsam-sicher-in-oldenburg","status":"publish","type":"post","link":"https:\/\/christusnews.de\/site\/veranstaltungsreihe-gemeinsam-sicher-in-oldenburg\/","title":{"rendered":"Veranstaltungsreihe: Gemeinsam sicher in Oldenburg"},"content":{"rendered":"<h3>Dreiteilige Veranstaltungsreihe zu unterschiedlichen Perspektiven auf Sicherheit im urbanen Raum<\/h3>\n<p>Ein dreiteilige Veranstaltungsreihe \u201eGemeinsam sicher in Oldenburg\u201c im Februar und M\u00e4rz greift Fragen zu den Themen Sicherheit, Unsicherheit und Schutzbed\u00fcrfnisse auf und l\u00e4dt dazu ein, Sicherheit aus unterschiedlichen Perspektiven zu beleuchten: analytisch, praktisch und k\u00fcnstlerisch.<\/p>\n<p>Ziel der Reihe ist es, einen offenen, respektvollen und anregenden Austausch zu erm\u00f6glichen, in dem verschiedene Erfahrungen, Sichtweisen und Meinungen nebeneinanderstehen und miteinander ins Gespr\u00e4ch kommen k\u00f6nnen. Die Veranstaltungen setzen jeweils eigene Zugangsm\u00f6glichkeiten und Schwerpunkte und innerhalb des Themas Sicherheit.<\/p>\n<p>Was bedeutet Sicherheit und wann f\u00fchlen wir uns sicher? Wie pr\u00e4gt das Sicherheitsgef\u00fchl den Blick auf unsere Stadt, auf bestimmte Orte, Situationen oder Personengruppen? Wie sieht unser Stadtbild aus? &nbsp;<\/p>\n<p>Solche Fragen rund um die Themen Sicherheit, Unsicherheit und Schutzbed\u00fcrfnisse sind derzeit hochaktuell. \u00d6ffentliche Debatten zeigen, dass das Thema Sicherheit zum Teil mit Zuschreibungen, impliziter Diskriminierung und Stigmatisierung verkn\u00fcpft ist und damit deutlich \u00fcber Aspekte von Kriminalit\u00e4t oder Ordnung hinausweist.<\/p>\n<p>Auch in Oldenburg r\u00fcckt das subjektive Sicherheitsgef\u00fchl immer wieder in den Fokus: Viele B\u00fcrgerinnen und B\u00fcrger fragen sich, wo sie sich sicher f\u00fchlen, wo Unsicherheiten entstehen und welche Rolle gesellschaftliche Strukturen, Institutionen und Wahrnehmungen dabei spielen.<\/p>\n<p>Die dreiteilige Veranstaltungsreihe \u201eGemeinsam sicher in Oldenburg\u201c greift diese Fragen auf und l\u00e4dt dazu ein, Sicherheit aus unterschiedlichen Perspektiven zu beleuchten: analytisch, praktisch und k\u00fcnstlerisch. Ziel der Reihe ist es, einen offenen, respektvollen und anregenden Austausch zu erm\u00f6glichen, in dem verschiedene Erfahrungen, Sichtweisen und Meinungen nebeneinanderstehen und miteinander ins Gespr\u00e4ch kommen k\u00f6nnen. Die Veranstaltungen setzen jeweils eigene Zugangsm\u00f6glichkeiten und Schwerpunkte und innerhalb des Themas Sicherheit.<\/p>\n<p><strong>Auftaktveranstaltung am 11. Februar 2026<\/strong><br \/>Diskriminierung und Sicherheit \u2013 Eine Bestandsaufnahme<br \/>Ort: Jugendherberge Oldenburg, Stra\u00dfburger Str. 6, 26123 Oldenburg&nbsp;<br \/>Uhrzeit: 18:00-20:00<\/p>\n<p>Zum Auftakt der Reihe steht eine Auseinandersetzung mit den Themen Sicherheit, Diskriminierung und staatliche Institutionen im Mittelpunkt. In Vortr\u00e4gen und anschlie\u00dfender Diskussion werden gesellschaftliche Mechanismen, Wahrnehmungen und Erfahrungen beleuchtet, die unser Verst\u00e4ndnis von Sicherheit pr\u00e4gen.<\/p>\n<p>Referierende sind:<br \/><strong>Bayan Anouz<\/strong>, P\u00e4dagogin, Beraterin, Dozentin und wissenschaftliche Mitarbeiterin am Institut f\u00fcr Friedensforschung und Sicherheitspolitik an der Universit\u00e4t Hamburg<br \/><strong>Dr. phil. Fato\u015f Atali-Timmer<\/strong>, Diplom-P\u00e4dagogin an der Universit\u00e4t Oldenburg<\/p>\n<p><strong>Workshop 1 \u2013 4. M\u00e4rz 2026<\/strong><br \/>Unterwegs sicher \u2013 Ein Stadtspaziergang in Oldenburg&nbsp;<br \/>Ort: Gottorpstra\u00dfe 14, 26122 Oldenburg&nbsp;<br \/>Uhrzeit: 16:00-20:00<br \/>&nbsp;<\/p>\n<p>Wie sicher f\u00fchlen wir uns im \u00f6ffentlichen Raum? Welche Orte empfinden wir als sch\u00fctzend, welche als verunsichernd und warum?<\/p>\n<p>Im Rahmen eines gemeinsamen Stadtspaziergangs mit der Oldenburger Innenarchitektin Karin Kleinefeld und Daniela Schoone, Beauftragte f\u00fcr Kriminalpr\u00e4vention der Polizeiinspektion Oldenburg-Stadt\/Ammerland, wird ein Oldenburger Viertel aus dem Blickwinkel von Sicherheit erkundet.<\/p>\n<p>Stra\u00dfen, Pl\u00e4tze, Ecken und Gassen werden gemeinsam wahrgenommen, analysiert und diskutiert. Der Spaziergang l\u00e4dt dazu ein, individuelle Eindr\u00fccke mit fachlichen Perspektiven zu verbinden und Sicherheit als r\u00e4umlich erfahrbares Ph\u00e4nomen zu reflektieren.<\/p>\n<p><strong>Workshop 2 \/ Abschlussveranstaltung \u2013 11. M\u00e4rz 2026<\/strong><br \/>Gesichter der Stadt Oldenburg \u2013 Eine k\u00fcnstlerische Auseinandersetzung mit Film und Austausch<br \/>Ort: KinOLaden, Wallstra\u00dfe 24, Oldenburg&nbsp;<br \/>Uhrzeit: 16:00-20:00<\/p>\n<p>Den Abschluss der Reihe bildet eine Filmvorf\u00fchrung mit anschlie\u00dfender Diskussion. Die k\u00fcnstlerische Auseinandersetzung mit den unterschiedlichen \u201eGesichtern\u201c der Stadt Oldenburg er\u00f6ffnet einen emotionalen und reflektierenden Zugang zum Thema.<\/p>\n<p>Im gemeinsamen Austausch werden Eindr\u00fccke aus der Filmvorf\u00fchrung geteilt. Dabei steht erneut der Dialog im Vordergrund: unterschiedliche Perspektiven sollen sichtbar werden und miteinander ins Gespr\u00e4ch kommen.<br \/>Die Anmeldegeb\u00fchr betr\u00e4gt 5 Euro pro Veranstaltung.<\/p>\n<p>\u201eGemeinsam sicher in Oldenburg\u201c versteht Sicherheit nicht als eindimensionale Gr\u00f6\u00dfe, sondern als gesellschaftliches Thema, das Wahrnehmung, Erfahrung, Machtverh\u00e4ltnisse und Zusammenleben ber\u00fchrt. Die Reihe l\u00e4dt dazu ein, zuzuh\u00f6ren, mitzudiskutieren und Sicherheit gemeinsam neu zu denken.&nbsp;<\/p>\n<p>Die Reihe ist eine Kooperationsveranstaltung zwischen der EEB Oldenburg und der Ev.-luth. Frauenarbeit Oldenburg und wird voraussichtlich journalistisch begleitet.<\/p>\n<p><strong>Weitere Informationen finden Sie unter: <\/strong><a href=\"https:\/\/www.kirche-oldenburg.de\/fileadmin\/elkio\/frauenarbeit\/Downloads\/Flyer_Gemeinsam_sicher_in_Oldenburg.pdf\" target=\"_blank\"><strong>https:\/\/www.kirche-oldenburg.de\/fileadmin\/elkio\/frauenarbeit\/Downloads\/Flyer_Gemeinsam_sicher_in_Oldenburg.pdf<\/strong><\/a><strong> &nbsp;<\/strong><br \/>&nbsp;<\/p>\n<p>Kirche-Oldenburg<br \/>\n<a href=\"https:\/\/www.kirche-oldenburg.de\/aktuelles\/detail\/veranstaltungsreihe-gemeinsam-sicher-in-oldenburg\" target=\"_blank\">Veranstaltungsreihe: Gemeinsam sicher in Oldenburg<\/a><\/p>\n","protected":false},"excerpt":{"rendered":"<p>Dreiteilige Veranstaltungsreihe zu unterschiedlichen Perspektiven auf Sicherheit im urbanen Raum Ein dreiteilige Veranstaltungsreihe \u201eGemeinsam sicher in Oldenburg\u201c im Februar und M\u00e4rz greift Fragen zu den Themen Sicherheit, Unsicherheit und Schutzbed\u00fcrfnisse auf und l\u00e4dt dazu ein, Sicherheit aus unterschiedlichen Perspektiven zu beleuchten: analytisch, praktisch und k\u00fcnstlerisch. Ziel der Reihe ist es, einen offenen, respektvollen und anregenden Austausch zu erm\u00f6glichen, in dem verschiedene Erfahrungen, Sichtweisen und Meinungen nebeneinanderstehen und miteinander ins Gespr\u00e4ch kommen k\u00f6nnen. Die Veranstaltungen setzen jeweils eigene Zugangsm\u00f6glichkeiten und Schwerpunkte und innerhalb des Themas Sicherheit. Was bedeutet Sicherheit und wann f\u00fchlen wir uns sicher? Wie pr\u00e4gt das Sicherheitsgef\u00fchl den Blick&#8230;<\/p>\n","protected":false},"author":7,"featured_media":0,"comment_status":"false","ping_status":"open","sticky":false,"template":"","format":"standard","meta":{"footnotes":""},"categories":[43],"tags":[44],"class_list":["post-28060","post","type-post","status-publish","format-standard","hentry","category-kirche-oldenburg","tag-kirche-oldenburg"],"_links":{"self":[{"href":"https:\/\/christusnews.de\/site\/wp-json\/wp\/v2\/posts\/28060","targetHints":{"allow":["GET"]}}],"collection":[{"href":"https:\/\/christusnews.de\/site\/wp-json\/wp\/v2\/posts"}],"about":[{"href":"https:\/\/christusnews.de\/site\/wp-json\/wp\/v2\/types\/post"}],"author":[{"embeddable":true,"href":"https:\/\/christusnews.de\/site\/wp-json\/wp\/v2\/users\/7"}],"replies":[{"embeddable":true,"href":"https:\/\/christusnews.de\/site\/wp-json\/wp\/v2\/comments?post=28060"}],"version-history":[{"count":1,"href":"https:\/\/christusnews.de\/site\/wp-json\/wp\/v2\/posts\/28060\/revisions"}],"predecessor-version":[{"id":28061,"href":"https:\/\/christusnews.de\/site\/wp-json\/wp\/v2\/posts\/28060\/revisions\/28061"}],"wp:attachment":[{"href":"https:\/\/christusnews.de\/site\/wp-json\/wp\/v2\/media?parent=28060"}],"wp:term":[{"taxonomy":"category","embeddable":true,"href":"https:\/\/christusnews.de\/site\/wp-json\/wp\/v2\/categories?post=28060"},{"taxonomy":"post_tag","embeddable":true,"href":"https:\/\/christusnews.de\/site\/wp-json\/wp\/v2\/tags?post=28060"}],"curies":[{"name":"wp","href":"https:\/\/api.w.org\/{rel}","templated":true}]}}